{"id":6627,"date":"2025-09-20T07:00:00","date_gmt":"2025-09-20T05:00:00","guid":{"rendered":"https:\/\/standort-niederrhein.de\/?p=6627"},"modified":"2025-09-18T11:44:00","modified_gmt":"2025-09-18T09:44:00","slug":"ihk-empfaengt-delegation-aus-malaysia","status":"publish","type":"post","link":"https:\/\/standort-niederrhein.de\/en\/2025\/09\/20\/ihk-empfaengt-delegation-aus-malaysia\/","title":{"rendered":"IHK empf\u00e4ngt Delegation aus Malaysia"},"content":{"rendered":"\n<p><strong>Mittlerer Niederrhein.<\/strong> Die Industrie- und Handelskammer (IHK) Mittlerer Niederrhein hat eine Delegation aus Malaysia empfangen. Im Mittelpunkt des zweit\u00e4gigen Besuchs stand das deutsche System der dualen Berufsausbildung. Nach einem Rundgang durch die IHK in Krefeld besuchte die Gruppe den \u201ePop-Up-Store Ausbildung\u201c in der Krefelder Innenstadt. \u201eHier konnten sich die G\u00e4ste ein Bild von der Vielfalt der Ausbildungsberufe und dem Zusammenspiel von Theorie und Praxis machen\u201c, erkl\u00e4rt Nicole Linder, Bereichsleiterin Ausbildung der IHK Mittlerer Niederrhein.<\/p>\n\n\n\n<p>Anschlie\u00dfend stand ein Besuch des Berufskollegs Glockenspitz in Krefeld auf dem Programm. Dort erhielten die G\u00e4ste einen Einblick in den Unterrichtsalltag und die Verzahnung von Schule und Betrieb. Am zweiten Tag ging es f\u00fcr die Delegation zun\u00e4chst zur RAS SAAR GmbH am Flughafen M\u00f6nchengladbach, wo sie die Ausbildung von Flugger\u00e4temechanikerinnen und -mechanikern kennenlernte. Zum Abschluss besuchte die Gruppe die Firma Alimex in Willich.<\/p>\n\n\n\n<p>Quelle: <a href=\"https:\/\/mittlerer-niederrhein.ihk.de\/news\/detail\/ihk-empfaengt-delegation-aus-malaysia\">IHK Mittlerer Niederrhein<\/a><\/p>\n\n\n<figure class=\"wp-block-post-featured-image\"><img loading=\"lazy\" decoding=\"async\" width=\"1280\" height=\"925\" src=\"https:\/\/standort-niederrhein.de\/wp-content\/uploads\/2025\/09\/csm_2025_pm189_Delegation_Malaysia_b3c795cb98.jpg\" class=\"attachment-post-thumbnail size-post-thumbnail wp-post-image\" alt=\"\" style=\"object-fit:cover;\" srcset=\"https:\/\/standort-niederrhein.de\/wp-content\/uploads\/2025\/09\/csm_2025_pm189_Delegation_Malaysia_b3c795cb98.jpg 1280w, https:\/\/standort-niederrhein.de\/wp-content\/uploads\/2025\/09\/csm_2025_pm189_Delegation_Malaysia_b3c795cb98-980x708.jpg 980w, https:\/\/standort-niederrhein.de\/wp-content\/uploads\/2025\/09\/csm_2025_pm189_Delegation_Malaysia_b3c795cb98-480x347.jpg 480w\" sizes=\"(min-width: 0px) and (max-width: 480px) 480px, (min-width: 481px) and (max-width: 980px) 980px, (min-width: 981px) 1280px, 100vw\" \/><\/figure>\n\n\n<p>F\u00fcr die Delegation aus Malaysia stand auch ein Besuch des \u201eIHK Pop-Up-Store Ausbildung\u201c auf der Agenda. Ella Pauline Belz (l.) und Nicole Linder (M.) tauschten sich mit (v.l.) Azian Bin Hussain, Dr. Faizulizami Binti Osmin und Mohaizad bin Mohamad Daud rund um das Thema Duale Bildung aus. | Foto: IHK Mittlerer Niederrhein<\/p>\n","protected":false},"excerpt":{"rendered":"<p>Mittlerer Niederrhein. Die Industrie- und Handelskammer (IHK) Mittlerer Niederrhein hat eine Delegation aus Malaysia empfangen. Im Mittelpunkt des zweit\u00e4gigen Besuchs stand das deutsche System der dualen Berufsausbildung. Nach einem Rundgang durch die IHK in Krefeld besuchte die Gruppe den \u201ePop-Up-Store Ausbildung\u201c in der Krefelder Innenstadt. \u201eHier konnten sich die G\u00e4ste ein Bild von der Vielfalt [&hellip;]<\/p>\n","protected":false},"author":3,"featured_media":6628,"comment_status":"closed","ping_status":"closed","sticky":false,"template":"","format":"standard","meta":{"_et_pb_use_builder":"","_et_pb_old_content":"","_et_gb_content_width":"","footnotes":""},"categories":[1],"tags":[],"class_list":["post-6627","post","type-post","status-publish","format-standard","has-post-thumbnail","hentry","category-allgemein"],"_links":{"self":[{"href":"https:\/\/standort-niederrhein.de\/en\/wp-json\/wp\/v2\/posts\/6627","targetHints":{"allow":["GET"]}}],"collection":[{"href":"https:\/\/standort-niederrhein.de\/en\/wp-json\/wp\/v2\/posts"}],"about":[{"href":"https:\/\/standort-niederrhein.de\/en\/wp-json\/wp\/v2\/types\/post"}],"author":[{"embeddable":true,"href":"https:\/\/standort-niederrhein.de\/en\/wp-json\/wp\/v2\/users\/3"}],"replies":[{"embeddable":true,"href":"https:\/\/standort-niederrhein.de\/en\/wp-json\/wp\/v2\/comments?post=6627"}],"version-history":[{"count":1,"href":"https:\/\/standort-niederrhein.de\/en\/wp-json\/wp\/v2\/posts\/6627\/revisions"}],"predecessor-version":[{"id":6629,"href":"https:\/\/standort-niederrhein.de\/en\/wp-json\/wp\/v2\/posts\/6627\/revisions\/6629"}],"wp:featuredmedia":[{"embeddable":true,"href":"https:\/\/standort-niederrhein.de\/en\/wp-json\/wp\/v2\/media\/6628"}],"wp:attachment":[{"href":"https:\/\/standort-niederrhein.de\/en\/wp-json\/wp\/v2\/media?parent=6627"}],"wp:term":[{"taxonomy":"category","embeddable":true,"href":"https:\/\/standort-niederrhein.de\/en\/wp-json\/wp\/v2\/categories?post=6627"},{"taxonomy":"post_tag","embeddable":true,"href":"https:\/\/standort-niederrhein.de\/en\/wp-json\/wp\/v2\/tags?post=6627"}],"curies":[{"name":"wp","href":"https:\/\/api.w.org\/{rel}","templated":true}]}}