{"id":6607,"date":"2025-09-20T06:00:00","date_gmt":"2025-09-20T04:00:00","guid":{"rendered":"https:\/\/standort-niederrhein.de\/?p=6607"},"modified":"2025-09-17T11:32:49","modified_gmt":"2025-09-17T09:32:49","slug":"impuls-werk-ein-zuhause-fuer-start-ups-und-innovation","status":"publish","type":"post","link":"https:\/\/standort-niederrhein.de\/en\/2025\/09\/20\/impuls-werk-ein-zuhause-fuer-start-ups-und-innovation\/","title":{"rendered":"impuls.werk \u2013 ein Zuhause f\u00fcr Start-ups und Innovation"},"content":{"rendered":"\n<p><strong>Rhein-Kreis Neuss \/ Meerbusch. <\/strong>Der Rhein-Kreis Neuss hat sein Innovation Center, das die Wirtschaftsf\u00f6rderung des Rhein-Kreis Neuss seit August 2024 auf dem Areal B\u00f6hler betreibt, jetzt in \u201eimpuls.werk\u201c umbenannt. Somit passt es zur neuen Marke der Wirtschaftsf\u00f6rderung und des Wirtschaftsstandorts impuls.RheinKreisNeuss. Die Einrichtung auf dem Areal B\u00f6hler in Meerbusch ist seit \u00fcber einem Jahr ein zentraler Ort f\u00fcr unternehmerische Ideen, Zusammenarbeit und Zukunftsgestaltung. Sie richtet sich an Start-ups, Gr\u00fcndungsinteressierte und innovative Unternehmen und bietet ihnen nicht nur Arbeitspl\u00e4tze, sondern ein vollst\u00e4ndiges \u00d6kosystem zur Entwicklung und Skalierung ihrer Gesch\u00e4ftsmodelle. Interessierte k\u00f6nnen flexibel Arbeitspl\u00e4tze oder Fl\u00e4chen buchen zum Co-Working und Netzwerken sowie f\u00fcr Meetings, Workshops und Events.<\/p>\n\n\n\n<p>Das impuls.werk ist Teil des Wirtschaftsentwicklungskonzepts \u201eRKNextGen\u201c, das auf die aktuellen und zuk\u00fcnftigen Herausforderungen der regionalen Wirtschaft reagiert. Ziel ist es, eine moderne, agile und wirksame Wirtschaftsf\u00f6rderung zu etablieren, die Arbeitspl\u00e4tze sichert, Unternehmensansiedlungen unterst\u00fctzt und Fachkr\u00e4fte gewinnt. Ein besonderer Schwerpunkt liegt dabei auf der F\u00f6rderung junger, innovativer Unternehmen. Landrat Hans-J\u00fcrgen Petrauschke betont: \u201eWer heute in Start-ups investiert, leistet einen Beitrag f\u00fcr die zuk\u00fcnftige Wettbewerbsf\u00e4higkeit.\u201c<\/p>\n\n\n\n<p>Auf rund 650 Quadratmetern bietet das impuls.werk flexibel gestaltbare Open-Space-Arbeitspl\u00e4tze, m\u00f6blierte Einzelb\u00fcros, Meetingr\u00e4ume mit professioneller Ausstattung sowie einen gro\u00dfz\u00fcgigen Community- und Veranstaltungsbereich. Eine offene K\u00fcche und eine bewusst wohnliche Atmosph\u00e4re f\u00f6rdern den Austausch, die Kreativit\u00e4t und die Zusammenarbeit.<\/p>\n\n\n\n<p>\u201eZiel des Rhein-Kreises Neuss mit seiner Wirtschaftsf\u00f6rderung ist es, ein dynamisches Gr\u00fcndungs- und Innovation\u00f6kosystem im Rhein-Kreis Neuss zu entwickeln und wachsen zu lassen. Mit dem impuls.werk schlie\u00dfen wir nun eine vorhandene r\u00e4umliche L\u00fccke, wo Gr\u00fcndende und Innovatoren sich an einem Ort begegnen und Synergien schaffen\u201c, sagt Robert Abts, Leiter der Kreiswirtschaftsf\u00f6rderung. \u201eDas Zentrum ist nicht nur ein Arbeitsplatz, sondern auch eine Plattform f\u00fcr Netzwerke, Mentoring und gemeinsames Lernen.\u201c<\/p>\n\n\n\n<p>Eigene Veranstaltungsformate, Workshops und Programme wie das Start-up-F\u00f6rderprogramm \u201eaccelerate.RKN\u201c geben Gr\u00fcndenden praxisnahe Unterst\u00fctzung beim Aufbau ihrer Unternehmen.<\/p>\n\n\n\n<p>Bereits 15 vielversprechende Start-ups nutzen das impuls.werk. Darunter Cravies, die den Snackmarkt neu definieren m\u00f6chten, die M\u00e4nner-Kosmetikmarke MaleUp, die Plattform Mom.Career sowie Staltec, ein Start-up, das mit innovativen Oberfl\u00e4chenl\u00f6sungen die Lebensdauer von Industrieanlagen verl\u00e4ngert.<\/p>\n\n\n\n<p>\u201eDas impuls.werk ist weit mehr als ein Co-Working-Space \u2013 es ist die zentrale Anlaufstelle f\u00fcr Start-ups und Gr\u00fcndungsinteressierte im Rhein-Kreis Neuss und ein Ort, an dem Gemeinschaft und Synergien im Mittelpunkt stehen\u201c, sagt Melanie Witschel, Leiterin des impuls.werks.<\/p>\n\n\n\n<p>Quelle: <a href=\"http:\/\/www.rhein-kreis-neuss.de\">Rhein-Kreis Neuss<\/a><\/p>\n\n\n<figure class=\"wp-block-post-featured-image\"><img loading=\"lazy\" decoding=\"async\" width=\"1600\" height=\"1067\" src=\"https:\/\/standort-niederrhein.de\/wp-content\/uploads\/2025\/09\/1_DSC07911_1600px.jpg\" class=\"attachment-post-thumbnail size-post-thumbnail wp-post-image\" alt=\"\" style=\"object-fit:cover;\" srcset=\"https:\/\/standort-niederrhein.de\/wp-content\/uploads\/2025\/09\/1_DSC07911_1600px.jpg 1600w, https:\/\/standort-niederrhein.de\/wp-content\/uploads\/2025\/09\/1_DSC07911_1600px-1280x854.jpg 1280w, https:\/\/standort-niederrhein.de\/wp-content\/uploads\/2025\/09\/1_DSC07911_1600px-980x654.jpg 980w, https:\/\/standort-niederrhein.de\/wp-content\/uploads\/2025\/09\/1_DSC07911_1600px-480x320.jpg 480w\" sizes=\"(min-width: 0px) and (max-width: 480px) 480px, (min-width: 481px) and (max-width: 980px) 980px, (min-width: 981px) and (max-width: 1280px) 1280px, (min-width: 1281px) 1600px, 100vw\" \/><\/figure>\n\n\n<p>Zentrale Anlaufstelle f\u00fcr Start-ups und Gr\u00fcndungsinteressierte im Rhein-Kreis Neuss: das impuls.werk auf dem Areal B\u00f6hler | Foto: Rhein-Kreis Neuss<\/p>\n","protected":false},"excerpt":{"rendered":"<p>Rhein-Kreis Neuss \/ Meerbusch. Der Rhein-Kreis Neuss hat sein Innovation Center, das die Wirtschaftsf\u00f6rderung des Rhein-Kreis Neuss seit August 2024 auf dem Areal B\u00f6hler betreibt, jetzt in \u201eimpuls.werk\u201c umbenannt. Somit passt es zur neuen Marke der Wirtschaftsf\u00f6rderung und des Wirtschaftsstandorts impuls.RheinKreisNeuss. Die Einrichtung auf dem Areal B\u00f6hler in Meerbusch ist seit \u00fcber einem Jahr ein [&hellip;]<\/p>\n","protected":false},"author":3,"featured_media":6608,"comment_status":"closed","ping_status":"closed","sticky":false,"template":"","format":"standard","meta":{"_et_pb_use_builder":"","_et_pb_old_content":"","_et_gb_content_width":"","footnotes":""},"categories":[1],"tags":[],"class_list":["post-6607","post","type-post","status-publish","format-standard","has-post-thumbnail","hentry","category-allgemein"],"_links":{"self":[{"href":"https:\/\/standort-niederrhein.de\/en\/wp-json\/wp\/v2\/posts\/6607","targetHints":{"allow":["GET"]}}],"collection":[{"href":"https:\/\/standort-niederrhein.de\/en\/wp-json\/wp\/v2\/posts"}],"about":[{"href":"https:\/\/standort-niederrhein.de\/en\/wp-json\/wp\/v2\/types\/post"}],"author":[{"embeddable":true,"href":"https:\/\/standort-niederrhein.de\/en\/wp-json\/wp\/v2\/users\/3"}],"replies":[{"embeddable":true,"href":"https:\/\/standort-niederrhein.de\/en\/wp-json\/wp\/v2\/comments?post=6607"}],"version-history":[{"count":1,"href":"https:\/\/standort-niederrhein.de\/en\/wp-json\/wp\/v2\/posts\/6607\/revisions"}],"predecessor-version":[{"id":6609,"href":"https:\/\/standort-niederrhein.de\/en\/wp-json\/wp\/v2\/posts\/6607\/revisions\/6609"}],"wp:featuredmedia":[{"embeddable":true,"href":"https:\/\/standort-niederrhein.de\/en\/wp-json\/wp\/v2\/media\/6608"}],"wp:attachment":[{"href":"https:\/\/standort-niederrhein.de\/en\/wp-json\/wp\/v2\/media?parent=6607"}],"wp:term":[{"taxonomy":"category","embeddable":true,"href":"https:\/\/standort-niederrhein.de\/en\/wp-json\/wp\/v2\/categories?post=6607"},{"taxonomy":"post_tag","embeddable":true,"href":"https:\/\/standort-niederrhein.de\/en\/wp-json\/wp\/v2\/tags?post=6607"}],"curies":[{"name":"wp","href":"https:\/\/api.w.org\/{rel}","templated":true}]}}