{"id":6588,"date":"2025-09-18T06:00:00","date_gmt":"2025-09-18T04:00:00","guid":{"rendered":"https:\/\/standort-niederrhein.de\/?p=6588"},"modified":"2025-09-16T09:56:58","modified_gmt":"2025-09-16T07:56:58","slug":"fuenf-jahre-unternehmen-im-fluss-der-rhein-verbindet","status":"publish","type":"post","link":"https:\/\/standort-niederrhein.de\/en\/2025\/09\/18\/fuenf-jahre-unternehmen-im-fluss-der-rhein-verbindet\/","title":{"rendered":"F\u00fcnf Jahre \u201eUnternehmen im Fluss - Der Rhein verbindet\u201c"},"content":{"rendered":"\n<p>K\u00fcnstliche Intelligenz ist derzeit in aller Munde: KI ver\u00e4ndert Branchen, definiert unsere Arbeitsweise neu, und gestaltet unsere Zukunft um. Die Potenziale sind immens &#8211; sowohl im Positiven als auch im Herausfordernden.<\/p>\n\n\n\n<p>Grund genug f\u00fcr die Digitale Stadt D\u00fcsseldorf e.V. sich in der f\u00fcnften Auflage ihres beliebten Veranstaltungsformats \u201eUnternehmen im Fluss\u201c, in zwei hochkar\u00e4tig besetzten Diskussionsrunden dem allgegenw\u00e4rtigen Thema zu widmen &#8211; gemeinsam mit ihren Kooperationspartnern der RheinEnergie, der Unternehmerschaft D\u00fcsseldorf und Umgebung e.V., DIE FAMILIENUNTERNEHMER e.V. sowie dem Rhein-Kreis Neuss und dem Wasserstoff Hub RKN \/ Rheinland e.V.<\/p>\n\n\n\n<p>Die Keywords der Veranstaltung sprachen Thomas Jarzombek, Parlamentarischer Staatssekret\u00e4r beim Bundesminister f\u00fcr Digitales und Staatsmodernisierung und Andreas Feicht, CEO RheinEnergie. Jarzombek fragte: \u201eWas sind unsere Herausforderungen?\u201c, und er beantwortete seine Frage gleich selbst: \u201eViele Projekte von uns sind zu kompliziert. Wir m\u00fcssen zuk\u00fcnftig die Dinge einfacher machen, den Mut aufbringen, Entscheidungen zu f\u00e4llen und Priorisierungen vornehmen.\u201c Der Staatsminister nannte auch ein konkretes Beispiel: Ab 2027 brauche man kein Portemonnaie mehr. Denn: F\u00fchrerschein und Personalausweis w\u00fcrden digitalisiert vorliegen. Jarzombek gab aber auch zu bedenken, dass die Digitalisierung voraussetze, dass man einen Zugang zu ihr habe oder finde. Zudem versprach er, den Glasfaserausbau zu beschleunigen und den \u201e\u00fcbertriebenen Datenschutz\u201c abzubauen.<\/p>\n\n\n\n<p>Andreas Feicht wies in seinem Gru\u00dfwort daraufhin, dass Deutschland beim Thema Digitalisierung hinterherhinke und dringend Geschwindigkeit aufnehmen m\u00fcsste. Daf\u00fcr brauche man kosteng\u00fcnstige Energie. Sein Vorschlag: \u201eWir m\u00fcssen in diesem Bereich ganz pragmatisch auf Br\u00fcckentechniken setzen, damit wir keine digitale Kolonie werden.\u201c<\/p>\n\n\n\n<p>Nach den Gru\u00dfworten folgte die erste Diskussionsrunde mit dem Titel \u201eKI trifft Quantentechnologie\u201c. Auf dem Podium sa\u00dfen: Ina Brandes MdL, Ministerin f\u00fcr Kultur und Wissenschaft des Landes NRW, Astrid Lambrecht, Vorstandsvorsitzende des Forschungszentrums J\u00fclich und promovierte Quantenphysikerin, Klaus Kappen, CTO Rheinmetall und Susanne Fabry, Vorst\u00e4ndin der RheinEnergie, die das Panel moderierte. Astrid Lambrecht sprach \u00fcber Jupiter, den gerade in J\u00fclich frisch eingeweihten, viertschnellsten und energieeffizientesten Computer der Welt, und erkl\u00e4rte an einem Beispiel, was diesen Superrechner so besonders macht \u2013 seine Datenverarbeitungsgeschwindigkeit und Rechenpower. Ministerin Brandes erl\u00e4uterte, wie man von der Forschung in die Anwendung komme und dass der Rechner nach Anmeldung auch von Unternehmen benutzt werden k\u00f6nne. Der Computer erm\u00f6gliche enorme Fortschritte in Klima-, Energie- Medizin- und Materialforschung.<\/p>\n\n\n\n<p>Klaus Kappen, Rheinmetall, sagte, ohne Sicherheit sei alles nichts und dass er sich freue, dass das Thema \u201eSicherheit\u201c in der Bev\u00f6lkerung angekommen sei. Zudem wies er darauf hin, dass Rheinmetall sich gerade auch mit Verschl\u00fcsselungsverfahren von Daten besonders besch\u00e4ftige und Quantenalgorithmen f\u00fcr das Unternehmen eine gro\u00dfe Rolle spielen w\u00fcrden.<\/p>\n\n\n\n<p>Im zweiten von Karin-Brigitte G\u00f6bel (Sparkassenchefin a.D.) moderierten Panel diskutierten &#8211; unter dem Titel \u201eKI trifft Wirtschaft\u201c &#8211; Experten \u00fcber die Potenziale und Herausforderungen beim Zusammenspiel von K\u00fcnstlicher Intelligenz und Wirtschaft. Moderatorin Karin-Brigitte G\u00f6bel \u00fcberraschte mit der Auftaktfrage: \u201eHaben wir \u00fcberhaupt einen Plan?\u201c \u201eDie Chinesen schon\u201c, entgegnete Futurist Christoph G\u00fcmbel, Partner bei Future Matters AG. Martin Vesper, Chief Digital Officer des Lebensmittelkonzerns Pfeifer &amp; Langen hielt dagegen: \u201eWir haben mit Europa ein Powerhaus.\u201c Vesper f\u00fchrte aus: \u201eWir befinden uns in einer industriellen Revolution, das m\u00fcssen wir uns eingestehen\u201c, und prognostizierte: \u201eDie Zukunft wird so sein, dass jeder Prozess \u2013 gerade auch in der Landwirtschaft &#8211; hochgradig automatisiert sein wird.\u201c G\u00f6bel res\u00fcmierte: \u201eWir brauchen Entscheidungsf\u00e4higkeit und mehr Plan.\u201c Und \u201emehr Mut\u201c, erg\u00e4nzte Viacheslav Gromov, Gr\u00fcnder und Gesch\u00e4ftsf\u00fchrer von AITAD, einem erfolgreichen Start-up.<\/p>\n\n\n\n<p>Zum f\u00fcnften Jubil\u00e4um von \u201eUnternehmen im Fluss\u201c wurde ein Start-up Pitchwettbewerb in das beliebte Veranstaltungsformat integriert. In der Vorauswahl konnten sich drei Start-ups durchsetzen: neuland.ai, VitrafluidiX und Vivalyx.<br>Das Publikum w\u00e4hlte auf den ersten Platz das Start-up Vivalyx, pr\u00e4sentiert von Felix von Lendenfeld, Head of Clinical Affairs bei Vivalyx. Das Start-up bietet einen patentierten, vollst\u00e4ndig synthetischen und kosteng\u00fcnstigen Ersatz f\u00fcr Blut.<\/p>\n\n\n\n<p>Nach den \u00fcberaus spannenden und aufschlussreichen Podiumsdiskussionen und dem anschlie\u00dfenden Pitch hatten die Unternehmerinnen und Unternehmer Gelegenheit, sich \u2013 bei Speis und Trank &#8211; miteinander auszutauschen.<\/p>\n\n\n\n<p>An Bord waren u.a. Kristina Larischov\u00e1, Tschechische Generalkonsulin, Katalin Szab\u00f3, Vertreterin des Generalkonsulats von Ungarn in D\u00fcsseldorf, Nebojsa Tatomir, Generalkonsulat von Serbien, Peter Badge, Honorarkonsul von Timor-Leste, Bernd Petelkau, Aufsichtsratsvorsitzender der RheinEnergie AG, Dr. Dieter Ostermann, Vorstandsvorsitzender des Wasserstoff Hub RKN \/ Rheinland e. V., Katharina Leuffen, Gesch\u00e4ftsf\u00fchrerin Wasserstoff Hub RKN \/ Rheinland e. V., Christoph Sochart, Unternehmerschaft D\u00fcsseldorf und Umgebung e.V., Michael Gr\u00fctering, Unternehmerschaft D\u00fcsseldorf und Umgebung e.V., Hans-J\u00fcrgen Petrauschke, Landrat Rhein-Kreis Neuss, der ehemalige NRW-Innenminister Ingo Wolf, Judith Pirscher, Staatssekret\u00e4rin im Bundesministerium f\u00fcr Bildung und Forschung a.D., Peter Biesenbach, Minister der Justiz des Landes NRW a.D., David Z\u00fclow, NRW-Vorstand von DIE FAMILIENUNTERNEHMER, Olaf Ziegs, Regionalvorstand von DIE FAMILIENUNTERNEHMER, Christian Zaum, Wirtschaftsdezernent, der Stadt D\u00fcsseldorf, Dirk Br\u00fcgge, Kreisdirektor des Rhein-Kreises Neuss, u.a.<\/p>\n\n\n\n<p>Quelle: J\u00f6rg Schwarz<\/p>\n\n\n<figure class=\"wp-block-post-featured-image\"><img loading=\"lazy\" decoding=\"async\" width=\"2560\" height=\"1471\" src=\"https:\/\/standort-niederrhein.de\/wp-content\/uploads\/2025\/09\/100925_DigitaleStadt_-24-scaled.jpg\" class=\"attachment-post-thumbnail size-post-thumbnail wp-post-image\" alt=\"\" style=\"object-fit:cover;\" srcset=\"https:\/\/standort-niederrhein.de\/wp-content\/uploads\/2025\/09\/100925_DigitaleStadt_-24-scaled.jpg 2560w, https:\/\/standort-niederrhein.de\/wp-content\/uploads\/2025\/09\/100925_DigitaleStadt_-24-1280x736.jpg 1280w, https:\/\/standort-niederrhein.de\/wp-content\/uploads\/2025\/09\/100925_DigitaleStadt_-24-980x563.jpg 980w, https:\/\/standort-niederrhein.de\/wp-content\/uploads\/2025\/09\/100925_DigitaleStadt_-24-480x276.jpg 480w\" sizes=\"(min-width: 0px) and (max-width: 480px) 480px, (min-width: 481px) and (max-width: 980px) 980px, (min-width: 981px) and (max-width: 1280px) 1280px, (min-width: 1281px) 2560px, 100vw\" \/><\/figure>\n\n\n<p>Von links: Jutta Z\u00fclow, Vorstand der Z\u00fclow AG, Andreas Feicht, Vorstandsvorsitzender der RheinEnergie AG, Dirk Br\u00fcgge, Kreisdirektor Rhein-Kreis Neuss, David Z\u00fclow, NRW-Vorstand von DIE FAMILIENUNTERNEHMER, Nina Luig, Gesch\u00e4ftsf\u00fchrerin der KD und Stephan Schneider,\u00a0Vorstandsvorsitzender Digitale Stadt D\u00fcsseldorf | Foto: Karina Vilenskaja \u00a9 Digitale Stadt D\u00fcsseldorf<\/p>\n","protected":false},"excerpt":{"rendered":"<p>K\u00fcnstliche Intelligenz ist derzeit in aller Munde: KI ver\u00e4ndert Branchen, definiert unsere Arbeitsweise neu, und gestaltet unsere Zukunft um. Die Potenziale sind immens &#8211; sowohl im Positiven als auch im Herausfordernden. Grund genug f\u00fcr die Digitale Stadt D\u00fcsseldorf e.V. sich in der f\u00fcnften Auflage ihres beliebten Veranstaltungsformats \u201eUnternehmen im Fluss\u201c, in zwei hochkar\u00e4tig besetzten Diskussionsrunden [&hellip;]<\/p>\n","protected":false},"author":3,"featured_media":6589,"comment_status":"closed","ping_status":"closed","sticky":false,"template":"","format":"standard","meta":{"_et_pb_use_builder":"","_et_pb_old_content":"","_et_gb_content_width":"","footnotes":""},"categories":[1],"tags":[],"class_list":["post-6588","post","type-post","status-publish","format-standard","has-post-thumbnail","hentry","category-allgemein"],"_links":{"self":[{"href":"https:\/\/standort-niederrhein.de\/en\/wp-json\/wp\/v2\/posts\/6588","targetHints":{"allow":["GET"]}}],"collection":[{"href":"https:\/\/standort-niederrhein.de\/en\/wp-json\/wp\/v2\/posts"}],"about":[{"href":"https:\/\/standort-niederrhein.de\/en\/wp-json\/wp\/v2\/types\/post"}],"author":[{"embeddable":true,"href":"https:\/\/standort-niederrhein.de\/en\/wp-json\/wp\/v2\/users\/3"}],"replies":[{"embeddable":true,"href":"https:\/\/standort-niederrhein.de\/en\/wp-json\/wp\/v2\/comments?post=6588"}],"version-history":[{"count":1,"href":"https:\/\/standort-niederrhein.de\/en\/wp-json\/wp\/v2\/posts\/6588\/revisions"}],"predecessor-version":[{"id":6590,"href":"https:\/\/standort-niederrhein.de\/en\/wp-json\/wp\/v2\/posts\/6588\/revisions\/6590"}],"wp:featuredmedia":[{"embeddable":true,"href":"https:\/\/standort-niederrhein.de\/en\/wp-json\/wp\/v2\/media\/6589"}],"wp:attachment":[{"href":"https:\/\/standort-niederrhein.de\/en\/wp-json\/wp\/v2\/media?parent=6588"}],"wp:term":[{"taxonomy":"category","embeddable":true,"href":"https:\/\/standort-niederrhein.de\/en\/wp-json\/wp\/v2\/categories?post=6588"},{"taxonomy":"post_tag","embeddable":true,"href":"https:\/\/standort-niederrhein.de\/en\/wp-json\/wp\/v2\/tags?post=6588"}],"curies":[{"name":"wp","href":"https:\/\/api.w.org\/{rel}","templated":true}]}}