{"id":6570,"date":"2025-09-14T07:00:00","date_gmt":"2025-09-14T05:00:00","guid":{"rendered":"https:\/\/standort-niederrhein.de\/?p=6570"},"modified":"2025-09-15T11:39:01","modified_gmt":"2025-09-15T09:39:01","slug":"ministerpraesident-wuest-besucht-landwirtschaftsbetriebe-im-land","status":"publish","type":"post","link":"https:\/\/standort-niederrhein.de\/en\/2025\/09\/14\/ministerpraesident-wuest-besucht-landwirtschaftsbetriebe-im-land\/","title":{"rendered":"Ministerpr\u00e4sident W\u00fcst besucht Landwirtschaftsbetriebe im Land"},"content":{"rendered":"\n<p><strong>NRW\/ Niederrhein.<\/strong> Ministerpr\u00e4sident Hendrik W\u00fcst nahm mehrere Termine in Nordrhein-Westfalen zum Thema Landwirtschaft wahr. In Gespr\u00e4chen und Begegnungen wollte er sich einen Eindruck von aktuellen Projekten und Herausforderungen machen. Im Fokus des Tages standen die zentralen Themen innovative Technologien und KI in der Landwirtschaft, Anbau und Verarbeitung, Neuausrichtung durch Hofnachfolge sowie Tierwohl und Ausbildungskonzepte. Zum Abschluss des Tages hatte die Landesregierung Engagierte aus der Landwirtschaft nach Oelde zu einem Erntedankempfang eingeladen. Ministerpr\u00e4sident Hendrik W\u00fcst wurde bei einigen Terminen von Landwirtschafts- und Verbraucherschutzministerin Silke Gori\u00dfen begleitet.<\/p>\n\n\n\n<p>Ministerpr\u00e4sident Hendrik W\u00fcst: \u201eUnsere Landwirtinnen und Landwirte sichern jeden Tag mit harter Arbeit unser aller Existenzgrundlage. F\u00fcr mich ist klar: Die Politik muss daf\u00fcr sorgen, dass Landwirtschaft auch in Zukunft stark bleibt. Wir setzen uns mit Nachdruck f\u00fcr Planungssicherheit ein und f\u00f6rdern Innovationen f\u00fcr eine nachhaltige Zukunft unserer Agrarbranche. F\u00fcr die Landesregierung ist unsere heimische Landwirtschaft ein starker und verl\u00e4sslicher Partner \u2013 auch mit Blick auf aktuelle Herausforderungen und Chancen: der Einsatz von KI, Hofnachfolge und Tierwohl. Unser Ziel muss sein: Wir m\u00fcssen, auch gerade f\u00fcr junge Menschen, gemeinsam verl\u00e4ssliche Rahmenbedingungen schaffen, damit sie sich auch in Zukunft f\u00fcr diese wichtigen Aufgabe entscheiden.\u201d<\/p>\n\n\n\n<p>\u201eDie rund 33.000 landwirtschaftlichen Betriebe in Nordrhein-Westfalen leisten mit ihrer t\u00e4glichen Arbeit einen wichtigen Beitrag zur Lebensmittelversorgung f\u00fcr 18 Millionen Verbraucherinnen und Verbraucher. Zudem engagieren sich die B\u00e4uerinnen und Bauern f\u00fcr Landschaft, Artenvielfalt und Umwelt\u201c, so Landwirtschaftsministerin Silke Gori\u00dfen. \u201eDie Landwirtschaft in Deutschland und in Nordrhein-Westfalen geh\u00f6rt zu den besten der Welt und das soll auch so bleiben. Unsere Betriebe brauchen Entlastungen von B\u00fcrokratie und mehr Planungssicherheit. Hierf\u00fcr mache ich mich auch auf der Bundes- und EU-Ebene stark, damit unsere Landwirtinnen und Landwirte gerne in die Zukunft ihrer Betriebe investieren. Einen besonderen Schwerpunkt setze ich auf die Ausgestaltung der Gemeinsamen Agrarpolitik der Europ\u00e4ischen Union, denn sie hat unmittelbaren Einfluss auf die Stabilit\u00e4t unserer Betriebe.\u201c<\/p>\n\n\n\n<p><strong>Besuch Lemken GmbH &amp; Co. KG in Alpen<\/strong><br>Zum Start des Tages besuchte Ministerpr\u00e4sident Hendrik W\u00fcst das Traditionsunternehmen Lemken in Alpen im Kreis Wesel. Der Familienbetrieb in siebter Generation ist weltweiter Produzent von Landmaschinen wie Pfl\u00fcgen oder S\u00e4technik. Lemken setzt verst\u00e4rkt auf KI-gest\u00fctzte L\u00f6sungen f\u00fcr automatisierte und autonome Landtechnik, um langfristig erfolgreiche ressourcenschonende und \u00f6konomische L\u00f6sungen f\u00fcr Landwirte zu schaffen. Das Familienunternehmen hatte 2024 einen Jahresumsatz von 417 Millionen Euro und besch\u00e4ftigt aktuell 1.950 Mitarbeiter weltweit, 1.200 davon am Stammsitz in Alpen.\u00a0<\/p>\n\n\n\n<p><strong>Besuch Pfeifer &amp; Langen GmbH &amp; Co. KG in Appeldorn<\/strong><br>In Nordrhein-Westfalen bauen etwa 3.600 landwirtschaftliche Betriebe Zuckerr\u00fcben an. Die Anbaufl\u00e4che liegt bei rund 50.000 Hektar. Im Kreis Kleve hat Ministerpr\u00e4sident W\u00fcst zun\u00e4chst Landwirt Karl Baumann bei der Zuckerr\u00fcbenernte getroffen und anschlie\u00dfend das Unternehmen Pfeifer &amp; Langen in Appeldorn besucht.<\/p>\n\n\n\n<p>Pfeifer &amp; Langen verarbeitet in diesem Jahr ab dem 15. September 2025 rund um die Uhr R\u00fcben aus dem rheinischen Anbaugebiet. Der Betrieb l\u00e4uft ohne Unterbrechung, da der Rohstoff nur begrenzt lagerf\u00e4hig ist und die technologische Zuckergewinnung keine Unterbrechung vertr\u00e4gt. Im Mittelpunkt steht die Herstellung von R\u00fcbenzucker aus der Region. Pfeifer &amp; Langen ist einer der f\u00fchrenden Zuckerhersteller Europas. Das Familienunternehmen ist mit 25 Standorten in neun europ\u00e4ischen L\u00e4ndern vertreten.<\/p>\n\n\n\n<p><strong>Besuch des \u201eStalls der Zukunft\u201c in Bad Sassendorf<\/strong><br>Mehr Platz, mehr Licht, mehr Tierwohl: So sieht der \u201eStall der Zukunft\u201c aus. Im Versuchs- und Bildungszentrum Landwirtschaft Haus D\u00fcsse testet die Landwirtschaftskammer Nordrhein-Westfalen zukunftsorientierte Konzepte f\u00fcr die Nutztierhaltung. Ministerpr\u00e4sident Hendrik W\u00fcst und Ministerin Silke Gori\u00dfen besuchen die Stallungen und informieren sich \u00fcber das praxisnahe und bundesweit einzigartige Projekt. Die Landesregierung hat den Bau mit 3,9 Millionen Euro unterst\u00fctzt.<\/p>\n\n\n\n<p>Die Schweine werden in zwei unterschiedlichen Modell-St\u00e4llen gehalten: in der sogenannten \u201eevolution\u00e4ren\u201c Weiterentwicklung eines Maststalls mit Au\u00dfenklimakontakt f\u00fcr Schweine mit bis zu 400 Mastpl\u00e4tzen und in einem \u201erevolution\u00e4ren\u201c Haltungssystem mit bis zu 270 Schweinemastpl\u00e4tzen, um Tieren noch mehr Platz zur Bewegung und in einem Auslauf zu geben.<\/p>\n\n\n\n<p><strong>Erntedankempfang der Landesregierung in Oelde<\/strong><br>Am Abend haben Ministerpr\u00e4sident Hendrik W\u00fcst und Ministerin Silke Gori\u00dfen Engagierten aus der Landwirtschaft zu einem Erntedankempfang der Landesregierung eingeladen. Der Empfang fand in Haus Geist in Oelde statt. Seit 1884 bewirtschaftet die Familie Pellengahr-Gr\u00f6blinghoff die historische Hofanlage Geist und umliegenden Fl\u00e4chen in Oelde. Der Fokus liegt auf hochwertigem Pferdefutter, der nachhaltigen Bewirtschaftung der Acker- und Gr\u00fcnlandfl\u00e4chen und der Ausrichtung von Veranstaltungen. Der Familienbetrieb wird bereits in der f\u00fcnften Generation bewirtschaftet.<\/p>\n\n\n\n<p>Quelle: <a href=\"https:\/\/www.land.nrw\/pressemitteilung\/ministerpraesident-hendrik-wuest-besucht-landwirtschaftsbetriebe-im-land\">Land NRW<\/a><\/p>\n\n\n<figure class=\"wp-block-post-featured-image\"><img loading=\"lazy\" decoding=\"async\" width=\"1900\" height=\"1302\" src=\"https:\/\/standort-niederrhein.de\/wp-content\/uploads\/2025\/09\/005_landwirtschaftsbetriebe_12.09.2025_-foto-land-nrw-bernd-thissen.jpg\" class=\"attachment-post-thumbnail size-post-thumbnail wp-post-image\" alt=\"\" style=\"object-fit:cover;\" srcset=\"https:\/\/standort-niederrhein.de\/wp-content\/uploads\/2025\/09\/005_landwirtschaftsbetriebe_12.09.2025_-foto-land-nrw-bernd-thissen.jpg 1900w, https:\/\/standort-niederrhein.de\/wp-content\/uploads\/2025\/09\/005_landwirtschaftsbetriebe_12.09.2025_-foto-land-nrw-bernd-thissen-1280x877.jpg 1280w, https:\/\/standort-niederrhein.de\/wp-content\/uploads\/2025\/09\/005_landwirtschaftsbetriebe_12.09.2025_-foto-land-nrw-bernd-thissen-980x672.jpg 980w, https:\/\/standort-niederrhein.de\/wp-content\/uploads\/2025\/09\/005_landwirtschaftsbetriebe_12.09.2025_-foto-land-nrw-bernd-thissen-480x329.jpg 480w\" sizes=\"(min-width: 0px) and (max-width: 480px) 480px, (min-width: 481px) and (max-width: 980px) 980px, (min-width: 981px) and (max-width: 1280px) 1280px, (min-width: 1281px) 1900px, 100vw\" \/><\/figure>\n\n\n<p>Besuch Lemken GmbH &amp; Co. KG in Alpen | Foto: Land NRW \/ Bernd Thissen<\/p>\n","protected":false},"excerpt":{"rendered":"<p>NRW\/ Niederrhein. Ministerpr\u00e4sident Hendrik W\u00fcst nahm mehrere Termine in Nordrhein-Westfalen zum Thema Landwirtschaft wahr. In Gespr\u00e4chen und Begegnungen wollte er sich einen Eindruck von aktuellen Projekten und Herausforderungen machen. Im Fokus des Tages standen die zentralen Themen innovative Technologien und KI in der Landwirtschaft, Anbau und Verarbeitung, Neuausrichtung durch Hofnachfolge sowie Tierwohl und Ausbildungskonzepte. Zum [&hellip;]<\/p>\n","protected":false},"author":3,"featured_media":6571,"comment_status":"closed","ping_status":"closed","sticky":false,"template":"","format":"standard","meta":{"_et_pb_use_builder":"","_et_pb_old_content":"","_et_gb_content_width":"","footnotes":""},"categories":[1],"tags":[],"class_list":["post-6570","post","type-post","status-publish","format-standard","has-post-thumbnail","hentry","category-allgemein"],"_links":{"self":[{"href":"https:\/\/standort-niederrhein.de\/en\/wp-json\/wp\/v2\/posts\/6570","targetHints":{"allow":["GET"]}}],"collection":[{"href":"https:\/\/standort-niederrhein.de\/en\/wp-json\/wp\/v2\/posts"}],"about":[{"href":"https:\/\/standort-niederrhein.de\/en\/wp-json\/wp\/v2\/types\/post"}],"author":[{"embeddable":true,"href":"https:\/\/standort-niederrhein.de\/en\/wp-json\/wp\/v2\/users\/3"}],"replies":[{"embeddable":true,"href":"https:\/\/standort-niederrhein.de\/en\/wp-json\/wp\/v2\/comments?post=6570"}],"version-history":[{"count":1,"href":"https:\/\/standort-niederrhein.de\/en\/wp-json\/wp\/v2\/posts\/6570\/revisions"}],"predecessor-version":[{"id":6572,"href":"https:\/\/standort-niederrhein.de\/en\/wp-json\/wp\/v2\/posts\/6570\/revisions\/6572"}],"wp:featuredmedia":[{"embeddable":true,"href":"https:\/\/standort-niederrhein.de\/en\/wp-json\/wp\/v2\/media\/6571"}],"wp:attachment":[{"href":"https:\/\/standort-niederrhein.de\/en\/wp-json\/wp\/v2\/media?parent=6570"}],"wp:term":[{"taxonomy":"category","embeddable":true,"href":"https:\/\/standort-niederrhein.de\/en\/wp-json\/wp\/v2\/categories?post=6570"},{"taxonomy":"post_tag","embeddable":true,"href":"https:\/\/standort-niederrhein.de\/en\/wp-json\/wp\/v2\/tags?post=6570"}],"curies":[{"name":"wp","href":"https:\/\/api.w.org\/{rel}","templated":true}]}}