{"id":6566,"date":"2025-09-17T07:00:00","date_gmt":"2025-09-17T05:00:00","guid":{"rendered":"https:\/\/standort-niederrhein.de\/?p=6566"},"modified":"2025-09-15T11:24:04","modified_gmt":"2025-09-15T09:24:04","slug":"kreis-machte-die-innovationskraft-der-region-sichtbar","status":"publish","type":"post","link":"https:\/\/standort-niederrhein.de\/en\/2025\/09\/17\/kreis-machte-die-innovationskraft-der-region-sichtbar\/","title":{"rendered":"Kreis machte die Innovationskraft der Region sichtbar"},"content":{"rendered":"\n<p><strong>Rhein-Kreis Neuss.<\/strong> Das \u201eFuture Tech Fest\u201c auf dem Areal B\u00f6hler in Meerbusch hat erneut seine Rolle als wichtiges Event f\u00fcr Innovationen in Nordrhein-Westfalen best\u00e4tigt. Die Wirtschaftsf\u00f6rderung des Rhein-Kreises Neuss nutzte die gut besuchte Veranstaltung erfolgreich, um Gr\u00fcnder, Unternehmen und Partner zu st\u00e4rken und die Innovationskraft der Region sichtbar zu machen.<\/p>\n\n\n\n<p>\u201eDas ,Future Tech Fest\u00b4 passt bestens zu uns: Hier kommen Innovationskraft, Start-ups und eine starke Wirtschaft zusammen. Hier wird Zukunft gestaltet, und hier werden Erfolgsgeschichten geschrieben\u201c, so Landrat Hans-J\u00fcrgen Petrauschke in seiner Begr\u00fc\u00dfung. Der Rhein-Kreis Neuss unterst\u00fctze die Veranstaltung aus voller \u00dcberzeugung. Und das gelte auch f\u00fcr den Digihub D\u00fcsseldorf\/Rheinland, zu dessen Gr\u00fcndungsgesellschaftern man geh\u00f6re. \u201eUns ist es ein gro\u00dfes Anliegen, die Gr\u00fcnderszene mit umfassenden Angeboten zu st\u00e4rken, Akteure zu vernetzen und dazu beizutragen, die Potenziale neuer Gesch\u00e4ftsmodelle zu heben und ihre Entfaltung zu erm\u00f6glichen\u201c, begr\u00fcndete Petrauschke das Engagement.<\/p>\n\n\n\n<p>Die Kreiswirtschaftsf\u00f6rderung war mit einem 30 Quadratmeter gro\u00dfen Stand vertreten und pr\u00e4sentierte den Kreis als zentrale Anlaufstelle f\u00fcr Unternehmen und Start-ups. Gemeinsam mit der RWE Power AG als Partner wurde erstmals das neue F\u00f6rderprogramm \u201eAccelerate Power\u201c vorgestellt. Dar\u00fcber hinaus zeigte der Rhein-Kreis Neuss sein \u201einno.center RKN\u201c, das moderne Arbeitspl\u00e4tze, Meetingr\u00e4ume und Eventfl\u00e4chen bietet. Acht Start-ups von Rhein, Erft und Gillbach \u2013 Chargeunity, Femosos, Flaiu, KeraBatt, Kurskontrolle, KoaVie, Staltec und Zestum \u2013 pr\u00e4sentierten ihre Innovationen und nutzten die Gelegenheit zum Kontaktekn\u00fcpfen mit mehr als 5000 Besucherinnen und Besuchern, unter denen auch Meerbuschs B\u00fcrgermeister Christian Bommers war.<\/p>\n\n\n\n<p>Das \u201eFuture Tech Fest\u201c hat l\u00e4ngst internationale Strahlkraft und brachte wieder Gr\u00fcnder, Entscheider und Investoren zusammen. Es bot \u00fcber 300 Tech-Start-ups eine B\u00fchne, um neueste Technologien und Deep-Tech-Innovationen zu pr\u00e4sentieren. Im Blickpunkt standen GreenTech, FinTech, Security, HealthTech und Smart Manufacturing. Hochkar\u00e4tige Redner wie Tina M\u00fcller (CEO Weleda AG), Sebastian Dettmers (CEO Stepstone Group) und Personal-Branding-Expertin Christina Richter sorgten f\u00fcr ein inspirierendes B\u00fchnenprogramm.<\/p>\n\n\n\n<p>Quelle: <a href=\"http:\/\/www.rhein-kreis-neuss.de\">Rhein-Kreis Neuss<\/a><\/p>\n\n\n<figure class=\"wp-block-post-featured-image\"><img loading=\"lazy\" decoding=\"async\" width=\"2560\" height=\"1534\" src=\"https:\/\/standort-niederrhein.de\/wp-content\/uploads\/2025\/09\/DSC_1663-2-1-scaled.jpg\" class=\"attachment-post-thumbnail size-post-thumbnail wp-post-image\" alt=\"\" style=\"object-fit:cover;\" srcset=\"https:\/\/standort-niederrhein.de\/wp-content\/uploads\/2025\/09\/DSC_1663-2-1-scaled.jpg 2560w, https:\/\/standort-niederrhein.de\/wp-content\/uploads\/2025\/09\/DSC_1663-2-1-1280x767.jpg 1280w, https:\/\/standort-niederrhein.de\/wp-content\/uploads\/2025\/09\/DSC_1663-2-1-980x587.jpg 980w, https:\/\/standort-niederrhein.de\/wp-content\/uploads\/2025\/09\/DSC_1663-2-1-480x288.jpg 480w\" sizes=\"(min-width: 0px) and (max-width: 480px) 480px, (min-width: 481px) and (max-width: 980px) 980px, (min-width: 981px) and (max-width: 1280px) 1280px, (min-width: 1281px) 2560px, 100vw\" \/><\/figure>\n\n\n<p>\u201eFuture Tech Fest\u201c: Landrat Hans-J\u00fcrgen Petrauschke, Meerbuschs B\u00fcrgermeister Christian Bommers, das Team der Kreiswirtschaftsf\u00f6rderung, Start-up-Vertreter aus dem Kreis sowie Repr\u00e4sentanten von RWE, Digihub und anderen Partnern. | Foto: Rhein-Kreis Neuss<\/p>\n","protected":false},"excerpt":{"rendered":"<p>Rhein-Kreis Neuss. Das \u201eFuture Tech Fest\u201c auf dem Areal B\u00f6hler in Meerbusch hat erneut seine Rolle als wichtiges Event f\u00fcr Innovationen in Nordrhein-Westfalen best\u00e4tigt. Die Wirtschaftsf\u00f6rderung des Rhein-Kreises Neuss nutzte die gut besuchte Veranstaltung erfolgreich, um Gr\u00fcnder, Unternehmen und Partner zu st\u00e4rken und die Innovationskraft der Region sichtbar zu machen. \u201eDas ,Future Tech Fest\u00b4 passt [&hellip;]<\/p>\n","protected":false},"author":3,"featured_media":6568,"comment_status":"closed","ping_status":"closed","sticky":false,"template":"","format":"standard","meta":{"_et_pb_use_builder":"","_et_pb_old_content":"","_et_gb_content_width":"","footnotes":""},"categories":[1],"tags":[],"class_list":["post-6566","post","type-post","status-publish","format-standard","has-post-thumbnail","hentry","category-allgemein"],"_links":{"self":[{"href":"https:\/\/standort-niederrhein.de\/en\/wp-json\/wp\/v2\/posts\/6566","targetHints":{"allow":["GET"]}}],"collection":[{"href":"https:\/\/standort-niederrhein.de\/en\/wp-json\/wp\/v2\/posts"}],"about":[{"href":"https:\/\/standort-niederrhein.de\/en\/wp-json\/wp\/v2\/types\/post"}],"author":[{"embeddable":true,"href":"https:\/\/standort-niederrhein.de\/en\/wp-json\/wp\/v2\/users\/3"}],"replies":[{"embeddable":true,"href":"https:\/\/standort-niederrhein.de\/en\/wp-json\/wp\/v2\/comments?post=6566"}],"version-history":[{"count":1,"href":"https:\/\/standort-niederrhein.de\/en\/wp-json\/wp\/v2\/posts\/6566\/revisions"}],"predecessor-version":[{"id":6569,"href":"https:\/\/standort-niederrhein.de\/en\/wp-json\/wp\/v2\/posts\/6566\/revisions\/6569"}],"wp:featuredmedia":[{"embeddable":true,"href":"https:\/\/standort-niederrhein.de\/en\/wp-json\/wp\/v2\/media\/6568"}],"wp:attachment":[{"href":"https:\/\/standort-niederrhein.de\/en\/wp-json\/wp\/v2\/media?parent=6566"}],"wp:term":[{"taxonomy":"category","embeddable":true,"href":"https:\/\/standort-niederrhein.de\/en\/wp-json\/wp\/v2\/categories?post=6566"},{"taxonomy":"post_tag","embeddable":true,"href":"https:\/\/standort-niederrhein.de\/en\/wp-json\/wp\/v2\/tags?post=6566"}],"curies":[{"name":"wp","href":"https:\/\/api.w.org\/{rel}","templated":true}]}}