{"id":6560,"date":"2025-09-16T07:00:00","date_gmt":"2025-09-16T05:00:00","guid":{"rendered":"https:\/\/standort-niederrhein.de\/?p=6560"},"modified":"2025-09-15T11:39:31","modified_gmt":"2025-09-15T09:39:31","slug":"baugenehmigung-fuer-rathaus-neubau-erteilt","status":"publish","type":"post","link":"https:\/\/standort-niederrhein.de\/en\/2025\/09\/16\/baugenehmigung-fuer-rathaus-neubau-erteilt\/","title":{"rendered":"Baugenehmigung f\u00fcr Rathaus-Neubau erteilt"},"content":{"rendered":"\n<p><strong>M\u00f6nchengladbach.<\/strong> Im Dezember 2024 hat der Rat den Bau- und Investitionsbeschluss f\u00fcr ein Neues Verwaltungsgeb\u00e4ude Rheydt gefasst und politisch den Weg f\u00fcr das Gro\u00dfvorhaben freigemacht. Nun ist auch der im Mai eingereichte Bauantrag f\u00fcr das Projekt genehmigt worden &#8211; und damit die letzte planungsrechtliche H\u00fcrde genommen. Jetzt hat die st\u00e4dtische Bauordnung die Genehmigung f\u00fcr das gesamte Gro\u00dfprojekt im Herzen Rheydts an die Projektverantwortlichen \u00fcbergeben.<\/p>\n\n\n\n<p>Ebenso wie gewerbliche Investoren oder private H\u00e4uslebauer muss auch die Stadtverwaltung ihre Bauvorhaben genehmigen lassen. Die Einhaltung baurechtlicher Vorschriften muss nachgewiesen, Gutachten m\u00fcssen beigebracht und Pl\u00e4ne \u00fcberpr\u00fcft werden. Bei einem Gro\u00dfprojekt wie dem Rathausneubau ist das entsprechend komplex. Deswegen waren es auch ordnerweise Unterlagen, die die eigenbetriebs\u00e4hnliche Einrichtung Neues Verwaltungsgeb\u00e4ude Rheydt (NVR) und das mit der Planung beauftragte B\u00fcro sop Architekten Ende Mai bei der Bauordnung einreichten.<\/p>\n\n\n\n<p>Die Technische Beigeordnete Claudia Schwan-Schmitz freut sich \u00fcber die z\u00fcgigen Fortschritte: &#8220;In vier Monaten vom Bauantrag zur Baugenehmigung, und das bei einem so anspruchsvollen und gro\u00dfen Bauvorhaben \u2013 das geht nur, wenn die beteiligten Stellen innerhalb der Verwaltung hoch engagiert und stets l\u00f6sungsorientiert auf ein gemeinsames Ziel hinarbeiten. Ich danke allen Kolleginnen und Kollegen und auch dem Architekturb\u00fcro f\u00fcr den gro\u00dfartigen Einsatz.&#8221;<\/p>\n\n\n\n<p>Oberb\u00fcrgermeister Felix Heinrichs erg\u00e4nzt: &#8220;Nach dem Neustart des Rathaus-Projektes in 2023 haben wir mit dem angepassten Konzept in hohem Tempo H\u00fcrde f\u00fcr H\u00fcrde genommen. Mit der Baugenehmigung ist nun endg\u00fcltig klar: Wir haben einen gangbaren Weg gefunden!&#8221; Erste R\u00fcckbauarbeiten im Innern sind im Bereich der Stresemannstra\u00dfe bereits angelaufen. Schon im Oktober sollen dort auch erste Geb\u00e4udeh\u00fcllen abgebrochen werden. Von dieser Seite aus arbeiten sich die R\u00fcckbauarbeiten dann bis an die Marktseite vor. Die Rohbauarbeiten f\u00fcr den Neubau k\u00f6nnen 2026 beginnen.<\/p>\n\n\n\n<p><strong>\u00dcber das Neue Verwaltungsgeb\u00e4ude Rheydt<\/strong><br>Die Bauarbeiten f\u00fcr Bauteil A des Neuen Verwaltungsgeb\u00e4udes Rheydt umfassen das Karree zwischen Limitenstra\u00dfe und der Gasse Am Neumarkt sowie zwischen Marktplatz und Stresemannstra\u00dfe. Hier entsteht rund um die denkmalgesch\u00fctzten Geb\u00e4ude des historischen Rathauses und des ehemaligen k\u00f6niglich preu\u00dfischen Bezirkskommandos ein moderner Verwaltungsstandort mitten im Herzen von Rheydt. Der Neubau wird nach den Ma\u00dfst\u00e4ben des gesunden und nachhaltigen Bauens errichtet und bietet mit ca. 600 Schreibtischen Platz f\u00fcr bis zu 850 Besch\u00e4ftigte. Zentrales Element des Neubaus ist die zweist\u00f6ckige B\u00fcrgerhalle, die das Geb\u00e4ude zwischen den beiden Denkm\u00e4lern zum Markt hin \u00f6ffnet und den neuen gl\u00e4sernen Haupteingang bildet. F\u00fcr das Projekt sind rund 120 Millionen Euro inkl. Planungskosten veranschlagt. Die Bauarbeiten dauern mindestens bis 2029.<\/p>\n\n\n\n<p>Quelle: <a href=\"http:\/\/www.moenchengladbach.de\">Stadt M\u00f6nchengladbach<\/a><\/p>\n\n\n<figure class=\"wp-block-post-featured-image\"><img loading=\"lazy\" decoding=\"async\" width=\"1000\" height=\"666\" src=\"https:\/\/standort-niederrhein.de\/wp-content\/uploads\/2025\/09\/306100P.jpg\" class=\"attachment-post-thumbnail size-post-thumbnail wp-post-image\" alt=\"\" style=\"object-fit:cover;\" srcset=\"https:\/\/standort-niederrhein.de\/wp-content\/uploads\/2025\/09\/306100P.jpg 1000w, https:\/\/standort-niederrhein.de\/wp-content\/uploads\/2025\/09\/306100P-980x653.jpg 980w, https:\/\/standort-niederrhein.de\/wp-content\/uploads\/2025\/09\/306100P-480x320.jpg 480w\" sizes=\"(min-width: 0px) and (max-width: 480px) 480px, (min-width: 481px) and (max-width: 980px) 980px, (min-width: 981px) 1000px, 100vw\" \/><\/figure>\n\n\n<p>Nach nur vier Monaten konnte die Baugenehmigung \u00fcberreicht werden. Daran haben auf unterschiedlichen Ebenen unter anderem mitgewirkt (v.l.) Alexander Vogel (Leiter NVR), Vera Tolo (Referentin des OB), Laetitia Cen und Tabea Oppolzer (beide sop Architekten), Bastian Dormels (Bauordnung), Claudia Schwan-Schmitz (Technische Beigeordnete), Philipp Klein und Thijs Storms (beide Bauordnung), Miriam ten Busch (Leiterin Bauordnung und Denkmalschutz) und Oberb\u00fcrgermeister Felix Heinrichs. | Foto: Stadt M\u00f6nchengladbach<\/p>\n","protected":false},"excerpt":{"rendered":"<p>M\u00f6nchengladbach. Im Dezember 2024 hat der Rat den Bau- und Investitionsbeschluss f\u00fcr ein Neues Verwaltungsgeb\u00e4ude Rheydt gefasst und politisch den Weg f\u00fcr das Gro\u00dfvorhaben freigemacht. Nun ist auch der im Mai eingereichte Bauantrag f\u00fcr das Projekt genehmigt worden &#8211; und damit die letzte planungsrechtliche H\u00fcrde genommen. Jetzt hat die st\u00e4dtische Bauordnung die Genehmigung f\u00fcr das [&hellip;]<\/p>\n","protected":false},"author":3,"featured_media":6561,"comment_status":"closed","ping_status":"closed","sticky":false,"template":"","format":"standard","meta":{"_et_pb_use_builder":"","_et_pb_old_content":"","_et_gb_content_width":"","footnotes":""},"categories":[1],"tags":[],"class_list":["post-6560","post","type-post","status-publish","format-standard","has-post-thumbnail","hentry","category-allgemein"],"_links":{"self":[{"href":"https:\/\/standort-niederrhein.de\/en\/wp-json\/wp\/v2\/posts\/6560","targetHints":{"allow":["GET"]}}],"collection":[{"href":"https:\/\/standort-niederrhein.de\/en\/wp-json\/wp\/v2\/posts"}],"about":[{"href":"https:\/\/standort-niederrhein.de\/en\/wp-json\/wp\/v2\/types\/post"}],"author":[{"embeddable":true,"href":"https:\/\/standort-niederrhein.de\/en\/wp-json\/wp\/v2\/users\/3"}],"replies":[{"embeddable":true,"href":"https:\/\/standort-niederrhein.de\/en\/wp-json\/wp\/v2\/comments?post=6560"}],"version-history":[{"count":1,"href":"https:\/\/standort-niederrhein.de\/en\/wp-json\/wp\/v2\/posts\/6560\/revisions"}],"predecessor-version":[{"id":6562,"href":"https:\/\/standort-niederrhein.de\/en\/wp-json\/wp\/v2\/posts\/6560\/revisions\/6562"}],"wp:featuredmedia":[{"embeddable":true,"href":"https:\/\/standort-niederrhein.de\/en\/wp-json\/wp\/v2\/media\/6561"}],"wp:attachment":[{"href":"https:\/\/standort-niederrhein.de\/en\/wp-json\/wp\/v2\/media?parent=6560"}],"wp:term":[{"taxonomy":"category","embeddable":true,"href":"https:\/\/standort-niederrhein.de\/en\/wp-json\/wp\/v2\/categories?post=6560"},{"taxonomy":"post_tag","embeddable":true,"href":"https:\/\/standort-niederrhein.de\/en\/wp-json\/wp\/v2\/tags?post=6560"}],"curies":[{"name":"wp","href":"https:\/\/api.w.org\/{rel}","templated":true}]}}