{"id":6557,"date":"2025-09-16T06:00:00","date_gmt":"2025-09-16T04:00:00","guid":{"rendered":"https:\/\/standort-niederrhein.de\/?p=6557"},"modified":"2025-09-15T11:09:26","modified_gmt":"2025-09-15T09:09:26","slug":"versorgungssicherheit-und-verkehrstransformation-kann-es-nur-mit-starken-binnenhaefen-geben","status":"publish","type":"post","link":"https:\/\/standort-niederrhein.de\/en\/2025\/09\/16\/versorgungssicherheit-und-verkehrstransformation-kann-es-nur-mit-starken-binnenhaefen-geben\/","title":{"rendered":"Versorgungssicherheit und Verkehrstransformation kann es nur mit starken Binnenh\u00e4fen geben"},"content":{"rendered":"\n<p>\u201eH\u00e4fen \u2013 Hotspots resilienter Logistik\u201c: Unter diesem Motto stand das traditionelle Branchenevent der DeltaPort Niederrheinh\u00e4fen. In ihren Reden betonten der Schirmherr und Pr\u00e4sident der\u00a0<a href=\"https:\/\/de.wikipedia.org\/wiki\/Niederrheinische_Industrie-_und_Handelskammer_Duisburg-Wesel-Kleve_zu_Duisburg\">Niederrheinischen IHK<\/a> Werner Schaurte-K\u00fcppers, der Landrat des Kreises Wesel Ingo Brohl und DeltaPort-Gesch\u00e4ftsf\u00fchrer Andreas Stolte aus unterschiedlichen Blickwinkeln, welch wichtige Rolle die Binnenh\u00e4fen gerade in der aktuellen, von vielen unterschiedlichen Krisen geplagten globalen Situation spielen \u2013 gesellschaftlich, \u00f6konomisch und \u00f6kologisch. Trotz aller Herausforderungen zeichneten sie ein vorsichtig optimistisches Bild.\u00a0<\/p>\n\n\n\n<p>Die Gegenwart ist von multiplen Krisen gepr\u00e4gt. Die Nachwirkungen der Corona-Pandemie, die aktuellen Kriege in der Ukraine, in Gaza oder im Jemen, Klima-, Zoll-, Fachkr\u00e4fte- oder Energiekrise \u2013 sie alle haben Auswirkungen auf logistische Ketten. Und sie alle werfen die Frage auf, wie unsere Versorgungssicherheit auch im Krisenfall gew\u00e4hrleistet werden kann. Eine Schl\u00fcsselrolle dabei k\u00f6nnen die See- und Binnenh\u00e4fen spielen. Dar\u00fcber herrschte Einigkeit beim Branchentreffen \u201eDeltaPort \u2013 vor Ort\u201c. Auf Einladung der DeltaPort Niederrheinh\u00e4fen \u2013 also des Zusammenschlusses der DeltaPort H\u00e4fen (Stadthafen Wesel, Rhein-Lippe-Hafen Wesel und Hafen Voerde-Emmelsum) mit dem Hafen Emmerich und dem NIAG-Hafen in Rheinberg-Orsoy \u2013 waren wieder zahlreiche G\u00e4ste aus Politik, Wirtschaft und Wissenschaft an Bord des Fahrgastschiffes \u201eRiverlady\u201c gekommen, um \u00fcber die gro\u00dfen Fragen der Zeit zu diskutieren und gemeinsam auf die Suche nach Antworten zu gehen.<\/p>\n\n\n\n<p>Schirmherr der Veranstaltung war in diesem Jahr Werner Schaurte-K\u00fcppers, der Pr\u00e4sident der\u00a0Niederrheinischen IHK. Er betonte, dass H\u00e4fen mehr seien als blo\u00dfe Umschlagorte: \u201eSie sind unverzichtbar f\u00fcr unsere Wirtschaft. Wer den Standort st\u00e4rken will, muss in H\u00e4fen investieren.\u201c DeltaPort mache es vor: Hier werde vorausschauend geplant und in die Zukunft investiert. Der IHK-Pr\u00e4sident lobte die Bundesregierung f\u00fcr die geplanten Investitionen in die Infrastruktur. Es sei aber nicht hinnehmbar, dass die Wasserstra\u00dfen nicht ber\u00fccksichtigt w\u00fcrden. \u201eWer wirtschaftliche Resilienz, Klimaschutz und Versorgungssicherheit will, darf sie nicht vergessen\u201c, so Schaurte-K\u00fcppers. Ingo Brohl, der Landrat des Kreises Wesel, besch\u00e4ftigte sich in seinem Vortrag mit der Bedeutung der H\u00e4fen im Kreis Wesel f\u00fcr eine sichere und nachhaltige Versorgung der Bev\u00f6lkerung. Anhand des Projekts \u201eCool Corridor\u201c, das von den DeltaPort Niederrheinh\u00e4fen initiiert wurde und an dem unter anderem der Port of Rotterdam und Deutschlands f\u00fchrender Tiefk\u00fchllogistiker Nordfrost beteiligt sind, zeigte Brohl auf, wie Versorgungssicherheit und klimafreundliche Verkehrsverlagerung Hand in Hand gehen. Ziel des Projekts ist die <a>Verlagerung von Reefer-Containern vom LKW auf das Binnenschiff f\u00fcr den Transport ins Hinterland.<\/a> Dabei verbindet der CO<sub>2<\/sub>-neutrale \u201eCool Corridor\u201c Europas gr\u00f6\u00dften Seehafen Rotterdam mit den H\u00e4fen am Niederrhein und sorgt daf\u00fcr, dass temperaturgef\u00fchrte Frischwaren so klimafreundlich wie m\u00f6glich zu den Verbrauchern transportiert werden. \u201eMit dem ,Cool Corridor\u2018 leisten die DeltaPort Niederrheinh\u00e4fen und alle Beteiligten einen gro\u00dfen Anteil zur Verkehrswende und zur Emissionsreduzierung, zugleich schaffen sie Versorgungssicherheit\u201c, betonte Brohl, der das Engagement und die innovativen Ideen der DeltaPort Niederrheinh\u00e4fen lobte.<\/p>\n\n\n\n<p><strong>Voranschreiten, nicht getrieben werden<\/strong><\/p>\n\n\n\n<p>Mit Blick auf eine nachhaltige Energieversorgung verwies der Landrat auf das \u2013 ebenfalls von DeltaPort Niederrheinh\u00e4fen ins Leben gerufene \u2013 Projekt \u201eEcoPort813\u201c. Um die Abkehr von fossilen Energietr\u00e4gern und die Einsparung von CO<sub>2<\/sub> zu forcieren, haben sich dabei unterschiedliche Akteure vernetzt, um gemeinsam Projekte zur Dekarbonisierung auf den Weg zu bringen, Synergien zu nutzen und alternative Ans\u00e4tze zu finden. Ziel ist es unter anderem, dass die Beteiligten bei Fragen der Energiewende kooperieren und eine Wasserstoff-Infrastruktur aufbauen. Dabei r\u00fcckt zum Beispiel der Rhein-Lippe-Hafen Wesel in den Fokus. Urspr\u00fcnglich war er ein \u201e\u00d6lhafen\u201c, nun wurde eine Machbarkeitsstudie beauftragt, um die Weiterentwicklung des Hafens im Rahmen der Energietransformation zum Wasserstoffhub umzusetzen. \u201eProjekte wie die genannten zeigen, dass Krise auch immer Chance ist. Wir wollen die Chance ergreifen und mit neuen Ideen und Taten voranschreiten anstatt von den Entwicklungen getrieben zu werden\u201c, betonte der Landrat. \u201eVon dieser Entwicklung kann die Wirtschaft im Kreis Wesel durch die Schaffung neuer Strukturen, Wertsch\u00f6pfungsketten und damit auch Arbeitspl\u00e4tze nur profitieren\u201c.<\/p>\n\n\n\n<p>Gastgeber Andreas Stolte, Gesch\u00e4ftsf\u00fchrer der DeltaPort Niederrheinh\u00e4fen, skizzierte in seiner Rede, was Resilienz in Zeiten der Krise bedeute. Er fasste zusammen, worauf sich wohl alle Teilnehmenden des Branchentreffens einigen konnten: \u201eDie Binnenh\u00e4fen k\u00f6nnen, m\u00fcssen und werden die Versorgungssicherheit der Bev\u00f6lkerung auch in Krisenzeiten gew\u00e4hrleisten und zugleich Motoren der notwendigen Verkehrstransformation sein. Daf\u00fcr und daran m\u00fcssen wir alle gemeinsam arbeiten, um unseren Wohlstand zu erhalten und gleichzeitig die Ressourcen zu schonen.\u201c<\/p>\n\n\n\n<p>Quelle: <a href=\"http:\/\/www.deltaport.de\">DeltaPort Niederrheinh\u00e4fen<\/a><\/p>\n\n\n<figure class=\"wp-block-post-featured-image\"><img loading=\"lazy\" decoding=\"async\" width=\"2560\" height=\"1920\" src=\"https:\/\/standort-niederrhein.de\/wp-content\/uploads\/2025\/09\/DIEBIN1-scaled.jpg\" class=\"attachment-post-thumbnail size-post-thumbnail wp-post-image\" alt=\"\" style=\"object-fit:cover;\" srcset=\"https:\/\/standort-niederrhein.de\/wp-content\/uploads\/2025\/09\/DIEBIN1-scaled.jpg 2560w, https:\/\/standort-niederrhein.de\/wp-content\/uploads\/2025\/09\/DIEBIN1-1280x960.jpg 1280w, https:\/\/standort-niederrhein.de\/wp-content\/uploads\/2025\/09\/DIEBIN1-980x735.jpg 980w, https:\/\/standort-niederrhein.de\/wp-content\/uploads\/2025\/09\/DIEBIN1-480x360.jpg 480w\" sizes=\"(min-width: 0px) and (max-width: 480px) 480px, (min-width: 481px) and (max-width: 980px) 980px, (min-width: 981px) and (max-width: 1280px) 1280px, (min-width: 1281px) 2560px, 100vw\" \/><\/figure>\n\n\n<p>Die Binnenh\u00e4fen k\u00f6nnen eine Schl\u00fcsselrolle f\u00fcr die Versorgungssicherheit spielen. Dar\u00fcber herrschte Einigkeit beim Branchentreffen ,DeltaPort \u2013 vor Ort\u2018. Auf dem Foto (v.l.): Michael D\u00fcchting (Gesch\u00e4ftsf\u00fchrer EcoPort 813 e.V., Landrat Ingo Brohl, Gastgeber Andreas Stolte (Gesch\u00e4ftsf\u00fchrer DeltaPort Niederrheinh\u00e4fen), Dirk Haarmann (B\u00fcrgermeister der Stadt Voerde) und Dieter Thurm (Prokurist und Technischer Leiter DeltaPort H\u00e4fen). | Foto: DeltaPort<\/p>\n","protected":false},"excerpt":{"rendered":"<p>\u201eH\u00e4fen \u2013 Hotspots resilienter Logistik\u201c: Unter diesem Motto stand das traditionelle Branchenevent der DeltaPort Niederrheinh\u00e4fen. In ihren Reden betonten der Schirmherr und Pr\u00e4sident der\u00a0Niederrheinischen IHK Werner Schaurte-K\u00fcppers, der Landrat des Kreises Wesel Ingo Brohl und DeltaPort-Gesch\u00e4ftsf\u00fchrer Andreas Stolte aus unterschiedlichen Blickwinkeln, welch wichtige Rolle die Binnenh\u00e4fen gerade in der aktuellen, von vielen unterschiedlichen Krisen geplagten [&hellip;]<\/p>\n","protected":false},"author":3,"featured_media":6558,"comment_status":"closed","ping_status":"closed","sticky":false,"template":"","format":"standard","meta":{"_et_pb_use_builder":"","_et_pb_old_content":"","_et_gb_content_width":"","footnotes":""},"categories":[1],"tags":[],"class_list":["post-6557","post","type-post","status-publish","format-standard","has-post-thumbnail","hentry","category-allgemein"],"_links":{"self":[{"href":"https:\/\/standort-niederrhein.de\/en\/wp-json\/wp\/v2\/posts\/6557","targetHints":{"allow":["GET"]}}],"collection":[{"href":"https:\/\/standort-niederrhein.de\/en\/wp-json\/wp\/v2\/posts"}],"about":[{"href":"https:\/\/standort-niederrhein.de\/en\/wp-json\/wp\/v2\/types\/post"}],"author":[{"embeddable":true,"href":"https:\/\/standort-niederrhein.de\/en\/wp-json\/wp\/v2\/users\/3"}],"replies":[{"embeddable":true,"href":"https:\/\/standort-niederrhein.de\/en\/wp-json\/wp\/v2\/comments?post=6557"}],"version-history":[{"count":1,"href":"https:\/\/standort-niederrhein.de\/en\/wp-json\/wp\/v2\/posts\/6557\/revisions"}],"predecessor-version":[{"id":6559,"href":"https:\/\/standort-niederrhein.de\/en\/wp-json\/wp\/v2\/posts\/6557\/revisions\/6559"}],"wp:featuredmedia":[{"embeddable":true,"href":"https:\/\/standort-niederrhein.de\/en\/wp-json\/wp\/v2\/media\/6558"}],"wp:attachment":[{"href":"https:\/\/standort-niederrhein.de\/en\/wp-json\/wp\/v2\/media?parent=6557"}],"wp:term":[{"taxonomy":"category","embeddable":true,"href":"https:\/\/standort-niederrhein.de\/en\/wp-json\/wp\/v2\/categories?post=6557"},{"taxonomy":"post_tag","embeddable":true,"href":"https:\/\/standort-niederrhein.de\/en\/wp-json\/wp\/v2\/tags?post=6557"}],"curies":[{"name":"wp","href":"https:\/\/api.w.org\/{rel}","templated":true}]}}