{"id":6521,"date":"2025-09-12T06:00:00","date_gmt":"2025-09-12T04:00:00","guid":{"rendered":"https:\/\/standort-niederrhein.de\/?p=6521"},"modified":"2025-09-10T12:24:56","modified_gmt":"2025-09-10T10:24:56","slug":"aktionstage-heimat-shoppen","status":"publish","type":"post","link":"https:\/\/standort-niederrhein.de\/en\/2025\/09\/12\/aktionstage-heimat-shoppen\/","title":{"rendered":"Aktionstage \u201eheimat shoppen\u201c"},"content":{"rendered":"\n<p><strong>Mittlerer Niederrhein.<\/strong> Fachkr\u00e4ftemangel, r\u00fcckl\u00e4ufige Passantenfrequenz in den Innenst\u00e4dten und zunehmender Konkurrenzdruck durch den Online-Handel \u2013 die Herausforderungen sind vielf\u00e4ltig, aber dennoch waren die Einzelh\u00e4ndlerinnen und Einzelh\u00e4ndler sowie andere Innenstadtakteure der Region beim Austausch mit Mona Neubaur zuversichtlich. Die Ministerin f\u00fcr Wirtschaft, Industrie, Klimaschutz und Energie des Landes Nordrhein-Westfalen und Schirmfrau der Aktion \u201eheimat shoppen\u201c war auf Einladung der Industrie- und Handelskammer (IHK) Mittlerer Niederrhein zum Auftakt der Aktionstage (8. bis 13. September) an den Niederrhein gekommen. Dort traf sie sich zum Gedankenaustausch mit H\u00e4ndlerinnen und H\u00e4ndlern und anderen Akteuren in den R\u00e4umen von Optik Homann in M\u00f6nchengladbach-Rheydt.<\/p>\n\n\n\n<p>In seiner Begr\u00fc\u00dfung ging IHK-Hauptgesch\u00e4ftsf\u00fchrer J\u00fcrgen Steinmetz auf den tiefgreifenden Wandel ein, den die Innenst\u00e4dte und der station\u00e4re Einzelhandel derzeit erleben. \u201eGemeinsam wollen wir dazu beitragen, dass unsere Innenst\u00e4dte lebendig, lebens- und liebenswert bleiben\u201c, betonte Steinmetz. \u201eVielen Dank, dass Sie sich engagieren\u201c, sagte die Wirtschaftsministerin an die Adresse der versammelten Akteure. Sie hob das Ergebnis der aktuellen Studie zum Einkaufsverhalten in NRW hervor: \u201eEs ist eine Chance f\u00fcr den station\u00e4ren Einzelhandel, den Komfort des Online-Shoppings mit dem Service vor Ort zu kombinieren. So k\u00f6nnen Angebote im Laden mit Online-Angeboten verkn\u00fcpft werden. Mit unseren Digitalcoaches unterst\u00fctzen wir kleine und mittlere Einzelh\u00e4ndlerinnen und H\u00e4ndler bei ihrem Weg in die digitale Welt. Sie schulen, beraten und vernetzen. Dieses langj\u00e4hrige Projekt gemeinsam mit dem Handelsverband NRW ist sehr erfolgreich.\u201c<\/p>\n\n\n\n<p>Im Austausch mit Neubaur sprachen die Einzelh\u00e4ndlerinnen und Einzelh\u00e4ndler konkrete Herausforderungen an. Peter Homann (Optik Homann) und Roland Beeten (Textilhaus Beeten) betonten die Bedeutung von Sicherheit und Sauberkeit sowie den gravierenden Fachkr\u00e4ftemangel im Handel. Tobias Schmitz (REWE) und Dagmar B\u00fccher (Sanit\u00e4tshaus H\u00fcndchen) beklagten die \u00fcberbordende B\u00fcrokratie im Baubereich oder bei der Einstellung von Auszubildenden aus dem Ausland. IHK-Vizepr\u00e4sident Rainer H\u00f6ppner (H\u00f6ppner Moden) betonte, wie wichtig es sei, dass die deutsche Volkswirtschaft endlich wieder Wachstum verzeichne und somit zu einer besseren Stimmung im Land beitrage.<\/p>\n\n\n\n<p>Allen Herausforderungen zum Trotz gaben sich die H\u00e4ndlerinnen und H\u00e4ndler zuversichtlich und voller Vorfreude auf die kommenden heimat-shoppen-Tage. Vielf\u00e4ltige Aktionen sind geplant. Die Aktion \u201eheimat shoppen\u201c war 2014 von der IHK Mittlerer Niederrhein ins Leben gerufen worden. Mit der Aktion soll darauf hingewiesen werden, dass Einzelh\u00e4ndler, Dienstleister und Gastronomen nicht nur f\u00fcr die Attraktivit\u00e4t der Innenst\u00e4dte sorgen, sondern auch weitere erhebliche Leistungen f\u00fcr das Gemeinwohl erbringen. So sichern sie Arbeits- und Ausbildungspl\u00e4tze, unterst\u00fctzen unter anderem Vereine und Schulen, organisieren Events und sind f\u00fcr jede Stadt und Gemeinde wichtige Steuerzahler. Darauf macht die Kampagne \u201eheimat shoppen\u201c inzwischen deutschlandweit in zahlreichen St\u00e4dten und Gemeinden aufmerksam \u2013 nicht nur an den j\u00e4hrlichen Aktionstagen am zweiten September-Wochenende.<\/p>\n\n\n\n<p>Quelle: <a href=\"https:\/\/mittlerer-niederrhein.ihk.de\/de\/oeffentlichkeitsarbeit\/pressemitteilungen\/2025\/aktionstage-heimat-shoppen-.html\">IHK Mittlerer Niederrhein<\/a><\/p>\n\n\n<figure class=\"wp-block-post-featured-image\"><img loading=\"lazy\" decoding=\"async\" width=\"987\" height=\"392\" src=\"https:\/\/standort-niederrhein.de\/wp-content\/uploads\/2025\/09\/heimat-shoppen10-artikel2.jpg\" class=\"attachment-post-thumbnail size-post-thumbnail wp-post-image\" alt=\"\" style=\"object-fit:cover;\" srcset=\"https:\/\/standort-niederrhein.de\/wp-content\/uploads\/2025\/09\/heimat-shoppen10-artikel2.jpg 987w, https:\/\/standort-niederrhein.de\/wp-content\/uploads\/2025\/09\/heimat-shoppen10-artikel2-980x389.jpg 980w, https:\/\/standort-niederrhein.de\/wp-content\/uploads\/2025\/09\/heimat-shoppen10-artikel2-480x191.jpg 480w\" sizes=\"(min-width: 0px) and (max-width: 480px) 480px, (min-width: 481px) and (max-width: 980px) 980px, (min-width: 981px) 987px, 100vw\" \/><\/figure>\n\n\n<p>Zum Auftakt von \u201eheimat shoppen\u201c trafen sich Innenstadtakteure aus M\u00f6nchengladbach zum Austausch mit Mona Neubaur, Ministerin f\u00fcr Wirtschaft, Industrie, Klimaschutz und Energie des Landes Nordrhein-Westfalen. | Foto: IHK Mittlerer Niederrhein<\/p>\n","protected":false},"excerpt":{"rendered":"<p>Mittlerer Niederrhein. Fachkr\u00e4ftemangel, r\u00fcckl\u00e4ufige Passantenfrequenz in den Innenst\u00e4dten und zunehmender Konkurrenzdruck durch den Online-Handel \u2013 die Herausforderungen sind vielf\u00e4ltig, aber dennoch waren die Einzelh\u00e4ndlerinnen und Einzelh\u00e4ndler sowie andere Innenstadtakteure der Region beim Austausch mit Mona Neubaur zuversichtlich. Die Ministerin f\u00fcr Wirtschaft, Industrie, Klimaschutz und Energie des Landes Nordrhein-Westfalen und Schirmfrau der Aktion \u201eheimat shoppen\u201c war [&hellip;]<\/p>\n","protected":false},"author":3,"featured_media":6522,"comment_status":"closed","ping_status":"closed","sticky":false,"template":"","format":"standard","meta":{"_et_pb_use_builder":"","_et_pb_old_content":"","_et_gb_content_width":"","footnotes":""},"categories":[1],"tags":[],"class_list":["post-6521","post","type-post","status-publish","format-standard","has-post-thumbnail","hentry","category-allgemein"],"_links":{"self":[{"href":"https:\/\/standort-niederrhein.de\/en\/wp-json\/wp\/v2\/posts\/6521","targetHints":{"allow":["GET"]}}],"collection":[{"href":"https:\/\/standort-niederrhein.de\/en\/wp-json\/wp\/v2\/posts"}],"about":[{"href":"https:\/\/standort-niederrhein.de\/en\/wp-json\/wp\/v2\/types\/post"}],"author":[{"embeddable":true,"href":"https:\/\/standort-niederrhein.de\/en\/wp-json\/wp\/v2\/users\/3"}],"replies":[{"embeddable":true,"href":"https:\/\/standort-niederrhein.de\/en\/wp-json\/wp\/v2\/comments?post=6521"}],"version-history":[{"count":1,"href":"https:\/\/standort-niederrhein.de\/en\/wp-json\/wp\/v2\/posts\/6521\/revisions"}],"predecessor-version":[{"id":6523,"href":"https:\/\/standort-niederrhein.de\/en\/wp-json\/wp\/v2\/posts\/6521\/revisions\/6523"}],"wp:featuredmedia":[{"embeddable":true,"href":"https:\/\/standort-niederrhein.de\/en\/wp-json\/wp\/v2\/media\/6522"}],"wp:attachment":[{"href":"https:\/\/standort-niederrhein.de\/en\/wp-json\/wp\/v2\/media?parent=6521"}],"wp:term":[{"taxonomy":"category","embeddable":true,"href":"https:\/\/standort-niederrhein.de\/en\/wp-json\/wp\/v2\/categories?post=6521"},{"taxonomy":"post_tag","embeddable":true,"href":"https:\/\/standort-niederrhein.de\/en\/wp-json\/wp\/v2\/tags?post=6521"}],"curies":[{"name":"wp","href":"https:\/\/api.w.org\/{rel}","templated":true}]}}