{"id":6517,"date":"2025-09-13T06:00:00","date_gmt":"2025-09-13T04:00:00","guid":{"rendered":"https:\/\/standort-niederrhein.de\/?p=6517"},"modified":"2025-09-10T12:25:24","modified_gmt":"2025-09-10T10:25:24","slug":"defensetech-meet-up-nrw-im-rhein-kreis-neuss","status":"publish","type":"post","link":"https:\/\/standort-niederrhein.de\/en\/2025\/09\/13\/defensetech-meet-up-nrw-im-rhein-kreis-neuss\/","title":{"rendered":"\"DefenseTech Meet-up NRW\" im Rhein-Kreis Neuss"},"content":{"rendered":"\n<p><strong>Rhein-Kreis Neuss.<\/strong> Technologie f\u00fcr die Verteidigungsindustrie ist ein relevantes Zukunftsthema und erreicht zunehmend die Mitte der Wirtschaft. Das wurde jetzt beim \u201eDefenseTech Meet-up NRW\u201c deutlich. Rund 80 Vertreterinnen und Vertreter aus Start-up-Szene, Industrie, Wissenschaft und Politik kamen im \u201eInnovation Center\u201c der Wirtschaftsf\u00f6rderung des Rhein-Kreises Neuss auf dem Areal B\u00f6hler in Meerbusch zusammen.<\/p>\n\n\n\n<p>Veranstaltet wurde das Treffen vom neu gegr\u00fcndeten DefenseTech-Inkubator.NRW, einer Initiative der ebenfalls im \u201eInnovation Center\u201c ans\u00e4ssigen Digitalisierungs- und Innovationsagentur 1st Mover Management. In den eigenen R\u00e4umlichkeiten \u00fcbernahm die Kreiswirtschaftsf\u00f6rderung die Gastgeberrolle und fungierte zugleich als Kooperationspartner des Inkubators. Der Rhein-Kreis Neuss z\u00e4hlt dabei \u2013 gemeinsam mit der Landeshauptstadt D\u00fcsseldorf, der NRW.Bank und dem Ministerium f\u00fcr Wirtschaft, Klimaschutz und Energie des Landes Nordrhein-Westfalen \u2013 zu den zentralen Unterst\u00fctzern der Initiative.<\/p>\n\n\n\n<p>Nach einer kurzen Begr\u00fc\u00dfung durch Robert Abts, Leiter der Wirtschaftsf\u00f6rderung, in der er die Rolle der Wirtschaftsf\u00f6rderung bei der Unterst\u00fctzung von Start-ups sowie der Mobilisierung von Innovationen in Unternehmen hervorhob, folgten die inhaltlichen Programmpunkte.<\/p>\n\n\n\n<p>Nordrhein-Westfalen nimmt eine Vorreiterrolle auf dem Feld der Verteidigungstechnologie ein, wie der Abend zeigte. Dr. Klemens Gaida und Stefan Meyer-Spickenagel stellten dem Publikum Konzept, Team und Pl\u00e4ne des DefenseTech-Inkubator.NRW vor. Stavros Messinis (Smart Flying Machines) beleuchtete Herausforderungen und Chancen von R\u00fcstungs-Start-ups am Beispiel Drohnen, Dr. Benedikt Kamann (Orrick LLP) erkl\u00e4rte die Komplexit\u00e4t rechtlicher Rahmenbedingungen der Branche.<\/p>\n\n\n\n<p>Bei einer Podiumsdiskussion sowie einer Frage-und-Antwort-Runde mit den Teilnehmern wurde klar: DefenseTech ist technologisch hoch anspruchsvoll und eng mit ethischen Fragen zwischen Sicherheit, Resilienz und Abschreckung einerseits und Aufr\u00fcstung andererseits verbunden. Ein Austausch zum Kontaktekn\u00fcpfen schloss den Abend.<\/p>\n\n\n\n<p>Quelle: <a href=\"http:\/\/www.rhein-kreis-neuss.de\">Rhein-Kreis Neuss<\/a><\/p>\n\n\n<figure class=\"wp-block-post-featured-image\"><img loading=\"lazy\" decoding=\"async\" width=\"2560\" height=\"1814\" src=\"https:\/\/standort-niederrhein.de\/wp-content\/uploads\/2025\/09\/Foto-DefenseTech-scaled.jpg\" class=\"attachment-post-thumbnail size-post-thumbnail wp-post-image\" alt=\"\" style=\"object-fit:cover;\" srcset=\"https:\/\/standort-niederrhein.de\/wp-content\/uploads\/2025\/09\/Foto-DefenseTech-scaled.jpg 2560w, https:\/\/standort-niederrhein.de\/wp-content\/uploads\/2025\/09\/Foto-DefenseTech-1280x907.jpg 1280w, https:\/\/standort-niederrhein.de\/wp-content\/uploads\/2025\/09\/Foto-DefenseTech-980x694.jpg 980w, https:\/\/standort-niederrhein.de\/wp-content\/uploads\/2025\/09\/Foto-DefenseTech-480x340.jpg 480w\" sizes=\"(min-width: 0px) and (max-width: 480px) 480px, (min-width: 481px) and (max-width: 980px) 980px, (min-width: 981px) and (max-width: 1280px) 1280px, (min-width: 1281px) 2560px, 100vw\" \/><\/figure>\n\n\n<p>\u201eDefenseTech Meet-up NRW\u201c (von links): die Initiatoren Vidar Andersen, Patrick Kammann, Dr. Klemens Gaida und Stefan Meyer-Spickenagel mit Kreiswirtschaftsf\u00f6rderer Robert Abts. | Foto: Rhein-Kreis Neuss<\/p>\n","protected":false},"excerpt":{"rendered":"<p>Rhein-Kreis Neuss. Technologie f\u00fcr die Verteidigungsindustrie ist ein relevantes Zukunftsthema und erreicht zunehmend die Mitte der Wirtschaft. Das wurde jetzt beim \u201eDefenseTech Meet-up NRW\u201c deutlich. Rund 80 Vertreterinnen und Vertreter aus Start-up-Szene, Industrie, Wissenschaft und Politik kamen im \u201eInnovation Center\u201c der Wirtschaftsf\u00f6rderung des Rhein-Kreises Neuss auf dem Areal B\u00f6hler in Meerbusch zusammen. Veranstaltet wurde das [&hellip;]<\/p>\n","protected":false},"author":3,"featured_media":6518,"comment_status":"closed","ping_status":"closed","sticky":false,"template":"","format":"standard","meta":{"_et_pb_use_builder":"","_et_pb_old_content":"","_et_gb_content_width":"","footnotes":""},"categories":[1],"tags":[],"class_list":["post-6517","post","type-post","status-publish","format-standard","has-post-thumbnail","hentry","category-allgemein"],"_links":{"self":[{"href":"https:\/\/standort-niederrhein.de\/en\/wp-json\/wp\/v2\/posts\/6517","targetHints":{"allow":["GET"]}}],"collection":[{"href":"https:\/\/standort-niederrhein.de\/en\/wp-json\/wp\/v2\/posts"}],"about":[{"href":"https:\/\/standort-niederrhein.de\/en\/wp-json\/wp\/v2\/types\/post"}],"author":[{"embeddable":true,"href":"https:\/\/standort-niederrhein.de\/en\/wp-json\/wp\/v2\/users\/3"}],"replies":[{"embeddable":true,"href":"https:\/\/standort-niederrhein.de\/en\/wp-json\/wp\/v2\/comments?post=6517"}],"version-history":[{"count":1,"href":"https:\/\/standort-niederrhein.de\/en\/wp-json\/wp\/v2\/posts\/6517\/revisions"}],"predecessor-version":[{"id":6519,"href":"https:\/\/standort-niederrhein.de\/en\/wp-json\/wp\/v2\/posts\/6517\/revisions\/6519"}],"wp:featuredmedia":[{"embeddable":true,"href":"https:\/\/standort-niederrhein.de\/en\/wp-json\/wp\/v2\/media\/6518"}],"wp:attachment":[{"href":"https:\/\/standort-niederrhein.de\/en\/wp-json\/wp\/v2\/media?parent=6517"}],"wp:term":[{"taxonomy":"category","embeddable":true,"href":"https:\/\/standort-niederrhein.de\/en\/wp-json\/wp\/v2\/categories?post=6517"},{"taxonomy":"post_tag","embeddable":true,"href":"https:\/\/standort-niederrhein.de\/en\/wp-json\/wp\/v2\/tags?post=6517"}],"curies":[{"name":"wp","href":"https:\/\/api.w.org\/{rel}","templated":true}]}}