{"id":6499,"date":"2025-09-07T06:00:00","date_gmt":"2025-09-07T04:00:00","guid":{"rendered":"https:\/\/standort-niederrhein.de\/?p=6499"},"modified":"2025-09-04T13:31:07","modified_gmt":"2025-09-04T11:31:07","slug":"mdb-sascha-van-beek-absolviert-praktikum-bei-den-deltaport-haefen","status":"publish","type":"post","link":"https:\/\/standort-niederrhein.de\/en\/2025\/09\/07\/mdb-sascha-van-beek-absolviert-praktikum-bei-den-deltaport-haefen\/","title":{"rendered":"MdB Sascha van Beek absolviert Praktikum bei den DeltaPort H\u00e4fen"},"content":{"rendered":"\n<p><strong>Wesel.<\/strong> Die DeltaPort H\u00e4fen konnten jetzt einen besonderen Praktikanten begr\u00fc\u00dfen: Der Bundestagsabgeordnete Sascha van Beek (CDU), der den Wahlkreis Wesel I in Berlin vertritt, tauschte f\u00fcr einen Tag Jackett gegen Warnweste, um einen Blick hinter die Kulissen des Hafens zu werfen. Andreas Stolte, Gesch\u00e4ftsf\u00fchrer der DeltaPort H\u00e4fen, begr\u00fc\u00dfte den geb\u00fcrtigen Niederrheiner und stellte ihm in K\u00fcrze die vielen Projekte und Initiativen der DeltaPort H\u00e4fen zu den Megathemen Digitalisierung und klimafreundliche Transformation der Wirtschaft vor. Im Anschluss begab sich van Beek auf eine Hafenrundfahrt mit Hafenmeister Berthold Fengels. Dabei schauten sie sich die drei Standorte der DeltaPort H\u00e4fen \u2013 den Rhein-Lippe-Hafen und den Stadthafen Wesel sowie den Hafen Voerde-Emmelsum \u2013 an, die \u00fcber eine trimodale Infrastruktur verf\u00fcgen, also an Stra\u00dfe, Schiene und den Wasserweg angebunden sind. Bei der Rundfahrt konnte sich der Bundestagsabgeordnete auch einen \u00dcberblick dar\u00fcber verschaffen, welche G\u00fcter in den H\u00e4fen umgeschlagen werden: von Sch\u00fcttg\u00fctern \u00fcber St\u00fcck- und Schwergut sowie (temperaturgef\u00fchrte) Lebensmittel bis zu Fl\u00fcssigg\u00fctern und containerisierter Ware.<\/p>\n\n\n\n<p>Auf dem Programm standen nat\u00fcrlich auch praktische Stationen, bei denen Sascha van Beek mit anfassen durfte. So bediente der CDU-Politiker beim Logistikunternehmen Contargo im Hafen Emmelsum das Umschlagger\u00e4t, um bei der L\u00f6schung eines Binnenschiffs zu helfen und die Container zu verladen. \u201eEs ist wirklich beeindruckend, was die Menschen in den H\u00e4fen leisten, um uns jeden Tag mit wichtigen Waren zu versorgen. Die wirtschaftliche und gesellschaftliche Bedeutung der Binnenh\u00e4fen ist kaum hoch genug einzusch\u00e4tzen\u201c, staunte van Beek.<\/p>\n\n\n\n<p><strong>\u201eH\u00e4fen sorgen f\u00fcr Wertsch\u00f6pfung und gute Arbeitspl\u00e4tze\u201c<\/strong><br>Im an- und abschlie\u00dfenden Gespr\u00e4ch diskutierte Sascha van Beek mit Gesch\u00e4ftsf\u00fchrer Andreas Stolte \u00fcber die Chancen und Herausforderungen der DeltaPort H\u00e4fen mit Blick auf die Zukunftsthemen umweltfreundliche Verkehrsverlagerung und krisenresistente Logistik. Welche Erfahrungen van Beek aus seinem Hafenpraktikum zieht? \u201eDurch den Blick hinter die Kulissen ist mir noch klarer geworden, in welch hohem Ma\u00dfe die DeltaPort H\u00e4fen f\u00fcr Wertsch\u00f6pfung und gute Arbeitspl\u00e4tze sorgen. Zudem sind sie f\u00fcr klimaneutrale Transformation unserer Wirtschaft unverzichtbar.\u201c Als Erinnerung und als symbolische Auszeichnung f\u00fcr das erfolgreich absolvierte Praktikum \u00fcberreichte Andreas Stolte Sascha van Beek eine Urkunde und einen #HafenFan-Schal. Stolte verabschiedete den Praktikanten mit der Bitte, sich in Berlin f\u00fcr starke Binnenh\u00e4fen und innovative Transportkonzepte einzusetzen. \u201eStarke Binnenh\u00e4fen sind aktiver Klimaschutz. Wenn es uns gelingt, Warenstr\u00f6me auf die Schiene und die Wasserwege zu verlagern, k\u00f6nnen wir extrem viel CO<sub>2<\/sub> einsparen und unseren gesellschaftlichen Wohlstand erhalten.\u201c\u00a0<\/p>\n\n\n\n<p>Quelle: DeltaPort Niederrheinh\u00e4fen GmbH<\/p>\n\n\n<figure class=\"wp-block-post-featured-image\"><img loading=\"lazy\" decoding=\"async\" width=\"1352\" height=\"2028\" src=\"https:\/\/standort-niederrhein.de\/wp-content\/uploads\/2025\/09\/VLDIET2.jpg\" class=\"attachment-post-thumbnail size-post-thumbnail wp-post-image\" alt=\"\" style=\"object-fit:cover;\" srcset=\"https:\/\/standort-niederrhein.de\/wp-content\/uploads\/2025\/09\/VLDIET2.jpg 1352w, https:\/\/standort-niederrhein.de\/wp-content\/uploads\/2025\/09\/VLDIET2-1280x1920.jpg 1280w, https:\/\/standort-niederrhein.de\/wp-content\/uploads\/2025\/09\/VLDIET2-980x1470.jpg 980w, https:\/\/standort-niederrhein.de\/wp-content\/uploads\/2025\/09\/VLDIET2-480x720.jpg 480w\" sizes=\"(min-width: 0px) and (max-width: 480px) 480px, (min-width: 481px) and (max-width: 980px) 980px, (min-width: 981px) and (max-width: 1280px) 1280px, (min-width: 1281px) 1352px, 100vw\" \/><\/figure>\n\n\n<p>Als Erinnerung nahm Sascha van Beek einen #HafenFan-Schal mit nach Hause. Von links: Dieter Thurm, Prokurist und technischer Leiter, DeltaPort GmbH &amp; Co. KG; Sascha Noreika, Director Region Rhein-Ruhr, Contargo Rhein-Waal-Lippe GmbH; MdB Sascha van Beek, CDU\/CSU; Andreas Stolte, Gesch\u00e4ftsf\u00fchrer, DeltaPort Niederrhein\u00e4fen GmbH. | Foto: B\u00fcro Sascha van Beek<\/p>\n","protected":false},"excerpt":{"rendered":"<p>Wesel. Die DeltaPort H\u00e4fen konnten jetzt einen besonderen Praktikanten begr\u00fc\u00dfen: Der Bundestagsabgeordnete Sascha van Beek (CDU), der den Wahlkreis Wesel I in Berlin vertritt, tauschte f\u00fcr einen Tag Jackett gegen Warnweste, um einen Blick hinter die Kulissen des Hafens zu werfen. Andreas Stolte, Gesch\u00e4ftsf\u00fchrer der DeltaPort H\u00e4fen, begr\u00fc\u00dfte den geb\u00fcrtigen Niederrheiner und stellte ihm in [&hellip;]<\/p>\n","protected":false},"author":3,"featured_media":6500,"comment_status":"closed","ping_status":"closed","sticky":false,"template":"","format":"standard","meta":{"_et_pb_use_builder":"","_et_pb_old_content":"","_et_gb_content_width":"","footnotes":""},"categories":[1],"tags":[],"class_list":["post-6499","post","type-post","status-publish","format-standard","has-post-thumbnail","hentry","category-allgemein"],"_links":{"self":[{"href":"https:\/\/standort-niederrhein.de\/en\/wp-json\/wp\/v2\/posts\/6499","targetHints":{"allow":["GET"]}}],"collection":[{"href":"https:\/\/standort-niederrhein.de\/en\/wp-json\/wp\/v2\/posts"}],"about":[{"href":"https:\/\/standort-niederrhein.de\/en\/wp-json\/wp\/v2\/types\/post"}],"author":[{"embeddable":true,"href":"https:\/\/standort-niederrhein.de\/en\/wp-json\/wp\/v2\/users\/3"}],"replies":[{"embeddable":true,"href":"https:\/\/standort-niederrhein.de\/en\/wp-json\/wp\/v2\/comments?post=6499"}],"version-history":[{"count":1,"href":"https:\/\/standort-niederrhein.de\/en\/wp-json\/wp\/v2\/posts\/6499\/revisions"}],"predecessor-version":[{"id":6501,"href":"https:\/\/standort-niederrhein.de\/en\/wp-json\/wp\/v2\/posts\/6499\/revisions\/6501"}],"wp:featuredmedia":[{"embeddable":true,"href":"https:\/\/standort-niederrhein.de\/en\/wp-json\/wp\/v2\/media\/6500"}],"wp:attachment":[{"href":"https:\/\/standort-niederrhein.de\/en\/wp-json\/wp\/v2\/media?parent=6499"}],"wp:term":[{"taxonomy":"category","embeddable":true,"href":"https:\/\/standort-niederrhein.de\/en\/wp-json\/wp\/v2\/categories?post=6499"},{"taxonomy":"post_tag","embeddable":true,"href":"https:\/\/standort-niederrhein.de\/en\/wp-json\/wp\/v2\/tags?post=6499"}],"curies":[{"name":"wp","href":"https:\/\/api.w.org\/{rel}","templated":true}]}}