{"id":6493,"date":"2025-09-05T06:00:00","date_gmt":"2025-09-05T04:00:00","guid":{"rendered":"https:\/\/standort-niederrhein.de\/?p=6493"},"modified":"2025-09-03T10:11:57","modified_gmt":"2025-09-03T08:11:57","slug":"rhein-kreis-neuss-ist-finalist-beim-digital-award-2025","status":"publish","type":"post","link":"https:\/\/standort-niederrhein.de\/en\/2025\/09\/05\/rhein-kreis-neuss-ist-finalist-beim-digital-award-2025\/","title":{"rendered":"Rhein-Kreis Neuss ist Finalist beim Digital-Award 2025"},"content":{"rendered":"\n<p><strong>Rhein-Kreis Neuss.<\/strong> Der Rhein-Kreis Neuss z\u00e4hlt mit dem interkommunalen Projekt \u201eDigitaler Zwilling im Rhein-Kreis Neuss\u201c zu den drei Finalisten des \u201eDigital-Award 2025\u201c in der Kategorie \u201eLandkreise, Ministerien und sonstige Beh\u00f6rden\u201c. Eine Fachjury hat das Projekt aus bundesweit mehr als 70 eingereichten Bewerbungen ausgew\u00e4hlt. \u201eDie Nominierung als Finalist zeigt, dass der Rhein-Kreis Neuss bei der Digitalisierung mit Innovationskraft als Vorbild&nbsp; vorangeht. Wir werden diesen Weg zielgerichtet fortsetzen und die Chancen und M\u00f6glichkeiten der Digitalisierung auch weiterhin konsequent nutzen\u201c, betont Landrat Hans-J\u00fcrgen Petrauschke.<\/p>\n\n\n\n<p>Mit der Nominierung als Finalist erh\u00e4lt der Rhein-Kreis Neuss bereits die Auszeichnung \u201eExzellentes Projekt zur Digitalisierung der Verwaltung\u201c und darf das Siegel \u201eDigital-Award 2025\u201c f\u00fchren. Vom 1. September bis zum 22. Oktober 2025 wird ein Online-Voting \u00fcber die drei Finalisten in der Kategorie \u201eLandkreise, Ministerien und sonstige Beh\u00f6rden\u201c durchgef\u00fchrt. Eine Stimmabgabe ist unter <a href=\"https:\/\/rkn.nrw\/pr225\">https:\/\/rkn.nrw\/pr225<\/a> m\u00f6glich.<\/p>\n\n\n\n<p>Ausgerichtet wird der Digital-Award von der \u201eKommunale\u201c, einer bundesweiten Fachmesse des Bayerischen Gemeindetags. Mit \u00fcber 6.000 Fachbesuchern und mehr als 400 Ausstellern z\u00e4hlt die Fachmesse zu den bedeutendsten Plattformen zu kommunalen Themen in Deutschland. Die Preisverleihung findet am 22. Oktober 2025 in N\u00fcrnberg im Rahmen der Messe statt. Der bundesweite Wettbewerb richtet sich an Kommunen, Kreise und Ministerien mit digitaler Exzellenz<a>.<\/a><\/p>\n\n\n\n<p>In seiner Bewerbung hat der Rhein-Kreis Neuss seine Vorreiterrolle in der interkommunalen Zusammenarbeit bei der Digitalisierung und den gemeinsamen, mit seinen acht kreisangeh\u00f6rigen Kommunen einheitlichen und kreisweiten Aufbau eines Digitalen Zwillings inklusive einer Datendrehscheibe beziehungsweise urbaner Datenplattform herausgestellt. Die Federf\u00fchrung hat das Kataster- und Vermessungsamt des Rhein-Kreises Neuss. IT-Dezernent Harald Vieten, Amtsleiter Michael Fielenbach, Geodaten-Experte Christoph Kany und ihr Team treiben die Weiterentwicklung des Digitalen Zwillings hier voran.<\/p>\n\n\n\n<p>Ziel ist es, die Geodaten der Kommunalverwaltungen an Rhein, Erft und Gillbach zusammenzuf\u00fchren, um die reale Welt auf dem Bildschirm erlebbar zu machen. Die Nutzer erhalten Zugriff auf hochaufgel\u00f6ste, dreidimensionale 360-Grad-Bilddaten, die vergleichbar mit einer virtuellen Realit\u00e4t sein sollen. Dies erm\u00f6glicht die Visualisierung von Planungsvorhaben und Simulationsmodellen in den Bereichen Mobilit\u00e4t, Verkehr, Bau, Klima, Umwelt und Wirtschaft. Zudem dient das Projekt als Basis f\u00fcr Smart-City-Anwendungen und neue Gesch\u00e4ftsmodelle.<\/p>\n\n\n\n<p>Seit Projektstart im Jahr 2023 \u2013 gef\u00f6rdert durch das NRW-Ministerium f\u00fcr Heimat, Kommunales, Bau und Digitalisierung \u2013 wurden bereits zwei vollst\u00e4ndige 3D-Vermessungen des Stra\u00dfennetzes mit Spezialfahrzeugen durchgef\u00fchrt, eine dritte ist f\u00fcr 2027 geplant. Zus\u00e4tzlich werden kreisweit einheitliche Luftbilddaten (Orthofotos, Schr\u00e4gluftbilder, 3D-Modelle) eingesetzt. Die geplante Datendrehscheibe soll kommunale Datenpools sowie standardisierte Landesdaten zentral b\u00fcndeln und verf\u00fcgbar machen. Eine vorbereitende Dateninventur wurde erfolgreich abgeschlossen.<\/p>\n\n\n\n<p>Quelle: <a href=\"http:\/\/www.rhein-kreis-neuss.de\">Rhein-Kreis Neuss<\/a><\/p>\n\n\n<figure class=\"wp-block-post-featured-image\"><img loading=\"lazy\" decoding=\"async\" width=\"1912\" height=\"825\" src=\"https:\/\/standort-niederrhein.de\/wp-content\/uploads\/2025\/09\/Digitaler-Zwilling-Screenshot.jpg\" class=\"attachment-post-thumbnail size-post-thumbnail wp-post-image\" alt=\"\" style=\"object-fit:cover;\" srcset=\"https:\/\/standort-niederrhein.de\/wp-content\/uploads\/2025\/09\/Digitaler-Zwilling-Screenshot.jpg 1912w, https:\/\/standort-niederrhein.de\/wp-content\/uploads\/2025\/09\/Digitaler-Zwilling-Screenshot-1280x552.jpg 1280w, https:\/\/standort-niederrhein.de\/wp-content\/uploads\/2025\/09\/Digitaler-Zwilling-Screenshot-980x423.jpg 980w, https:\/\/standort-niederrhein.de\/wp-content\/uploads\/2025\/09\/Digitaler-Zwilling-Screenshot-480x207.jpg 480w\" sizes=\"(min-width: 0px) and (max-width: 480px) 480px, (min-width: 481px) and (max-width: 980px) 980px, (min-width: 981px) and (max-width: 1280px) 1280px, (min-width: 1281px) 1912px, 100vw\" \/><\/figure>\n\n\n<p>Der \u201eDigitale Zwilling\u201c zeigt ein digitales Abbild des Rhein-Kreises Neuss. | Screenshot: Rhein-Kreis Neuss<\/p>\n","protected":false},"excerpt":{"rendered":"<p>Rhein-Kreis Neuss. Der Rhein-Kreis Neuss z\u00e4hlt mit dem interkommunalen Projekt \u201eDigitaler Zwilling im Rhein-Kreis Neuss\u201c zu den drei Finalisten des \u201eDigital-Award 2025\u201c in der Kategorie \u201eLandkreise, Ministerien und sonstige Beh\u00f6rden\u201c. Eine Fachjury hat das Projekt aus bundesweit mehr als 70 eingereichten Bewerbungen ausgew\u00e4hlt. \u201eDie Nominierung als Finalist zeigt, dass der Rhein-Kreis Neuss bei der Digitalisierung [&hellip;]<\/p>\n","protected":false},"author":3,"featured_media":6494,"comment_status":"closed","ping_status":"closed","sticky":false,"template":"","format":"standard","meta":{"_et_pb_use_builder":"","_et_pb_old_content":"","_et_gb_content_width":"","footnotes":""},"categories":[1],"tags":[],"class_list":["post-6493","post","type-post","status-publish","format-standard","has-post-thumbnail","hentry","category-allgemein"],"_links":{"self":[{"href":"https:\/\/standort-niederrhein.de\/en\/wp-json\/wp\/v2\/posts\/6493","targetHints":{"allow":["GET"]}}],"collection":[{"href":"https:\/\/standort-niederrhein.de\/en\/wp-json\/wp\/v2\/posts"}],"about":[{"href":"https:\/\/standort-niederrhein.de\/en\/wp-json\/wp\/v2\/types\/post"}],"author":[{"embeddable":true,"href":"https:\/\/standort-niederrhein.de\/en\/wp-json\/wp\/v2\/users\/3"}],"replies":[{"embeddable":true,"href":"https:\/\/standort-niederrhein.de\/en\/wp-json\/wp\/v2\/comments?post=6493"}],"version-history":[{"count":1,"href":"https:\/\/standort-niederrhein.de\/en\/wp-json\/wp\/v2\/posts\/6493\/revisions"}],"predecessor-version":[{"id":6495,"href":"https:\/\/standort-niederrhein.de\/en\/wp-json\/wp\/v2\/posts\/6493\/revisions\/6495"}],"wp:featuredmedia":[{"embeddable":true,"href":"https:\/\/standort-niederrhein.de\/en\/wp-json\/wp\/v2\/media\/6494"}],"wp:attachment":[{"href":"https:\/\/standort-niederrhein.de\/en\/wp-json\/wp\/v2\/media?parent=6493"}],"wp:term":[{"taxonomy":"category","embeddable":true,"href":"https:\/\/standort-niederrhein.de\/en\/wp-json\/wp\/v2\/categories?post=6493"},{"taxonomy":"post_tag","embeddable":true,"href":"https:\/\/standort-niederrhein.de\/en\/wp-json\/wp\/v2\/tags?post=6493"}],"curies":[{"name":"wp","href":"https:\/\/api.w.org\/{rel}","templated":true}]}}