{"id":6482,"date":"2025-09-02T06:00:00","date_gmt":"2025-09-02T04:00:00","guid":{"rendered":"https:\/\/standort-niederrhein.de\/?p=6482"},"modified":"2025-09-01T16:17:41","modified_gmt":"2025-09-01T14:17:41","slug":"15-dormagentalk-mit-nrw-innenminister-herbert-reul","status":"publish","type":"post","link":"https:\/\/standort-niederrhein.de\/en\/2025\/09\/02\/15-dormagentalk-mit-nrw-innenminister-herbert-reul\/","title":{"rendered":"15. DormagenTalk mit NRW-Innenminister Herbert Reul"},"content":{"rendered":"\n<p><strong>Dormagen.<\/strong> Gro\u00dfer Andrang bei \u201eSchor Einbruchschutz\u201c in Dormagen: NRW-Innenminister Herbert Reul sprach auf dem von B\u00fcrgermeisterkandidatin Anissa Saysay initiierten und organisierten 15. DormagenTalk \u00fcber das Thema Sicherheit, eines der zentralen Themen des Wahlkampfs \u2013 und 150 G\u00e4ste waren gekommen.<\/p>\n\n\n\n<p>Und Reul nahm kein Blatt vor den Mund: \u201eEs sind komplizierte Zeiten mit Konflikten an jeder Ecke. 70 % der Menschen vertrauen dem Staat nicht mehr.\u201c Reul weiter: \u201eDie Leute w\u00fcnschen Stabilit\u00e4t, Sicherheit, innen und au\u00dfen.\u201c<\/p>\n\n\n\n<p>Reul verdeutlichte am Beispiel der Clan-Kriminalit\u00e4t, was er und seine Beamten tun, um das Vertrauen in den Rechtsstaat zur\u00fcckzugewinnen:<\/p>\n\n\n\n<p>95 % der strafbaren Handlungen gingen, so Reul, auf das Konto von 150 Familien. Also werden gezielt immer und immer wieder Razzien durchgef\u00fchrt und jede Straftat konsequent verfolgt und sanktioniert. \u201eDas nennen wir die Politik der Nadelstiche. Sinn und Zweck ist es, zu zeigen: Hier gilt nicht das Gesetz der Familie. Bei uns hat allein der Staat das Gewaltmonopol.\u201c<\/p>\n\n\n\n<p>Reul bilanziert: \u201eWir machen den Clans mit den Razzien klar, wie es bei uns l\u00e4uft. Wer gegen unsere Regeln verst\u00f6\u00dft, kriegt Stress. Auch beim Messerverbot gehen wir gleicherma\u00dfen konsequent vor.\u201c<\/p>\n\n\n\n<p>Zudem sprach der Innenminister das Problem der Netzkriminalit\u00e4t und die damit verbundenen Herausforderungen an. Die f\u00fcr die Aufkl\u00e4rung dieser Straftaten notwendigen Experten bildet die Polizei schon seit einigen Jahren selbst aus.<\/p>\n\n\n\n<p>B\u00fcrgermeisterkandidatin Anissa Saysay brach das Thema auf Dormagen runter und erkl\u00e4rte, dass man in diesem Sinne auch in der Kommunalpolitik vorgehen solle. Also:&nbsp; Probleme offen benennen und intelligent l\u00f6sen. Ihr Beispiel: \u201eDer Bahnhof bei uns ist schon sehr gruselig. F\u00fcr Frauen, die sp\u00e4t abends von der Arbeit hier ankommen, ist das die H\u00f6lle. Ich pers\u00f6nlich f\u00fchle mich dort auch unsicher.\u201c<\/p>\n\n\n\n<p>Anissa Saysay versprach, sich als B\u00fcrgermeisterin beim Thema Sicherheit allgemein und besonders im Bahnhofsbereich daf\u00fcr einzusetzen, L\u00f6sungen vor Ort zu finden und umzusetzen \u2013 in Zusammenarbeit mit dem Minister, der Polizei, dem Ordnungsamt und der Deutschen Bahn. \u00dcberhaupt m\u00fcsste das auch in Dormagen ganz zentrale Thema \u201eSicherheit\u201c weit offener angesprochen, diskutiert und vor allem l\u00f6sungsorientert angegangen werden.<\/p>\n\n\n\n<p>Durch den Abend f\u00fchrte gekonnt RTL-Moderator Dieter K\u00f6nnes. Unter den G\u00e4sten waren u.a.: Landrat Hans-J\u00fcrgen Petrauschke und Ex-B\u00fcrgermeister Peter-Olaf Hoffmann. Bei der anschlie\u00dfenden Podiumsdiskussion gab es gro\u00dfes Lob f\u00fcr die Feuerwehr von Dormagen.<\/p>\n\n\n\n<p>Das Schlusswort hatte Minister Reul, der betonte, dass \u201eDanke\u201c sein Lieblingswort sei und wir es \u00f6fter benutzen sollten.<\/p>\n\n\n\n<p><strong>DormagenTalk \u2013 Dormagen redet und h\u00f6rt zu<\/strong><br>Der DormagenTalk ist ein 2021 von Anissa Saysay gegr\u00fcndetes Veranstaltungsformat.\u00a0 Erste G\u00e4stin war Professor Rita S\u00fcssmuth, Bundestagspr\u00e4sidentin a.D. und langj\u00e4hrige Bundesministerin f\u00fcr Jugend, Familie und Gesundheit. Professor S\u00fcssmuth gilt heute noch als Inbegriff einer modernen Frauen- und Familienpolitik und wird als eine der bedeutendsten Politikerinnen Deutschlands verehrt und bewundert.<\/p>\n\n\n\n<p>Was damals als mutiges Gespr\u00e4chsformat begann, hat sich zu einer partei\u00fcbergreifend besuchten B\u00fchne f\u00fcr Austausch, Haltung und neue Impulse entwickelt. Ob Minister, Wirtschaftsexperten oder Ex-Nationalspieler wie Thomas Helmer \u2013 beim Dormagen Talk treffen sich Menschen, die etwas zu sagen haben, und solche, die offen zuh\u00f6ren.<\/p>\n\n\n\n<p>Dabei geht es nicht um Talkshow-Inszenierung, sondern um echte Gespr\u00e4che zu Themen, die gesellschaftspolitisch relevant und sp\u00fcrbar aktuell sind.<\/p>\n\n\n\n<p>Besonders gesch\u00e4tzt wird das Get-together im Anschluss: Denn hier entstehen Begegnungen, Gespr\u00e4che auf Augenh\u00f6he und neue Netzwerke f\u00fcr die Stadt.<\/p>\n\n\n\n<p>Quelle: J\u00f6rg Schwarz<\/p>\n\n\n<figure class=\"wp-block-post-featured-image\"><img loading=\"lazy\" decoding=\"async\" width=\"2560\" height=\"1707\" src=\"https:\/\/standort-niederrhein.de\/wp-content\/uploads\/2025\/09\/IMG_8690-scaled.jpeg\" class=\"attachment-post-thumbnail size-post-thumbnail wp-post-image\" alt=\"\" style=\"object-fit:cover;\" srcset=\"https:\/\/standort-niederrhein.de\/wp-content\/uploads\/2025\/09\/IMG_8690-scaled.jpeg 2560w, https:\/\/standort-niederrhein.de\/wp-content\/uploads\/2025\/09\/IMG_8690-1280x854.jpeg 1280w, https:\/\/standort-niederrhein.de\/wp-content\/uploads\/2025\/09\/IMG_8690-980x653.jpeg 980w, https:\/\/standort-niederrhein.de\/wp-content\/uploads\/2025\/09\/IMG_8690-480x320.jpeg 480w\" sizes=\"(min-width: 0px) and (max-width: 480px) 480px, (min-width: 481px) and (max-width: 980px) 980px, (min-width: 981px) and (max-width: 1280px) 1280px, (min-width: 1281px) 2560px, 100vw\" \/><\/figure>\n\n\n<p>Der Spirit des DormagenTalks: Dormagen redet \u2013 und h\u00f6rt zu.\u00a0Von links: : \u00a0Herbert Reul, Anissa Saysay und Dieter K\u00f6nnes | Foto: CDU Dormagen<\/p>\n","protected":false},"excerpt":{"rendered":"<p>Dormagen. Gro\u00dfer Andrang bei \u201eSchor Einbruchschutz\u201c in Dormagen: NRW-Innenminister Herbert Reul sprach auf dem von B\u00fcrgermeisterkandidatin Anissa Saysay initiierten und organisierten 15. DormagenTalk \u00fcber das Thema Sicherheit, eines der zentralen Themen des Wahlkampfs \u2013 und 150 G\u00e4ste waren gekommen. Und Reul nahm kein Blatt vor den Mund: \u201eEs sind komplizierte Zeiten mit Konflikten an jeder [&hellip;]<\/p>\n","protected":false},"author":3,"featured_media":6483,"comment_status":"closed","ping_status":"closed","sticky":false,"template":"","format":"standard","meta":{"_et_pb_use_builder":"","_et_pb_old_content":"","_et_gb_content_width":"","footnotes":""},"categories":[1],"tags":[],"class_list":["post-6482","post","type-post","status-publish","format-standard","has-post-thumbnail","hentry","category-allgemein"],"_links":{"self":[{"href":"https:\/\/standort-niederrhein.de\/en\/wp-json\/wp\/v2\/posts\/6482","targetHints":{"allow":["GET"]}}],"collection":[{"href":"https:\/\/standort-niederrhein.de\/en\/wp-json\/wp\/v2\/posts"}],"about":[{"href":"https:\/\/standort-niederrhein.de\/en\/wp-json\/wp\/v2\/types\/post"}],"author":[{"embeddable":true,"href":"https:\/\/standort-niederrhein.de\/en\/wp-json\/wp\/v2\/users\/3"}],"replies":[{"embeddable":true,"href":"https:\/\/standort-niederrhein.de\/en\/wp-json\/wp\/v2\/comments?post=6482"}],"version-history":[{"count":1,"href":"https:\/\/standort-niederrhein.de\/en\/wp-json\/wp\/v2\/posts\/6482\/revisions"}],"predecessor-version":[{"id":6484,"href":"https:\/\/standort-niederrhein.de\/en\/wp-json\/wp\/v2\/posts\/6482\/revisions\/6484"}],"wp:featuredmedia":[{"embeddable":true,"href":"https:\/\/standort-niederrhein.de\/en\/wp-json\/wp\/v2\/media\/6483"}],"wp:attachment":[{"href":"https:\/\/standort-niederrhein.de\/en\/wp-json\/wp\/v2\/media?parent=6482"}],"wp:term":[{"taxonomy":"category","embeddable":true,"href":"https:\/\/standort-niederrhein.de\/en\/wp-json\/wp\/v2\/categories?post=6482"},{"taxonomy":"post_tag","embeddable":true,"href":"https:\/\/standort-niederrhein.de\/en\/wp-json\/wp\/v2\/tags?post=6482"}],"curies":[{"name":"wp","href":"https:\/\/api.w.org\/{rel}","templated":true}]}}