{"id":6478,"date":"2025-09-01T06:00:00","date_gmt":"2025-09-01T04:00:00","guid":{"rendered":"https:\/\/standort-niederrhein.de\/?p=6478"},"modified":"2025-08-29T14:36:35","modified_gmt":"2025-08-29T12:36:35","slug":"designstudentinnen-erfolgreich-beim-39-plakatwettbewerb-des-deutschen-studierendenwerks","status":"publish","type":"post","link":"https:\/\/standort-niederrhein.de\/en\/2025\/09\/01\/designstudentinnen-erfolgreich-beim-39-plakatwettbewerb-des-deutschen-studierendenwerks\/","title":{"rendered":"Designstudentinnen erfolgreich beim 39. Plakatwettbewerb des Deutschen Studierendenwerks"},"content":{"rendered":"\n<p><strong>Krefeld\/ Berlin. <\/strong>Die Studentinnen Lena Bothe und Julia Niemeyer vom Fachbereich Design der Hochschule Niederrhein z\u00e4hlen zu den Preistr\u00e4gerinnen des 39. Plakatwettbewerbs des Deutschen Studierendenwerks. Ihre Arbeiten wurden aus insgesamt 745 Einsendungen von 37 Hochschulen ausgew\u00e4hlt und geh\u00f6ren zu den 29 besten Plakatmotiven des Wettbewerbs.<\/p>\n\n\n\n<p>Beide Plakate entstanden im Rahmen von Seminaren bei Prof. Richard Jung und Prof. Nora Gummert-Hauser. Das diesj\u00e4hrige Wettbewerbsthema lautete: \u201eCampus der Zukunft\u201c \u2013 ein Aufruf zur kreativen Auseinandersetzung mit der Frage, wie Hochschule k\u00fcnftig gestaltet, erlebt und gedacht werden kann.<\/p>\n\n\n\n<p>\u201eDie Hochschule ist mehr als nur ein Ort, an dem wir lernen. Es ist ein Ort der Begegnung, der Kreativit\u00e4t und der Mitgestaltung. Ein Ort, an dem Ideen geboren und in der Praxis erprobt werden. Unser ,Campus der Zukunft\u2018 braucht unsere Initiative. Jetzt ist die Zeit, Verantwortung zu \u00fcbernehmen, Nachhaltigkeit neu zu denken und echte Ver\u00e4nderungen anzusto\u00dfen. Gemeinsam lassen wir das Campusleben aufbl\u00fchen\u201c, beschreibt Julia Niemeyer ihren Entwurf.<\/p>\n\n\n\n<p>Lena Bothe sagt \u00fcber ihren Plakatentwurf: \u201eWerden wir alle zu Hause vor dem Laptop sitzen? Werden wir in einem begr\u00fcnten Campusgarten zusammen studieren? Welche Werte und welches Wissen werden uns in Zukunft vermittelt? Wie wird K\u00fcnstliche Intelligenz unser Studium ver\u00e4ndern oder sogar ersetzen? Niemand wei\u00df, wie der Campus der Zukunft aussehen wird. Aber wenn wir unsere Zukunft mitgestalten und nicht alles dem Zufall, der Politik oder dem technologischen Fortschritt \u00fcberlassen wollen, m\u00fcssen wir mutig werden. Mit meinem Plakat m\u00f6chte ich zum ,Gro\u00dfdenken\u2018 animieren. Zum Mutigsein. Dazu, sich nicht immer mit dem Gewohnten zufriedenzugeben, sondern aktiv zu werden.\u201c<\/p>\n\n\n\n<p>Die Preisverleihung fand bereits Ende Juni im Museum f\u00fcr Kommunikation in Berlin statt. Die pr\u00e4mierte Auswahl ist nun Teil einer Wanderausstellung, die ab Herbst 2025 bundesweit in Studierendenwerken sowie im Wissenschaftszentrum Bonn zu sehen sein wird.<\/p>\n\n\n\n<p>Alle pr\u00e4mierten Plakate sind unter folgendem Link einsehbar: <a href=\"https:\/\/link.mediaoutreach.meltwater.com\/ls\/click?upn=u001.3P8ePXYPv6zzgBAtOK2CT3o8vvnmzw3HqIGZtLDr-2BwkL32YzRBBwjo5qYkGAppXqFZzJ_g74UsaVuWqwWE6gZvK2IYmPPDkBDyDn0U0b-2BJ0fFJ-2FIhixoGyZfEdTRKBq1CL8m2Ovz4mxFy-2Bd235K3nLKKXiuLMtSz1uyL5KmK5IBvqPg2Erl-2BeOQceYgvRwLGUtg2OCUhbZ5qfucZM-2BeKDfBfPhdXJrVA4H9H8M8DENiErwNWLk4Wes2RhUHNwIwMAh0HUCvD-2FsJFJl-2Fpg7zHWGZ7Y5fEG1wEowHjIYWF8gZ3WrJermgEIeRpfFFJ3vh6OHv-2BNVjMsG0Njh-2FcF1w6etg4kvkoOrbt42JfYaKnpbC2AgtreCsUKCMbZHy1xSF3V6T0ccP7A5kDbY0rORsF-2BYFhzf4UyowV8dk5ez2f6Zca85qIVEy5L1itQEFgWed8eJGNGraZ3U1pjlRVZFmdvFlSrYg-3D-3D\">www.dsw-plakatwettbewerb.de<\/a><\/p>\n\n\n\n<p>Quelle: <a href=\"http:\/\/www.hs-niederrhein.de\">Hochschule Niederrhein<\/a><\/p>\n\n\n<figure class=\"wp-block-post-featured-image\"><img loading=\"lazy\" decoding=\"async\" width=\"2560\" height=\"1811\" src=\"https:\/\/standort-niederrhein.de\/wp-content\/uploads\/2025\/08\/Plakat-HSNR-scaled.jpg\" class=\"attachment-post-thumbnail size-post-thumbnail wp-post-image\" alt=\"\" style=\"object-fit:cover;\" srcset=\"https:\/\/standort-niederrhein.de\/wp-content\/uploads\/2025\/08\/Plakat-HSNR-scaled.jpg 2560w, https:\/\/standort-niederrhein.de\/wp-content\/uploads\/2025\/08\/Plakat-HSNR-1280x906.jpg 1280w, https:\/\/standort-niederrhein.de\/wp-content\/uploads\/2025\/08\/Plakat-HSNR-980x693.jpg 980w, https:\/\/standort-niederrhein.de\/wp-content\/uploads\/2025\/08\/Plakat-HSNR-480x340.jpg 480w\" sizes=\"(min-width: 0px) and (max-width: 480px) 480px, (min-width: 481px) and (max-width: 980px) 980px, (min-width: 981px) and (max-width: 1280px) 1280px, (min-width: 1281px) 2560px, 100vw\" \/><\/figure>\n\n\n<p>Fotos: Hochschule Niederrhein<\/p>\n","protected":false},"excerpt":{"rendered":"<p>Krefeld\/ Berlin. Die Studentinnen Lena Bothe und Julia Niemeyer vom Fachbereich Design der Hochschule Niederrhein z\u00e4hlen zu den Preistr\u00e4gerinnen des 39. Plakatwettbewerbs des Deutschen Studierendenwerks. Ihre Arbeiten wurden aus insgesamt 745 Einsendungen von 37 Hochschulen ausgew\u00e4hlt und geh\u00f6ren zu den 29 besten Plakatmotiven des Wettbewerbs. Beide Plakate entstanden im Rahmen von Seminaren bei Prof. Richard [&hellip;]<\/p>\n","protected":false},"author":3,"featured_media":6480,"comment_status":"closed","ping_status":"closed","sticky":false,"template":"","format":"standard","meta":{"_et_pb_use_builder":"","_et_pb_old_content":"","_et_gb_content_width":"","footnotes":""},"categories":[1],"tags":[],"class_list":["post-6478","post","type-post","status-publish","format-standard","has-post-thumbnail","hentry","category-allgemein"],"_links":{"self":[{"href":"https:\/\/standort-niederrhein.de\/en\/wp-json\/wp\/v2\/posts\/6478","targetHints":{"allow":["GET"]}}],"collection":[{"href":"https:\/\/standort-niederrhein.de\/en\/wp-json\/wp\/v2\/posts"}],"about":[{"href":"https:\/\/standort-niederrhein.de\/en\/wp-json\/wp\/v2\/types\/post"}],"author":[{"embeddable":true,"href":"https:\/\/standort-niederrhein.de\/en\/wp-json\/wp\/v2\/users\/3"}],"replies":[{"embeddable":true,"href":"https:\/\/standort-niederrhein.de\/en\/wp-json\/wp\/v2\/comments?post=6478"}],"version-history":[{"count":1,"href":"https:\/\/standort-niederrhein.de\/en\/wp-json\/wp\/v2\/posts\/6478\/revisions"}],"predecessor-version":[{"id":6481,"href":"https:\/\/standort-niederrhein.de\/en\/wp-json\/wp\/v2\/posts\/6478\/revisions\/6481"}],"wp:featuredmedia":[{"embeddable":true,"href":"https:\/\/standort-niederrhein.de\/en\/wp-json\/wp\/v2\/media\/6480"}],"wp:attachment":[{"href":"https:\/\/standort-niederrhein.de\/en\/wp-json\/wp\/v2\/media?parent=6478"}],"wp:term":[{"taxonomy":"category","embeddable":true,"href":"https:\/\/standort-niederrhein.de\/en\/wp-json\/wp\/v2\/categories?post=6478"},{"taxonomy":"post_tag","embeddable":true,"href":"https:\/\/standort-niederrhein.de\/en\/wp-json\/wp\/v2\/tags?post=6478"}],"curies":[{"name":"wp","href":"https:\/\/api.w.org\/{rel}","templated":true}]}}