{"id":6466,"date":"2025-08-29T06:00:00","date_gmt":"2025-08-29T04:00:00","guid":{"rendered":"https:\/\/standort-niederrhein.de\/?p=6466"},"modified":"2025-08-29T09:47:12","modified_gmt":"2025-08-29T07:47:12","slug":"verhandlungen-zur-zukunft-des-kaufhof-standorts-auf-zielgeraden","status":"publish","type":"post","link":"https:\/\/standort-niederrhein.de\/en\/2025\/08\/29\/verhandlungen-zur-zukunft-des-kaufhof-standorts-auf-zielgeraden\/","title":{"rendered":"Verhandlungen zur Zukunft des Kaufhof-Standorts auf Zielgeraden"},"content":{"rendered":"\n<p>Krefeld. Mit dem anstehenden Verkauf der Kaufhof-Immobilie an einen Projektentwickler und der Vertragsunterzeichnung f\u00fcr einen Einzug der Volkshochschule (VHS) in Teile des ehemaligen Kaufhof-Geb\u00e4udes in der Krefelder Innenstadt wird die<br>positive Zukunft des Objektes gesichert. Die Einigung \u00fcber den Verkauf des Standorts ist nahezu erreicht. Sp\u00e4testens Mitte Oktober soll der Erwerb der Immobilie durch einen Projektentwickler erfolgen. Die Stadtverwaltung wird bereits im Vorfeld im September einen an den Verkauf gebundenen Mietvertrag f\u00fcr die VHS im Kaufhof unterzeichnen. Au\u00dferdem ist ein weiterer Ankermieter aus dem Dienstleistungssektor f\u00fcr den Kaufhof-Standort gefunden worden und es gibt fortgeschrittene Gespr\u00e4che mit zwei Gastronomen und einem Einzelh\u00e4ndler \u00fcber eine Ansiedlung. \u00dcber die aktuelle Entwicklung hat die Stadtverwaltung die Politik im Vorfeld des Betriebsausschusses Zentrales Geb\u00e4udemanagements informiert.<\/p>\n\n\n\n<p>\u201eDie Kaufhof-Immobilie mitten in der Krefelder Innenstadt wird wieder mit Leben gef\u00fcllt \u2013 mit einem breiten Nutzungsmix aus Handel, Wohnen, Gastronomie, Dienstleistung und der Volkshochschule mit t\u00e4glich rund 500 Besucherinnen und Besuchern. Das ist f\u00fcr Krefeld eine sehr gute Nachricht und wird f\u00fcr eine Attraktivierung im Herzen der Innenstadt sorgen. Die Besucherfrequenz in der City wird steigen, der Platz vor dem Kaufhof wird weiter mit Leben gef\u00fcllt\u201c, sagt Oberb\u00fcrgermeister Frank Meyer, der sich mit Wirtschaftsdezernent Eckart Preen intensiv in den Prozess der Entwicklung des Standorts eingebracht hatte.<\/p>\n\n\n\n<p>Deutschlandweit stehen viele Kommunen nach der Insolvenz und folgenden Schlie\u00dfung vieler Kaufhof-Filialen vor der Herausforderung, eine ungenutzte Gro\u00dfimmobilie mitten in der Innenstadt zu haben. In Krefeld wurde mit intensivem<br>Bem\u00fchen der Stadtverwaltung, Krefeld Business und dem Handel schnell eine L\u00f6sung gefunden, bei der das Geb\u00e4ude in privatem Besitz bleibt, die Stadtverwaltung jedoch als Mieterin zu einem Nutzungsmix beitr\u00e4gt. \u201eDie beiden notwendigen Vertragsabschl\u00fcsse sind jetzt in greifbarer N\u00e4he. Wir sind jetzt so weit, dass wir die positive Entwicklung vor Augen haben. Dar\u00fcber freue ich mich, denn sie bedeutet weiteren R\u00fcckenwind f\u00fcr die St\u00e4rkung der Krefelder Innenstadt\u201c, betont Wirtschaftsdezernent Eckart Preen.<\/p>\n\n\n\n<p>Das Verfahren zum Verkauf der Kaufhof-Immobilie schreitet jetzt planm\u00e4\u00dfig voran, nachdem es zuletzt noch einige Absprachen des Verk\u00e4ufers mit der Gl\u00e4ubigerbank gegeben hatte. Die Finanzierungsstruktur ist inzwischen vollst\u00e4ndig gekl\u00e4rt. F\u00fcr die Anmietung von Teilen der Immobilie f\u00fcr die Volkshochschule werden zwischen Stadtverwaltung und Projektentwickler derzeit noch letzte Details verhandelt.<\/p>\n\n\n\n<p>Quelle: <a href=\"http:\/\/www.krefeld.de\">Stadt Krefeld<\/a><\/p>\n","protected":false},"excerpt":{"rendered":"<p>Krefeld. Mit dem anstehenden Verkauf der Kaufhof-Immobilie an einen Projektentwickler und der Vertragsunterzeichnung f\u00fcr einen Einzug der Volkshochschule (VHS) in Teile des ehemaligen Kaufhof-Geb\u00e4udes in der Krefelder Innenstadt wird diepositive Zukunft des Objektes gesichert. Die Einigung \u00fcber den Verkauf des Standorts ist nahezu erreicht. Sp\u00e4testens Mitte Oktober soll der Erwerb der Immobilie durch einen Projektentwickler [&hellip;]<\/p>\n","protected":false},"author":3,"featured_media":0,"comment_status":"closed","ping_status":"closed","sticky":false,"template":"","format":"standard","meta":{"_et_pb_use_builder":"","_et_pb_old_content":"","_et_gb_content_width":"","footnotes":""},"categories":[1],"tags":[],"class_list":["post-6466","post","type-post","status-publish","format-standard","hentry","category-allgemein"],"_links":{"self":[{"href":"https:\/\/standort-niederrhein.de\/en\/wp-json\/wp\/v2\/posts\/6466","targetHints":{"allow":["GET"]}}],"collection":[{"href":"https:\/\/standort-niederrhein.de\/en\/wp-json\/wp\/v2\/posts"}],"about":[{"href":"https:\/\/standort-niederrhein.de\/en\/wp-json\/wp\/v2\/types\/post"}],"author":[{"embeddable":true,"href":"https:\/\/standort-niederrhein.de\/en\/wp-json\/wp\/v2\/users\/3"}],"replies":[{"embeddable":true,"href":"https:\/\/standort-niederrhein.de\/en\/wp-json\/wp\/v2\/comments?post=6466"}],"version-history":[{"count":1,"href":"https:\/\/standort-niederrhein.de\/en\/wp-json\/wp\/v2\/posts\/6466\/revisions"}],"predecessor-version":[{"id":6467,"href":"https:\/\/standort-niederrhein.de\/en\/wp-json\/wp\/v2\/posts\/6466\/revisions\/6467"}],"wp:attachment":[{"href":"https:\/\/standort-niederrhein.de\/en\/wp-json\/wp\/v2\/media?parent=6466"}],"wp:term":[{"taxonomy":"category","embeddable":true,"href":"https:\/\/standort-niederrhein.de\/en\/wp-json\/wp\/v2\/categories?post=6466"},{"taxonomy":"post_tag","embeddable":true,"href":"https:\/\/standort-niederrhein.de\/en\/wp-json\/wp\/v2\/tags?post=6466"}],"curies":[{"name":"wp","href":"https:\/\/api.w.org\/{rel}","templated":true}]}}