{"id":6463,"date":"2025-08-27T07:00:00","date_gmt":"2025-08-27T05:00:00","guid":{"rendered":"https:\/\/standort-niederrhein.de\/?p=6463"},"modified":"2025-08-29T09:39:16","modified_gmt":"2025-08-29T07:39:16","slug":"lackzentrum-dormagen-investiert-28-mio-euro-in-neue-halle","status":"publish","type":"post","link":"https:\/\/standort-niederrhein.de\/en\/2025\/08\/27\/lackzentrum-dormagen-investiert-28-mio-euro-in-neue-halle\/","title":{"rendered":"Lackzentrum Dormagen investiert 2,8 Mio. Euro in neue Halle"},"content":{"rendered":"\n<p><strong>Dormagen.<\/strong> Das Lackzentrum Dormagen (LZD) ist auf Wachstumskurs: Mitte August erfolgte auf dem Firmengel\u00e4nde an der B9 der Spatenstich f\u00fcr eine neue Halle direkt neben dem bestehenden Betrieb. Auf rund 1.400 Quadratmetern entstehen 15 Arbeitspl\u00e4tze f\u00fcr den Karosseriebau \u2013 ein Bereich, der sich seit der Corona-Pandemie insbesondere durch den Ausbau der Wohnmobilsparte stetig entwickelt. Die Fertigstellung der neuen Halle ist f\u00fcr M\u00e4rz 2026 geplant.<\/p>\n\n\n\n<p>\u201eMit dem Neubau k\u00f6nnen wir Karosseriebau und Lackierung zuk\u00fcnftig r\u00e4umlich trennen und dadurch deutlich effizienter arbeiten\u201c, erl\u00e4utert Prokuristin Nadia Bahto die strategische Ausrichtung. Insgesamt investiert das Unternehmen 2,8 Millionen Euro zuz\u00fcglich Werkstattausstattung \u2013 ein klares Bekenntnis zum Standort Dormagen. Gesch\u00e4ftsf\u00fchrer Mujo Bahto, der 2011 mit dem markenunabh\u00e4ngigen AMB Autozentrum Dormagen an der Roseller Stra\u00dfe den Schritt in die Selbstst\u00e4ndigkeit wagte und 2020 das Lackzentrum gr\u00fcndete, sieht im Neubau einen wichtigen Meilenstein. Unterst\u00fctzung erf\u00e4hrt er von der Stadt. B\u00fcrgermeister Erik Lierenfeld betonte beim Spatenstich: \u201eIch freue mich sehr, dass ein in Dormagen verwurzeltes Unternehmen hier Potenzial f\u00fcr Wachstum sieht und neue Arbeitspl\u00e4tze schafft. Das zeigt: Dormagen ist ein attraktiver Wirtschaftsstandort mit Perspektiven.\u201c<\/p>\n\n\n\n<p>Michael Bison, Gesch\u00e4ftsf\u00fchrer der Stadtmarketing- und Wirtschaftsf\u00f6rderungsgesellschaft Dormagen (SWD), hob die enge Zusammenarbeit mit dem Unternehmen hervor: \u201eWeil man uns fr\u00fchzeitig eingebunden hat, konnten wir den Genehmigungsprozess f\u00fcr den Neubau begleiten und gemeinsam zum Erfolg f\u00fchren.\u201c<\/p>\n\n\n\n<p>Das LZD leistet Vorbildliches in Sachen Mitarbeiterbindung und \u2013f\u00f6rderung. Hier z\u00e4hlen praktisches K\u00f6nnen und Teamgeist mehr als Zeugnisnoten \u2013 auch Menschen mit Lernschwierigkeiten finden im Betrieb Ausbildungs- und Arbeitspl\u00e4tze. 2024 erhielt das Unternehmen daf\u00fcr den Preis Xcellence Made in Dormagen in der Kategorie Soziales Engagement.<\/p>\n\n\n\n<p>Quelle: <a href=\"http:\/\/www.dormagen.de\">Stadt Dormagen<\/a><\/p>\n\n\n<figure class=\"wp-block-post-featured-image\"><img loading=\"lazy\" decoding=\"async\" width=\"2500\" height=\"1875\" src=\"https:\/\/standort-niederrhein.de\/wp-content\/uploads\/2025\/08\/06_SWD_Spatenstich-Lackzentrum_18.08.25.jpg\" class=\"attachment-post-thumbnail size-post-thumbnail wp-post-image\" alt=\"\" style=\"object-fit:cover;\" srcset=\"https:\/\/standort-niederrhein.de\/wp-content\/uploads\/2025\/08\/06_SWD_Spatenstich-Lackzentrum_18.08.25.jpg 2500w, https:\/\/standort-niederrhein.de\/wp-content\/uploads\/2025\/08\/06_SWD_Spatenstich-Lackzentrum_18.08.25-1280x960.jpg 1280w, https:\/\/standort-niederrhein.de\/wp-content\/uploads\/2025\/08\/06_SWD_Spatenstich-Lackzentrum_18.08.25-980x735.jpg 980w, https:\/\/standort-niederrhein.de\/wp-content\/uploads\/2025\/08\/06_SWD_Spatenstich-Lackzentrum_18.08.25-480x360.jpg 480w\" sizes=\"(min-width: 0px) and (max-width: 480px) 480px, (min-width: 481px) and (max-width: 980px) 980px, (min-width: 981px) and (max-width: 1280px) 1280px, (min-width: 1281px) 2500px, 100vw\" \/><\/figure>\n\n\n<p>Von rechts: Michael Bison (Gesch\u00e4ftsf\u00fchrer Stadtmarketing- und Wirtschaftsf\u00f6rderungsgesellschaft Dormagen SWD), Mujo Bahto (Gesch\u00e4ftsf\u00fchrer Lackzentrum Dormagen) Nadia Bahto (Prokuristin Lackzentrum Dormagen), Lidia Wygasch-Bierling (Leiterin Unternehmensservice bei der SWD) und einen Vertreter des Bautr\u00e4gers Borgers GmbH. | Foto: Stadt Dormagen<\/p>\n","protected":false},"excerpt":{"rendered":"<p>Dormagen. Das Lackzentrum Dormagen (LZD) ist auf Wachstumskurs: Mitte August erfolgte auf dem Firmengel\u00e4nde an der B9 der Spatenstich f\u00fcr eine neue Halle direkt neben dem bestehenden Betrieb. Auf rund 1.400 Quadratmetern entstehen 15 Arbeitspl\u00e4tze f\u00fcr den Karosseriebau \u2013 ein Bereich, der sich seit der Corona-Pandemie insbesondere durch den Ausbau der Wohnmobilsparte stetig entwickelt. Die [&hellip;]<\/p>\n","protected":false},"author":3,"featured_media":6464,"comment_status":"closed","ping_status":"closed","sticky":false,"template":"","format":"standard","meta":{"_et_pb_use_builder":"","_et_pb_old_content":"","_et_gb_content_width":"","footnotes":""},"categories":[1],"tags":[],"class_list":["post-6463","post","type-post","status-publish","format-standard","has-post-thumbnail","hentry","category-allgemein"],"_links":{"self":[{"href":"https:\/\/standort-niederrhein.de\/en\/wp-json\/wp\/v2\/posts\/6463","targetHints":{"allow":["GET"]}}],"collection":[{"href":"https:\/\/standort-niederrhein.de\/en\/wp-json\/wp\/v2\/posts"}],"about":[{"href":"https:\/\/standort-niederrhein.de\/en\/wp-json\/wp\/v2\/types\/post"}],"author":[{"embeddable":true,"href":"https:\/\/standort-niederrhein.de\/en\/wp-json\/wp\/v2\/users\/3"}],"replies":[{"embeddable":true,"href":"https:\/\/standort-niederrhein.de\/en\/wp-json\/wp\/v2\/comments?post=6463"}],"version-history":[{"count":1,"href":"https:\/\/standort-niederrhein.de\/en\/wp-json\/wp\/v2\/posts\/6463\/revisions"}],"predecessor-version":[{"id":6465,"href":"https:\/\/standort-niederrhein.de\/en\/wp-json\/wp\/v2\/posts\/6463\/revisions\/6465"}],"wp:featuredmedia":[{"embeddable":true,"href":"https:\/\/standort-niederrhein.de\/en\/wp-json\/wp\/v2\/media\/6464"}],"wp:attachment":[{"href":"https:\/\/standort-niederrhein.de\/en\/wp-json\/wp\/v2\/media?parent=6463"}],"wp:term":[{"taxonomy":"category","embeddable":true,"href":"https:\/\/standort-niederrhein.de\/en\/wp-json\/wp\/v2\/categories?post=6463"},{"taxonomy":"post_tag","embeddable":true,"href":"https:\/\/standort-niederrhein.de\/en\/wp-json\/wp\/v2\/tags?post=6463"}],"curies":[{"name":"wp","href":"https:\/\/api.w.org\/{rel}","templated":true}]}}