{"id":6446,"date":"2025-08-25T06:00:00","date_gmt":"2025-08-25T04:00:00","guid":{"rendered":"https:\/\/invest-in-niederrhein.de\/?p=6446"},"modified":"2025-08-20T12:51:37","modified_gmt":"2025-08-20T10:51:37","slug":"wirtschaftsfoerderung-trifft-klimaschutz","status":"publish","type":"post","link":"https:\/\/standort-niederrhein.de\/en\/2025\/08\/25\/wirtschaftsfoerderung-trifft-klimaschutz\/","title":{"rendered":"Wirtschaftsf\u00f6rderung trifft Klimaschutz"},"content":{"rendered":"\n<p><strong>Niederkr\u00fcchten. <\/strong>Merlin Dolenec und Anton Palmer aus Viersen waren nie bei \u201eDie H\u00f6hle der L\u00f6wen\u201c. Doch auch ohne fette Finanzspritze eines solventen Investors starten die beiden Sch\u00fcler durch. Mit ihren nachhaltigen Tabs zur WC-Reinigung sind sie zun\u00e4chst bei \u201eJugend forscht\u201c angetreten. Sp\u00e4ter nahmen sie an einem Ideenwettbewerb teil und durften sich \u00fcber ein Preisgeld freuen. Das floss nat\u00fcrlich gleich in Weiterentwicklung und Produktion der Tabs, die keinerlei Schadstoffe enthalten und somit f\u00fcr Mensch und Natur unsch\u00e4dlich sind.<br><br>Der Weg zum eigenen Unternehmen mit dem Namen \u201eMerClean\u201c war dennoch kein leichter. Da die beiden Gr\u00fcnder nicht vollj\u00e4hrig waren, galt es zun\u00e4chst, die volle Gesch\u00e4ftsf\u00e4higkeit zu erlangen. Die hiermit verbundenen Kosten f\u00fcr einen Anwalt wollten Dolenec und Palmer gerne vermeiden. So fragten sie sich bei Gericht durch und schafften nach vielen Telefonaten, Schreiben und Gespr\u00e4chen letztlich das, was es im Kreis Viersen so noch nie gab: Sie erhielten trotz ihres jungen Alters die volle Gesch\u00e4ftsf\u00e4higkeit und konnten endlich ihr Unternehmen an den Start bringen.<br><br>Mittlerweile gibt es auch erste Kunden, die beliefert werden. Einer davon ist die Gemeinde Niederkr\u00fcchten. Wirtschaftsf\u00f6rderer Frank Grusen war Anfang des Jahres auf die Jungunternehmer aufmerksam geworden und griff schnell zum Telefon: \u201eNachdem ich ohne viel \u00dcberzeugungsarbeit auch unsere Klimaschutzmanagerin f\u00fcr die Idee begeistern konnte, haben wir die nachhaltigen WC-Tabs als `Give-Away` f\u00fcr die Gemeinde bestellt. Merlin und Anton waren super unkompliziert und auch schnell bereit, eine individuelle Verpackung herzustellen, die wir vorab selbst designen konnten\u201c, so Grusen. In die blau-wei\u00dfe Verpackung kommen je drei Tabs mit der Geruchsrichtung Zitrone.<br><br>Nun wurden die Tabs mit dem Niederkr\u00fcchten-individuellen Aufdruck \u201eClean Washing statt Greenwashing\u201c geliefert. Auch Lea Korall ist angetan vom Produkt aus der Kreisstadt: \u201eNachhaltige Give-Aways f\u00fcr Auftritte auf Messen oder bei Veranstaltungen liegen mir immer am Herzen. Wenn sie dann noch aus der direkten Nachbarschaft und von einem so jungen Unternehmen kommen, ist das doch perfekt.\u201c<\/p>\n\n\n\n<p>Quelle: <a href=\"http:\/\/www.niederkruechten.de\">Gemeinde Niederkr\u00fcchten<\/a><\/p>\n\n\n<figure class=\"wp-block-post-featured-image\"><img loading=\"lazy\" decoding=\"async\" width=\"1795\" height=\"1553\" src=\"https:\/\/standort-niederrhein.de\/wp-content\/uploads\/2025\/08\/WC-Tabs-Niederkruechten-MerClean_reduziert.jpg\" class=\"attachment-post-thumbnail size-post-thumbnail wp-post-image\" alt=\"\" style=\"object-fit:cover;\" srcset=\"https:\/\/standort-niederrhein.de\/wp-content\/uploads\/2025\/08\/WC-Tabs-Niederkruechten-MerClean_reduziert.jpg 1795w, https:\/\/standort-niederrhein.de\/wp-content\/uploads\/2025\/08\/WC-Tabs-Niederkruechten-MerClean_reduziert-1280x1107.jpg 1280w, https:\/\/standort-niederrhein.de\/wp-content\/uploads\/2025\/08\/WC-Tabs-Niederkruechten-MerClean_reduziert-980x848.jpg 980w, https:\/\/standort-niederrhein.de\/wp-content\/uploads\/2025\/08\/WC-Tabs-Niederkruechten-MerClean_reduziert-480x415.jpg 480w\" sizes=\"(min-width: 0px) and (max-width: 480px) 480px, (min-width: 481px) and (max-width: 980px) 980px, (min-width: 981px) and (max-width: 1280px) 1280px, (min-width: 1281px) 1795px, 100vw\" \/><\/figure>\n\n\n<p>Von links: Lea Korall (Klimaschutzmanagerin Gemeinde Niederkr\u00fcchten), Merlin Dolenec und Anton Palmer (MerClean) und Frank Grusen (Wirtschaftsf\u00f6rderer Gemeinde Niederkr\u00fcchten) | Foto: Gemeinde Niederkr\u00fcchten<\/p>\n\n\n\n<p><br><br><\/p>\n","protected":false},"excerpt":{"rendered":"<p>Niederkr\u00fcchten. Merlin Dolenec und Anton Palmer aus Viersen waren nie bei \u201eDie H\u00f6hle der L\u00f6wen\u201c. Doch auch ohne fette Finanzspritze eines solventen Investors starten die beiden Sch\u00fcler durch. Mit ihren nachhaltigen Tabs zur WC-Reinigung sind sie zun\u00e4chst bei \u201eJugend forscht\u201c angetreten. Sp\u00e4ter nahmen sie an einem Ideenwettbewerb teil und durften sich \u00fcber ein Preisgeld freuen. [&hellip;]<\/p>\n","protected":false},"author":3,"featured_media":6447,"comment_status":"closed","ping_status":"closed","sticky":false,"template":"","format":"standard","meta":{"_et_pb_use_builder":"","_et_pb_old_content":"","_et_gb_content_width":"","footnotes":""},"categories":[1],"tags":[],"class_list":["post-6446","post","type-post","status-publish","format-standard","has-post-thumbnail","hentry","category-allgemein"],"_links":{"self":[{"href":"https:\/\/standort-niederrhein.de\/en\/wp-json\/wp\/v2\/posts\/6446","targetHints":{"allow":["GET"]}}],"collection":[{"href":"https:\/\/standort-niederrhein.de\/en\/wp-json\/wp\/v2\/posts"}],"about":[{"href":"https:\/\/standort-niederrhein.de\/en\/wp-json\/wp\/v2\/types\/post"}],"author":[{"embeddable":true,"href":"https:\/\/standort-niederrhein.de\/en\/wp-json\/wp\/v2\/users\/3"}],"replies":[{"embeddable":true,"href":"https:\/\/standort-niederrhein.de\/en\/wp-json\/wp\/v2\/comments?post=6446"}],"version-history":[{"count":1,"href":"https:\/\/standort-niederrhein.de\/en\/wp-json\/wp\/v2\/posts\/6446\/revisions"}],"predecessor-version":[{"id":6448,"href":"https:\/\/standort-niederrhein.de\/en\/wp-json\/wp\/v2\/posts\/6446\/revisions\/6448"}],"wp:featuredmedia":[{"embeddable":true,"href":"https:\/\/standort-niederrhein.de\/en\/wp-json\/wp\/v2\/media\/6447"}],"wp:attachment":[{"href":"https:\/\/standort-niederrhein.de\/en\/wp-json\/wp\/v2\/media?parent=6446"}],"wp:term":[{"taxonomy":"category","embeddable":true,"href":"https:\/\/standort-niederrhein.de\/en\/wp-json\/wp\/v2\/categories?post=6446"},{"taxonomy":"post_tag","embeddable":true,"href":"https:\/\/standort-niederrhein.de\/en\/wp-json\/wp\/v2\/tags?post=6446"}],"curies":[{"name":"wp","href":"https:\/\/api.w.org\/{rel}","templated":true}]}}