{"id":6415,"date":"2025-08-13T07:00:00","date_gmt":"2025-08-13T05:00:00","guid":{"rendered":"https:\/\/invest-in-niederrhein.de\/?p=6415"},"modified":"2025-08-11T15:02:23","modified_gmt":"2025-08-11T13:02:23","slug":"gemeinsam-fuer-faire-mode","status":"publish","type":"post","link":"https:\/\/standort-niederrhein.de\/en\/2025\/08\/13\/gemeinsam-fuer-faire-mode\/","title":{"rendered":"Gemeinsam f\u00fcr faire Mode"},"content":{"rendered":"\n<p><strong>M\u00f6nchengladbach.<\/strong> Die Mode- und Textilindustrie steht vor einem erforderlichen Wandel: Als einer der am wenigsten nachhaltigen Sektoren der Welt steht sie vor erheblichen \u00f6kologischen Herausforderungen, von der Mikroplastikverschmutzung bis hin zu \u00fcberm\u00e4\u00dfigen Treibhausgasemissionen. Doch die Branche begreift dies als Chance: Unter dem Begriff \u201eTwin Transition\u201c werden kreative und innovativ L\u00f6sungen im Bereich Nachhaltigkeit und Digitalisierung entwickelt. Das von der Europ\u00e4ischen Kommission kofinanzierte Projekt \u201eFAIR FASHION\u201c bringt die Hochschule Niederrhein gemeinsam mit Partnern aus Irland, D\u00e4nemark, der T\u00fcrkei und den Niederlanden zusammen, um kleine Unternehmen und Lehrenden mit innovativen Werkzeugen zu unterst\u00fctzen und somit den gr\u00fcnen und digitalen Wandel in der Modebranche zu f\u00f6rdern, f\u00fcr eine nachhaltigere und gerechtere Zukunft.<\/p>\n\n\n\n<p>\u201eModeunternehmen stehen heute unter anderem vor der Herausforderung, Lieferketten zu \u00fcberpr\u00fcfen, inklusive Einstellungskriterien umzusetzen und sicherzustellen, dass Umweltanspr\u00fcche \u00fcberpr\u00fcfbar und messbar sind\u201c, sagt Prof. Dr. Sue Rossano-Rivero, Professorin f\u00fcr Sales und Marketing am Fachbereich Wirtschaftswissenschaften der Hochschule Niederrhein. \u201eNur so wirken sie authentisch \u2013 und das ist heute ein wichtiges Kriterium, um Kundinnen und Kunden von sich zu \u00fcberzeugen.\u201c<\/p>\n\n\n\n<p>Ein langfristiges, nachhaltiges Branding \u2013 und kein schneller Marketingtrend \u2013 das sei wichtig, um zwischen der riesigen Konkurrenz zu \u00fcberzeugen: \u201eAuf dem heutigen, sich schnell entwickelnden Markt fordern Verbraucher:innen, insbesondere die Gen Z und Millennials, mehr von den Marken, mit denen sie interagieren. Es reicht nicht mehr, dass eine Marke nur ein Produkt verkauft, sie muss auch f\u00fcr etwas stehen. Konzepte wie Authentizit\u00e4t, Inklusivit\u00e4t und Nachhaltigkeit sind zu entscheidenden Elementen des Brandings und Marketings geworden\u201c, sagt Alexandro Dreyer Duarte, Student der Hochschule Niederrhein, der seine Abschlussarbeit im \u201eFAIR FASHION\u201c-Projekt schreibt. \u201eVerbraucherinnen und Verbraucher neigen dazu, Produkte von Marken zu kaufen, die ihre Werte verk\u00f6rpern.\u201c Das Problem: Auf dem Markt versuchen einige Unternehmen durch Greenwashing, also \u00dcbertreibung oder F\u00e4lschung von Umweltverpflichtungen, oder Bluewashing, ein Akt der Falschdarstellung von Werten und Handlungen eines Unternehmens, die Marke ins rechte Licht zu r\u00fccken.<\/p>\n\n\n\n<p>Das Projekt \u201eFAIR FASHION\u201c m\u00f6chte in diesem Spannungsfeld Europas Mode- und Textilindustrie st\u00e4rken, indem es gemeinsam mit Lehrenden, Mentor:innen, Unternehmen, Branchenexpert:innen und Hochschulstudierenden arbeitet, um Hochschulen praktische Ressourcen und umsetzbare Strategien zur F\u00f6rderung der Twin Transition bereitzustellen. \u201eUnser Ziel ist es, Lehrende, Unternehmen und zuk\u00fcnftige Fachleute mit dem Wissen und den Werkzeugen auszustatten, die ben\u00f6tigt werden, um gr\u00fcnere Praktiken und Spitzentechnologien zu nutzen\u201c, sagt Sue Rossano-Rivero.<\/p>\n\n\n\n<p>Zu den innovativen Partnern des Projekts z\u00e4hlen unter anderem die Hochschule Amsterdam (AUAS), bekannt f\u00fcr ihr renommiertes Amsterdam Fashion Institute (AMFI), die die wissenschaftliche Leitung innehat, sowie die Technische Universit\u00e4t Istanbul (ITU), deren weltweit anerkannte Fakult\u00e4t f\u00fcr Textiltechnologie und Design gemeinsam mit dem f\u00fchrenden Technologiepark der T\u00fcrkei, ITU ARI Teknokent, die Bootcamps des Projekts organisiert und Forschung sowie Entwicklung unterst\u00fctzt. Zudem begleiten das European E-Learning Institute (EUEI) und Momentum Marketing Services das Projekt in der Entwicklung und Umsetzung praxisnaher Lernmaterialien und im Marketing.<\/p>\n\n\n\n<p>\u201eFAIR FASHION\u201c verbindet Hochschulen, Unternehmen, politischen Entscheidungstr\u00e4ger:innen und Branchenexpert:innen, um Ideen auszutauschen, Innovationen voranzutreiben und ein lebendiges Netzwerk zu schaffen, das sich f\u00fcr dauerhafte Ver\u00e4nderungen einsetzt. Innerhalb der Hochschule Niederrhein ist \u201eFAIR FASHION\u201c ein kollaboratives Projekt zwischen dem Fachbereich Wirtschaftswissenschaften und dem Fachbereich Textil- und Bekleidungstechnik, mit dem Einsatz von Prof. Dr. Anne Schwarz-Pfeiffer. Gemeinsam soll eine neue Generation von F\u00fchrungskr\u00e4ften inspiriert werden, Kreativit\u00e4t, Verantwortung und Nachhaltigkeit in den Vordergrund zu stellen. Lehrende unterst\u00fctzt das Projekt beispielsweise mit einem Toolkit f\u00fcr die Lehre zum Thema Zukunft und Nachhaltigkeit. Die so genannten \u201eGreen+Digital Bootcamps\u201c bringen Studierende, Lehrenden und Branchenf\u00fchrer:innen und Gr\u00fcnder:innen zusammen, um reale Herausforderungen zu l\u00f6sen. Ein Mentoring-Programm verbindet Studierende und Unternehmer:innen und f\u00f6rdert F\u00fchrungsqualit\u00e4ten und Innovation in der Mode.<\/p>\n\n\n\n<p>\u201eFAIR FASHION\u201c ist dabei nicht nur eine Forschungsinitiative, sondern unterst\u00fctzt auch die Mission der Hochschule Niederrhein in den Bereichen Lehre und Internationalisierung. Durch die Verbindung verschiedener Fachdisziplinen schafft das Projekt praxisnahe Lernm\u00f6glichkeiten, die Studierende optimal auf die Herausforderungen der globalen Modeindustrie vorbereiten. So tr\u00e4gt \u201eFAIR FASHION\u201c ma\u00dfgeblich dazu bei, den Wandel zu einer nachhaltigen und fairen Modebranche voranzutreiben und gleichzeitig eine zukunftsf\u00e4hige, verantwortungsbewusste F\u00fchrungsgeneration auszubilden.<\/p>\n\n\n\n<p>Mehr Informationen zum Projekt unter <a href=\"https:\/\/link.mediaoutreach.meltwater.com\/ls\/click?upn=u001.3P8ePXYPv6zzgBAtOK2CT-2FOcrJIR-2FVyTfpuR4NFBMTU-2BzD8GQkBKEUe4G-2FqF6ckAsG2L_g74UsaVuWqwWE6gZvK2IYmPPDkBDyDn0U0b-2BJ0fFJ-2FIhixoGyZfEdTRKBq1CL8m2Ovz4mxFy-2Bd235K3nLKKXiuLMtSz1uyL5KmK5IBvqPg2Erl-2BeOQceYgvRwLGUtg2OCUhbZ5qfucZM-2BeKDfBfPhQ4u881c6rdzkPMxvv0DrB3CIlP3ar-2Bq2aa-2FehRmbkSrmtZuvppM-2BYW0gkX7TJ-2BwVbMQyfjg8CVn-2FhCYHJCV6esP8LC32iQS7UXBO7k4jkJF6h4T-2F4nLW3p7oS9dNE3xkZRzfel9z-2FOgSB8PgYqm6JbsqgE-2FsH-2BVxMhcdTBMbxWPg5Lzg62W5DMjeb-2FYKixEVqSdcVSUcKczXR1U1d6ah0bvGbQnOfN-2FylJM43tkBK8ILxePvjVWwP6tAQkdIVP0pw-3D-3D\">www.fairfashionproject.eu<\/a>.<\/p>\n\n\n\n<p>Quelle: <a href=\"http:\/\/www.hs-niederrhein.de\">Hochschule Niederrhein<\/a><\/p>\n\n\n<figure class=\"wp-block-post-featured-image\"><img loading=\"lazy\" decoding=\"async\" width=\"1000\" height=\"664\" src=\"https:\/\/standort-niederrhein.de\/wp-content\/uploads\/2025\/08\/2025-08-07-FAIR_FASHION-PROJECT.jpg\" class=\"attachment-post-thumbnail size-post-thumbnail wp-post-image\" alt=\"\" style=\"object-fit:cover;\" srcset=\"https:\/\/standort-niederrhein.de\/wp-content\/uploads\/2025\/08\/2025-08-07-FAIR_FASHION-PROJECT.jpg 1000w, https:\/\/standort-niederrhein.de\/wp-content\/uploads\/2025\/08\/2025-08-07-FAIR_FASHION-PROJECT-980x651.jpg 980w, https:\/\/standort-niederrhein.de\/wp-content\/uploads\/2025\/08\/2025-08-07-FAIR_FASHION-PROJECT-480x319.jpg 480w\" sizes=\"(min-width: 0px) and (max-width: 480px) 480px, (min-width: 481px) and (max-width: 980px) 980px, (min-width: 981px) 1000px, 100vw\" \/><\/figure>\n\n\n<p>Von Links: Prof. Dr. Sue Rossano-Rivero (HSNR); Dr. BSc. Mike Russel (AUAS); Joel Sch\u00fc\u00dfler (HSNR); Yulia Brisson-Zelenina (AUAS); Ba\u015fak TET\u0130K\u00d6Z (ITU ARI Teknokent); Saskia Stoker (AUAS); Dr. Zeynep Erden Bayazit (ITU); Kathryn O&#8217;Brien (EUEI); Paula Whyte (Momentum Marketing Services). | Foto: FAIR FASHION<\/p>\n","protected":false},"excerpt":{"rendered":"<p>M\u00f6nchengladbach. Die Mode- und Textilindustrie steht vor einem erforderlichen Wandel: Als einer der am wenigsten nachhaltigen Sektoren der Welt steht sie vor erheblichen \u00f6kologischen Herausforderungen, von der Mikroplastikverschmutzung bis hin zu \u00fcberm\u00e4\u00dfigen Treibhausgasemissionen. Doch die Branche begreift dies als Chance: Unter dem Begriff \u201eTwin Transition\u201c werden kreative und innovativ L\u00f6sungen im Bereich Nachhaltigkeit und Digitalisierung [&hellip;]<\/p>\n","protected":false},"author":3,"featured_media":6416,"comment_status":"closed","ping_status":"closed","sticky":false,"template":"","format":"standard","meta":{"_et_pb_use_builder":"","_et_pb_old_content":"","_et_gb_content_width":"","footnotes":""},"categories":[1],"tags":[],"class_list":["post-6415","post","type-post","status-publish","format-standard","has-post-thumbnail","hentry","category-allgemein"],"_links":{"self":[{"href":"https:\/\/standort-niederrhein.de\/en\/wp-json\/wp\/v2\/posts\/6415","targetHints":{"allow":["GET"]}}],"collection":[{"href":"https:\/\/standort-niederrhein.de\/en\/wp-json\/wp\/v2\/posts"}],"about":[{"href":"https:\/\/standort-niederrhein.de\/en\/wp-json\/wp\/v2\/types\/post"}],"author":[{"embeddable":true,"href":"https:\/\/standort-niederrhein.de\/en\/wp-json\/wp\/v2\/users\/3"}],"replies":[{"embeddable":true,"href":"https:\/\/standort-niederrhein.de\/en\/wp-json\/wp\/v2\/comments?post=6415"}],"version-history":[{"count":1,"href":"https:\/\/standort-niederrhein.de\/en\/wp-json\/wp\/v2\/posts\/6415\/revisions"}],"predecessor-version":[{"id":6417,"href":"https:\/\/standort-niederrhein.de\/en\/wp-json\/wp\/v2\/posts\/6415\/revisions\/6417"}],"wp:featuredmedia":[{"embeddable":true,"href":"https:\/\/standort-niederrhein.de\/en\/wp-json\/wp\/v2\/media\/6416"}],"wp:attachment":[{"href":"https:\/\/standort-niederrhein.de\/en\/wp-json\/wp\/v2\/media?parent=6415"}],"wp:term":[{"taxonomy":"category","embeddable":true,"href":"https:\/\/standort-niederrhein.de\/en\/wp-json\/wp\/v2\/categories?post=6415"},{"taxonomy":"post_tag","embeddable":true,"href":"https:\/\/standort-niederrhein.de\/en\/wp-json\/wp\/v2\/tags?post=6415"}],"curies":[{"name":"wp","href":"https:\/\/api.w.org\/{rel}","templated":true}]}}