{"id":6401,"date":"2025-08-13T06:00:00","date_gmt":"2025-08-13T04:00:00","guid":{"rendered":"https:\/\/invest-in-niederrhein.de\/?p=6401"},"modified":"2025-08-11T14:29:59","modified_gmt":"2025-08-11T12:29:59","slug":"mit-ausbildung-gegen-den-fachkraeftemangel","status":"publish","type":"post","link":"https:\/\/standort-niederrhein.de\/en\/2025\/08\/13\/mit-ausbildung-gegen-den-fachkraeftemangel\/","title":{"rendered":"Mit Ausbildung gegen den Fachkr\u00e4ftemangel"},"content":{"rendered":"\n<p><strong>Mittlerer Niederrhein.<\/strong> Die Industrie- und Handelskammer (IHK) Mittlerer Niederrhein setzt ein klares Zeichen f\u00fcr die Bedeutung der beruflichen Ausbildung: Ina Intveen, Halyna Lukashyshyna und Patricia Overbeck haben ihre Ausbildung zu Kauffrauen f\u00fcr B\u00fcromanagement bei der IHK begonnen. Am 1. September wird Goga Mikeladze seine Ausbildung zum Fachinformatiker f\u00fcr Systemintegration starten. \u201eWir wollen mit gutem Beispiel vorangehen \u2013 Ausbildung ist die beste Strategie gegen den Fachkr\u00e4ftemangel\u201c, betont IHK-Hauptgesch\u00e4ftsf\u00fchrer J\u00fcrgen Steinmetz.<\/p>\n\n\n\n<p>So wie die IHK-Azubis starten zum 1. August (und 1. September 2025) 2.847 junge Frauen und M\u00e4nner am Mittleren Niederrhein ihre Berufsausbildung in einem kaufm\u00e4nnischen oder gewerblich-technischen Beruf. Das entspricht den Zahlen von 2024, w\u00e4hrend NRW-weit ein R\u00fcckgang von 6,8 Prozent (minus 3.457 Vertr\u00e4ge) zu verzeichnen ist. In M\u00f6nchengladbach beginnen in diesem Jahr 670 Jugendliche ihre Berufsausbildung in einem IHK-Beruf, in Krefeld 758, im Rhein-Kreis Neuss 929 und im Kreis Viersen 486.<\/p>\n\n\n\n<p>\u201eDer Ausbildungsstart am Mittleren Niederrhein mit so vielen Auszubildenden zeigt, dass die duale Ausbildung nach wie vor eine attraktive Wahl f\u00fcr junge Menschen ist\u201c, sagt Steinmetz. Sie f\u00fcr die duale Ausbildung zu gewinnen, ist allerdings kein Selbstl\u00e4ufer. \u201eGemeinsam mit unseren Mitgliedsunternehmen haben wir gro\u00dfe Anstrengungen unternommen, um geeignete Bewerberinnen und Bewerber zu \u00fcberzeugen\u201c, berichtet Daniela Perner, IHK-Gesch\u00e4ftsf\u00fchrerin des Bereichs Berufliche Bildung und Handel. \u201eDer Beratungsbedarf der Jugendlichen ist nach wie vor gro\u00df.\u201c<\/p>\n\n\n\n<p>Besonders gefragt sind in diesem Jahr im kaufm\u00e4nnischen Bereich erneut die Berufe Kaufleute f\u00fcr B\u00fcromanagement und Kaufleute im Einzelhandel sowie im gewerblich-technischen Bereich die Berufe Chemikant\/in und Fachinformatiker\/in. \u201eF\u00fcr das gerade begonnene Ausbildungsjahr gibt es in unserer Region noch zahlreiche unbesetzte Stellen, zum Beispiel auf unserer Lehrstellen-Plattform&nbsp;<a href=\"http:\/\/www.ausbildung.nrw\/\">www.ausbildung.nrw<\/a>&nbsp;und bei unseren Beratern der Passgenauen Besetzung\u201c, sagt Perner. \u201eAuch in den kommenden Wochen und Monaten ist es noch m\u00f6glich, eine Ausbildung zu beginnen.\u201c<\/p>\n\n\n\n<p>Die IHK ber\u00e4t Jugendliche und Unternehmen bei allen Fragen rund um das Thema Ausbildung. Informationen und Ansprechpartner sind online zu finden: <a href=\"http:\/\/www.mittlerer-niederrhein.ihk.de\/114614\">www.mittlerer-niederrhein.ihk.de\/114614<\/a><\/p>\n\n\n\n<p>Eine \u00dcbersicht \u00fcber offene Ausbildungsstellen bietet unter anderem dieses Portal:&nbsp;<a href=\"https:\/\/www.meine-ausbildung-in-deutschland.de\/\">www.meine-ausbildung-in-deutschland.de<\/a><\/p>\n\n\n\n<p>Authentische Einblicke in den Azubi-Alltag, Tipps von Gleichaltrigen und einen Austausch auf Augenh\u00f6he bietet \u201eJetzt #k\u00f6nnenlernen\u201c, die bundesweite IHK-Kampagne f\u00fcr Jugendliche:\u00a0<a href=\"http:\/\/www.ausbildung-macht-mehr-aus-uns.de\/\">www.ausbildung-macht-mehr-aus-uns.de<\/a><\/p>\n\n\n\n<p>Quelle: <a href=\"https:\/\/mittlerer-niederrhein.ihk.de\/de\/oeffentlichkeitsarbeit\/pressemitteilungen\/2025\/mit-ausbildung-gegen-den-fachkraeftemangel.html\">IHK Mittlerer Niederrhein<\/a><\/p>\n\n\n<figure class=\"wp-block-post-featured-image\"><img loading=\"lazy\" decoding=\"async\" width=\"987\" height=\"392\" src=\"https:\/\/standort-niederrhein.de\/wp-content\/uploads\/2025\/08\/pm158_ausbildungsstart_neue_azubis-artikel2.jpg\" class=\"attachment-post-thumbnail size-post-thumbnail wp-post-image\" alt=\"\" style=\"object-fit:cover;\" srcset=\"https:\/\/standort-niederrhein.de\/wp-content\/uploads\/2025\/08\/pm158_ausbildungsstart_neue_azubis-artikel2.jpg 987w, https:\/\/standort-niederrhein.de\/wp-content\/uploads\/2025\/08\/pm158_ausbildungsstart_neue_azubis-artikel2-980x389.jpg 980w, https:\/\/standort-niederrhein.de\/wp-content\/uploads\/2025\/08\/pm158_ausbildungsstart_neue_azubis-artikel2-480x191.jpg 480w\" sizes=\"(min-width: 0px) and (max-width: 480px) 480px, (min-width: 481px) and (max-width: 980px) 980px, (min-width: 981px) 987px, 100vw\" \/><\/figure>\n\n\n<p>IHK-Hauptgesch\u00e4ftsf\u00fchrer J\u00fcrgen Steinmetz (3.v.r.) und IHK-Ausbildungsverantwortliche Truc Ly Nguyen (2.v.l.) begr\u00fc\u00dften die neuen IHK-Auszubildenden Goga Mikeladze, Ina Intveen (3.v.l.), Patricia Overbeck (2.v.r.) und Halyna Lukashyshyna. | Foto: IHK Mittlerer Niederrhein<\/p>\n","protected":false},"excerpt":{"rendered":"<p>Mittlerer Niederrhein. Die Industrie- und Handelskammer (IHK) Mittlerer Niederrhein setzt ein klares Zeichen f\u00fcr die Bedeutung der beruflichen Ausbildung: Ina Intveen, Halyna Lukashyshyna und Patricia Overbeck haben ihre Ausbildung zu Kauffrauen f\u00fcr B\u00fcromanagement bei der IHK begonnen. Am 1. September wird Goga Mikeladze seine Ausbildung zum Fachinformatiker f\u00fcr Systemintegration starten. \u201eWir wollen mit gutem Beispiel [&hellip;]<\/p>\n","protected":false},"author":3,"featured_media":6402,"comment_status":"closed","ping_status":"closed","sticky":false,"template":"","format":"standard","meta":{"_et_pb_use_builder":"","_et_pb_old_content":"","_et_gb_content_width":"","footnotes":""},"categories":[1],"tags":[],"class_list":["post-6401","post","type-post","status-publish","format-standard","has-post-thumbnail","hentry","category-allgemein"],"_links":{"self":[{"href":"https:\/\/standort-niederrhein.de\/en\/wp-json\/wp\/v2\/posts\/6401","targetHints":{"allow":["GET"]}}],"collection":[{"href":"https:\/\/standort-niederrhein.de\/en\/wp-json\/wp\/v2\/posts"}],"about":[{"href":"https:\/\/standort-niederrhein.de\/en\/wp-json\/wp\/v2\/types\/post"}],"author":[{"embeddable":true,"href":"https:\/\/standort-niederrhein.de\/en\/wp-json\/wp\/v2\/users\/3"}],"replies":[{"embeddable":true,"href":"https:\/\/standort-niederrhein.de\/en\/wp-json\/wp\/v2\/comments?post=6401"}],"version-history":[{"count":1,"href":"https:\/\/standort-niederrhein.de\/en\/wp-json\/wp\/v2\/posts\/6401\/revisions"}],"predecessor-version":[{"id":6403,"href":"https:\/\/standort-niederrhein.de\/en\/wp-json\/wp\/v2\/posts\/6401\/revisions\/6403"}],"wp:featuredmedia":[{"embeddable":true,"href":"https:\/\/standort-niederrhein.de\/en\/wp-json\/wp\/v2\/media\/6402"}],"wp:attachment":[{"href":"https:\/\/standort-niederrhein.de\/en\/wp-json\/wp\/v2\/media?parent=6401"}],"wp:term":[{"taxonomy":"category","embeddable":true,"href":"https:\/\/standort-niederrhein.de\/en\/wp-json\/wp\/v2\/categories?post=6401"},{"taxonomy":"post_tag","embeddable":true,"href":"https:\/\/standort-niederrhein.de\/en\/wp-json\/wp\/v2\/tags?post=6401"}],"curies":[{"name":"wp","href":"https:\/\/api.w.org\/{rel}","templated":true}]}}