{"id":6398,"date":"2025-08-09T07:00:00","date_gmt":"2025-08-09T05:00:00","guid":{"rendered":"https:\/\/invest-in-niederrhein.de\/?p=6398"},"modified":"2025-08-11T14:16:47","modified_gmt":"2025-08-11T12:16:47","slug":"fachkraefte-der-zukunft-landrat-ingo-brohl-begruesst-26-neue-auszubildende","status":"publish","type":"post","link":"https:\/\/standort-niederrhein.de\/en\/2025\/08\/09\/fachkraefte-der-zukunft-landrat-ingo-brohl-begruesst-26-neue-auszubildende\/","title":{"rendered":"Fachkr\u00e4fte der Zukunft: Landrat Ingo Brohl begr\u00fc\u00dft 26 neue Auszubildende"},"content":{"rendered":"\n<p><strong>Kreis Wesel<\/strong>. \u201eAls Kreisverwaltung Wesel bieten wir einen umfassenden und praxisnahen Start ins Berufsleben. Unsere Ausbildung bietet eine spannende Vielfalt an sinnstiftenden Aufgaben und schafft ein stabiles Fundament f\u00fcr die berufliche Zukunft. Mit der Arbeit in einer \u00f6ffentlichen Verwaltung k\u00f6nnen die jungen Talente einen positiven Beitrag f\u00fcr die Menschen im Niederrhein Kreis Wesel und insgesamt f\u00fcr das Funktionieren unseres freiheitlich-demokratischen Staatswesen leisten. Als Arbeitgeber profitieren wir vom Engagement und den jungen Sichtweisen unserer neuen Kolleginnen und Kollegen. Ich freue mich sehr, dass wir auch in diesem Jahr so viele junge Menschen f\u00fcr einen Karrierestart beim Kreis Wesel gewinnen konnten.\u201c\u00a0<\/p>\n\n\n\n<p>Die Ausbildung beim Kreis Wesel zeigt erneut auch in diesem Jahr ein vielseitiges Ausbildungsprogramm. Sieben Inspektoranw\u00e4rterinnen und -anw\u00e4rter, 15 Auszubildende f\u00fcr den Bereich Verwaltungsfachangestellte, ein Student im Bereich Verwaltungsinformatik, zwei Auszubildende als Vermessungstechniker und eine Auszubildende zur medizinischen Fachangestellten starteten am Dienstag ihre Ausbildungszeit.&nbsp;<\/p>\n\n\n\n<p>Die Kreisverwaltung Wesel ist stolz darauf, ihre Auszubildenden auf eine langfristige Karriere als Fachkr\u00e4fte in der Verwaltung praxisorientiert vorzubereiten. Somit bestehen f\u00fcr die Auszubildenden gute Chancen, nach erfolgreich bestandener Ausbildung in ein krisensicheres Dauerarbeitsverh\u00e4ltnis \u00fcbernommen zu werden. Die kontinuierliche F\u00f6rderung von Nachwuchstalenten ist f\u00fcr den Kreis Wesel au\u00dferdem ein wichtiger Beitrag, um dem Fachkr\u00e4ftemangel aktiv entgegenzuwirken. Zurzeit befinden sich insgesamt 75 Auszubildende in verschiedenen Ausbildungsberufen bei der Kreisverwaltung Wesel.<\/p>\n\n\n\n<p>Quelle: <a href=\"https:\/\/www.kreis-wesel.de\/aktuelles\/presse\/fachkraefte-der-zukunft-landrat-ingo-brohl-begruesst-26-neue-auszubildende-der\">Kreis Wesel<\/a><\/p>\n\n\n<figure class=\"wp-block-post-featured-image\"><img loading=\"lazy\" decoding=\"async\" width=\"2560\" height=\"1393\" src=\"https:\/\/standort-niederrhein.de\/wp-content\/uploads\/2025\/08\/p18508-scaled.jpg\" class=\"attachment-post-thumbnail size-post-thumbnail wp-post-image\" alt=\"\" style=\"object-fit:cover;\" srcset=\"https:\/\/standort-niederrhein.de\/wp-content\/uploads\/2025\/08\/p18508-scaled.jpg 2560w, https:\/\/standort-niederrhein.de\/wp-content\/uploads\/2025\/08\/p18508-1280x697.jpg 1280w, https:\/\/standort-niederrhein.de\/wp-content\/uploads\/2025\/08\/p18508-980x533.jpg 980w, https:\/\/standort-niederrhein.de\/wp-content\/uploads\/2025\/08\/p18508-480x261.jpg 480w\" sizes=\"(min-width: 0px) and (max-width: 480px) 480px, (min-width: 481px) and (max-width: 980px) 980px, (min-width: 981px) and (max-width: 1280px) 1280px, (min-width: 1281px) 2560px, 100vw\" \/><\/figure>\n\n\n<p>Die Kreisverwaltung Wesel hei\u00dft ihre 26 neuen Auszubildenden herzlich willkommen. | Foto: Kreis Wesel<\/p>\n","protected":false},"excerpt":{"rendered":"<p>Kreis Wesel. \u201eAls Kreisverwaltung Wesel bieten wir einen umfassenden und praxisnahen Start ins Berufsleben. Unsere Ausbildung bietet eine spannende Vielfalt an sinnstiftenden Aufgaben und schafft ein stabiles Fundament f\u00fcr die berufliche Zukunft. Mit der Arbeit in einer \u00f6ffentlichen Verwaltung k\u00f6nnen die jungen Talente einen positiven Beitrag f\u00fcr die Menschen im Niederrhein Kreis Wesel und insgesamt [&hellip;]<\/p>\n","protected":false},"author":3,"featured_media":6399,"comment_status":"closed","ping_status":"closed","sticky":false,"template":"","format":"standard","meta":{"_et_pb_use_builder":"","_et_pb_old_content":"","_et_gb_content_width":"","footnotes":""},"categories":[1],"tags":[],"class_list":["post-6398","post","type-post","status-publish","format-standard","has-post-thumbnail","hentry","category-allgemein"],"_links":{"self":[{"href":"https:\/\/standort-niederrhein.de\/en\/wp-json\/wp\/v2\/posts\/6398","targetHints":{"allow":["GET"]}}],"collection":[{"href":"https:\/\/standort-niederrhein.de\/en\/wp-json\/wp\/v2\/posts"}],"about":[{"href":"https:\/\/standort-niederrhein.de\/en\/wp-json\/wp\/v2\/types\/post"}],"author":[{"embeddable":true,"href":"https:\/\/standort-niederrhein.de\/en\/wp-json\/wp\/v2\/users\/3"}],"replies":[{"embeddable":true,"href":"https:\/\/standort-niederrhein.de\/en\/wp-json\/wp\/v2\/comments?post=6398"}],"version-history":[{"count":1,"href":"https:\/\/standort-niederrhein.de\/en\/wp-json\/wp\/v2\/posts\/6398\/revisions"}],"predecessor-version":[{"id":6400,"href":"https:\/\/standort-niederrhein.de\/en\/wp-json\/wp\/v2\/posts\/6398\/revisions\/6400"}],"wp:featuredmedia":[{"embeddable":true,"href":"https:\/\/standort-niederrhein.de\/en\/wp-json\/wp\/v2\/media\/6399"}],"wp:attachment":[{"href":"https:\/\/standort-niederrhein.de\/en\/wp-json\/wp\/v2\/media?parent=6398"}],"wp:term":[{"taxonomy":"category","embeddable":true,"href":"https:\/\/standort-niederrhein.de\/en\/wp-json\/wp\/v2\/categories?post=6398"},{"taxonomy":"post_tag","embeddable":true,"href":"https:\/\/standort-niederrhein.de\/en\/wp-json\/wp\/v2\/tags?post=6398"}],"curies":[{"name":"wp","href":"https:\/\/api.w.org\/{rel}","templated":true}]}}