{"id":6390,"date":"2025-08-11T06:00:00","date_gmt":"2025-08-11T04:00:00","guid":{"rendered":"https:\/\/invest-in-niederrhein.de\/?p=6390"},"modified":"2025-08-11T13:57:40","modified_gmt":"2025-08-11T11:57:40","slug":"regierungspraesident-begruesst-verantwortungsvolle-und-ausgewogene-haushaltswirtschaft","status":"publish","type":"post","link":"https:\/\/standort-niederrhein.de\/en\/2025\/08\/11\/regierungspraesident-begruesst-verantwortungsvolle-und-ausgewogene-haushaltswirtschaft\/","title":{"rendered":"Regierungspr\u00e4sident begr\u00fc\u00dft verantwortungsvolle und ausgewogene Haushaltswirtschaft"},"content":{"rendered":"\n<p><strong>Rhein-Kreis Neuss. <\/strong>Regierungspr\u00e4sident Thomas Sch\u00fcrmann hat den Haushalt des Rhein-Kreises Neuss f\u00fcr das Jahr 2025 genehmigt. In seiner Haushaltsverf\u00fcgung begr\u00fc\u00dft er, dass Politik und Verwaltung im Rhein-Kreis Neuss an der verantwortungsvollen und ausgewogenen Haushaltswirtschaft festhalten und dabei die Interessen der kreisangeh\u00f6rigen Kommunen einbeziehen. Besonders hebt er dabei die Inanspruchnahme der Ausgleichsr\u00fccklage und die auf das notwendige Ma\u00df begrenzte Anhebung der Kreisumlage hervor, um die kreisangeh\u00f6rigen Kommunen finanziell zu entlasten. Damit reagiere der Kreis auf insbesondere im Sozialbereich gestiegene Aufwendungen. Zugleich lege er den Fokus auf wichtige Zukunftsthemen. Als positiv hebt der Regierungspr\u00e4sident die mittelfristige Finanzplanung f\u00fcr die Jahre 2026 bis 2028 mit durchg\u00e4ngig ausgeglichenen Haushalten hervor und dass f\u00fcr diesen Zeitraum zudem deutlich positive Salden aus der laufenden Verwaltungst\u00e4tigkeit erwartet werden.<\/p>\n\n\n\n<p>\u201eIch freue mich \u00fcber die Best\u00e4tigung unserer verantwortungsvollen und vorausschauenden Haushaltspolitik und die W\u00fcrdigung unserer Unterst\u00fctzung f\u00fcr die Kommunen, was auch durch die Entnahme aus der Ausgleichsr\u00fccklage in H\u00f6he von 16,5 Millionen Euro deutlich wird\u201c, ordnet Landrat Hans-J\u00fcrgen Petrauschke die positive Nachricht aus D\u00fcsseldorf ein. \u201eDie Kreisverwaltung ber\u00fccksichtigt in ihrer t\u00e4glichen Arbeit fortw\u00e4hrend Sparpotenziale, ohne dass dies zu Lasten der B\u00fcrgerinnen und B\u00fcrger geht. Wir stellen den Kreis zukunftsfest auf und schaffen die Grundlage daf\u00fcr, die anerkannt hohe Lebensqualit\u00e4t bei uns zu erhalten und weiter zu steigern.\u201c<\/p>\n\n\n\n<p>Der Kreistag hat in seiner Sitzung am 26. M\u00e4rz den Haushalt f\u00fcr das Jahr 2025 mit einem Gesamtvolumen von 743,3 Millionen Euro einstimmig verabschiedet. Den Hebesatz der Kreisumlage legte der Kreistag auf 34,9 Prozentpunkte fest. Die gr\u00f6\u00dften Ausgaben betreffen den Bereich der st\u00e4ndig steigenden Sozialkosten. Besondere Schwerpunkte werden zudem durch die finanzielle Sicherung des Rheinland Klinikums und den Erhalt der dauerhaften und fl\u00e4chendeckenden Sicherung der medizinischen Versorgung f\u00fcr die Bev\u00f6lkerung im gesamten Kreisgebiet sowie durch Investitionen in die Bereiche Bildung, Wirtschaft und Strukturwandel gesetzt.<\/p>\n\n\n\n<p>Quelle: <a href=\"http:\/\/www.rhein-kreis-neuss.de\">Rhein-Kreis Neuss<\/a><\/p>\n","protected":false},"excerpt":{"rendered":"<p>Rhein-Kreis Neuss. Regierungspr\u00e4sident Thomas Sch\u00fcrmann hat den Haushalt des Rhein-Kreises Neuss f\u00fcr das Jahr 2025 genehmigt. In seiner Haushaltsverf\u00fcgung begr\u00fc\u00dft er, dass Politik und Verwaltung im Rhein-Kreis Neuss an der verantwortungsvollen und ausgewogenen Haushaltswirtschaft festhalten und dabei die Interessen der kreisangeh\u00f6rigen Kommunen einbeziehen. Besonders hebt er dabei die Inanspruchnahme der Ausgleichsr\u00fccklage und die auf das [&hellip;]<\/p>\n","protected":false},"author":3,"featured_media":0,"comment_status":"closed","ping_status":"closed","sticky":false,"template":"","format":"standard","meta":{"_et_pb_use_builder":"","_et_pb_old_content":"","_et_gb_content_width":"","footnotes":""},"categories":[1],"tags":[],"class_list":["post-6390","post","type-post","status-publish","format-standard","hentry","category-allgemein"],"_links":{"self":[{"href":"https:\/\/standort-niederrhein.de\/en\/wp-json\/wp\/v2\/posts\/6390","targetHints":{"allow":["GET"]}}],"collection":[{"href":"https:\/\/standort-niederrhein.de\/en\/wp-json\/wp\/v2\/posts"}],"about":[{"href":"https:\/\/standort-niederrhein.de\/en\/wp-json\/wp\/v2\/types\/post"}],"author":[{"embeddable":true,"href":"https:\/\/standort-niederrhein.de\/en\/wp-json\/wp\/v2\/users\/3"}],"replies":[{"embeddable":true,"href":"https:\/\/standort-niederrhein.de\/en\/wp-json\/wp\/v2\/comments?post=6390"}],"version-history":[{"count":1,"href":"https:\/\/standort-niederrhein.de\/en\/wp-json\/wp\/v2\/posts\/6390\/revisions"}],"predecessor-version":[{"id":6391,"href":"https:\/\/standort-niederrhein.de\/en\/wp-json\/wp\/v2\/posts\/6390\/revisions\/6391"}],"wp:attachment":[{"href":"https:\/\/standort-niederrhein.de\/en\/wp-json\/wp\/v2\/media?parent=6390"}],"wp:term":[{"taxonomy":"category","embeddable":true,"href":"https:\/\/standort-niederrhein.de\/en\/wp-json\/wp\/v2\/categories?post=6390"},{"taxonomy":"post_tag","embeddable":true,"href":"https:\/\/standort-niederrhein.de\/en\/wp-json\/wp\/v2\/tags?post=6390"}],"curies":[{"name":"wp","href":"https:\/\/api.w.org\/{rel}","templated":true}]}}