{"id":6355,"date":"2025-08-07T12:44:15","date_gmt":"2025-08-07T10:44:15","guid":{"rendered":"https:\/\/invest-in-niederrhein.de\/?p=6355"},"modified":"2025-07-23T12:46:45","modified_gmt":"2025-07-23T10:46:45","slug":"neue-faltkarte-fuer-den-grenzueberschreitenden-niers-radwanderweg","status":"publish","type":"post","link":"https:\/\/standort-niederrhein.de\/en\/2025\/08\/07\/neue-faltkarte-fuer-den-grenzueberschreitenden-niers-radwanderweg\/","title":{"rendered":"Neue Faltkarte f\u00fcr den grenz\u00fcberschreitenden Niers-Radwanderweg"},"content":{"rendered":"\n<p><strong>Kreis Kleve. <\/strong>Im Rahmen des Raderlebnistag Niederrhein haben die Projektpartner aus der Stadt M\u00f6nchengladbach, dem Kreis Viersen, der Wirtschaftsf\u00f6rderung Kreis Kleve GmbH und der niederl\u00e4ndischen Gemeinde Gennep die neue kostenlose Faltkarte f\u00fcr den Niers-Radwanderweg vorgestellt und an Interessierte ausgegeben. Neben zahlreichen St\u00e4nden und Mitmachm\u00f6glichkeiten hatten die Besucherinnen und Besucher au\u00dferdem die M\u00f6glichkeit, zwei Routenvorschl\u00e4ge des Niers-Radwanderweges zu erkunden und im Rahmen einer gef\u00fchrten Radtour zu befahren.<\/p>\n\n\n\n<p>Der 128 Kilometer lange Niers-Radwanderweg ist eine ausgeschilderte Route, die von der Quelle der Niers in M\u00f6nchengladbach \u00fcber die Kreise Viersen und Kleve bis zur Gemeinde Gennep in den Niederlanden verl\u00e4uft, wo der Fluss in die Maas m\u00fcndet. Sie f\u00fchrt abseits st\u00e4dtischer Zentren durch die niederrheinische Kulturlandschaft und macht diese erlebbar.<\/p>\n\n\n\n<p>Aufgrund des gro\u00dfen Interesses an der Radroute ist das Informationsmaterial nun neu aufgelegt worden. Aus urspr\u00fcnglich drei Flyern wurde eine handliche Faltkarte sowohl auf Deutsch als auch auf Niederl\u00e4ndisch erstellt, die den Verlauf der Route \u00fcbersichtlich und anschaulich darstellt. Allgemeine Informationen und Highlights entlang des Niers-Radwanderweges runden die Faltkarte ab.<\/p>\n\n\n\n<p>Die Karte ist kostenlos erh\u00e4ltlich bei der Wirtschaftsf\u00f6rderung Kreis Kleve GmbH, Hoffmannallee 55 in 47533 Kleve, sowie in den Tourist Informationen der St\u00e4dte und Gemeinden des Kreises. Interessierte k\u00f6nnen die Faltkarte auch per E-Mail an <a href=\"mailto:info@wfg-kreis-kleve.de\">info@wfg-kreis-kleve.de<\/a> oder telefonisch unter der 02821-72810 anfordern.<\/p>\n\n\n\n<p>Das Projekt \u201eL\u00e4nder\u00fcbergreifende Erneuerung der Informationsmaterialien f\u00fcr den Niers-Radwanderweg\u201d wird durch das Interreg-Programm Deutschland-Nederland sowie seinen Programmpartnern erm\u00f6glicht und von der Europ\u00e4ischen Union (EU) kofinanziert.<\/p>\n\n\n\n<p>Quelle: <a href=\"http:\/\/www.wfg-kreis-kleve.de\">WFG Kreis Kleve<\/a><\/p>\n\n\n<figure class=\"wp-block-post-featured-image\"><img loading=\"lazy\" decoding=\"async\" width=\"2000\" height=\"1500\" src=\"https:\/\/standort-niederrhein.de\/wp-content\/uploads\/2025\/07\/PI_Niers-Radwanderweg-cWfG-Kreis-Kleve.jpg\" class=\"attachment-post-thumbnail size-post-thumbnail wp-post-image\" alt=\"\" style=\"object-fit:cover;\" srcset=\"https:\/\/standort-niederrhein.de\/wp-content\/uploads\/2025\/07\/PI_Niers-Radwanderweg-cWfG-Kreis-Kleve.jpg 2000w, https:\/\/standort-niederrhein.de\/wp-content\/uploads\/2025\/07\/PI_Niers-Radwanderweg-cWfG-Kreis-Kleve-1280x960.jpg 1280w, https:\/\/standort-niederrhein.de\/wp-content\/uploads\/2025\/07\/PI_Niers-Radwanderweg-cWfG-Kreis-Kleve-980x735.jpg 980w, https:\/\/standort-niederrhein.de\/wp-content\/uploads\/2025\/07\/PI_Niers-Radwanderweg-cWfG-Kreis-Kleve-480x360.jpg 480w\" sizes=\"(min-width: 0px) and (max-width: 480px) 480px, (min-width: 481px) and (max-width: 980px) 980px, (min-width: 981px) and (max-width: 1280px) 1280px, (min-width: 1281px) 2000px, 100vw\" \/><\/figure>\n\n\n<p>Die Projektpartner stellen die neue Faltkarte f\u00fcr den grenz\u00fcberschreitenden Niers-Radwanderweg vor. (Von links: Jens Postelmann (Stadt M\u00f6nchengladbach), Anke Fa\u00dfbender (Kreis Viersen), Marc Cattelaens und Ina Schulz (beide WFG Kreis Kleve), Projektpartner Gennep fehlt). | Foto: WFG Kreis Kleve<\/p>\n","protected":false},"excerpt":{"rendered":"<p>Kreis Kleve. Im Rahmen des Raderlebnistag Niederrhein haben die Projektpartner aus der Stadt M\u00f6nchengladbach, dem Kreis Viersen, der Wirtschaftsf\u00f6rderung Kreis Kleve GmbH und der niederl\u00e4ndischen Gemeinde Gennep die neue kostenlose Faltkarte f\u00fcr den Niers-Radwanderweg vorgestellt und an Interessierte ausgegeben. Neben zahlreichen St\u00e4nden und Mitmachm\u00f6glichkeiten hatten die Besucherinnen und Besucher au\u00dferdem die M\u00f6glichkeit, zwei Routenvorschl\u00e4ge des [&hellip;]<\/p>\n","protected":false},"author":3,"featured_media":6356,"comment_status":"closed","ping_status":"closed","sticky":false,"template":"","format":"standard","meta":{"_et_pb_use_builder":"","_et_pb_old_content":"","_et_gb_content_width":"","footnotes":""},"categories":[1],"tags":[],"class_list":["post-6355","post","type-post","status-publish","format-standard","has-post-thumbnail","hentry","category-allgemein"],"_links":{"self":[{"href":"https:\/\/standort-niederrhein.de\/en\/wp-json\/wp\/v2\/posts\/6355","targetHints":{"allow":["GET"]}}],"collection":[{"href":"https:\/\/standort-niederrhein.de\/en\/wp-json\/wp\/v2\/posts"}],"about":[{"href":"https:\/\/standort-niederrhein.de\/en\/wp-json\/wp\/v2\/types\/post"}],"author":[{"embeddable":true,"href":"https:\/\/standort-niederrhein.de\/en\/wp-json\/wp\/v2\/users\/3"}],"replies":[{"embeddable":true,"href":"https:\/\/standort-niederrhein.de\/en\/wp-json\/wp\/v2\/comments?post=6355"}],"version-history":[{"count":1,"href":"https:\/\/standort-niederrhein.de\/en\/wp-json\/wp\/v2\/posts\/6355\/revisions"}],"predecessor-version":[{"id":6357,"href":"https:\/\/standort-niederrhein.de\/en\/wp-json\/wp\/v2\/posts\/6355\/revisions\/6357"}],"wp:featuredmedia":[{"embeddable":true,"href":"https:\/\/standort-niederrhein.de\/en\/wp-json\/wp\/v2\/media\/6356"}],"wp:attachment":[{"href":"https:\/\/standort-niederrhein.de\/en\/wp-json\/wp\/v2\/media?parent=6355"}],"wp:term":[{"taxonomy":"category","embeddable":true,"href":"https:\/\/standort-niederrhein.de\/en\/wp-json\/wp\/v2\/categories?post=6355"},{"taxonomy":"post_tag","embeddable":true,"href":"https:\/\/standort-niederrhein.de\/en\/wp-json\/wp\/v2\/tags?post=6355"}],"curies":[{"name":"wp","href":"https:\/\/api.w.org\/{rel}","templated":true}]}}