{"id":6341,"date":"2025-07-31T06:00:00","date_gmt":"2025-07-31T04:00:00","guid":{"rendered":"https:\/\/invest-in-niederrhein.de\/?p=6341"},"modified":"2025-07-22T09:28:13","modified_gmt":"2025-07-22T07:28:13","slug":"dormagentalk-mit-schulministerin-feller","status":"publish","type":"post","link":"https:\/\/standort-niederrhein.de\/en\/2025\/07\/31\/dormagentalk-mit-schulministerin-feller\/","title":{"rendered":"DormagenTalk mit Schulministerin Feller"},"content":{"rendered":"\n<p><strong>Dormagen. <\/strong>Der von Anissa Saysay, B\u00fcrgermeisterkandidatin der Stadt Dormagen, ins Leben gerufene DormagenTalk war einmal mehr gut besucht und gut besetzt. Das lag auch an dem hochaktuellen Thema: \u201eSocial Media: Chance oder Gefahr?\u201c<\/p>\n\n\n\n<p>In der Aula des Bettina-von-Arnim-Gymnasiums diskutierten engagiert Landesschulministerin Dorothee Feller, Landrat Hans-J\u00fcrgen Petrauschke, J\u00f6rg Hustede, Leiter der Realschule Hackenbroich, und die B\u00fcrgermeisterkandidatin Anissa Saysay. Moderiert wurde das beliebte Veranstaltungsformat von dem versierten Journalisten Horst Thoren. Eine der Hauptfragen: Sollen Smartphones aus dem Unterricht verbannt werden?<\/p>\n\n\n\n<p>NRW-Ministerin Dorothee Feller und B\u00fcrgermeisterkandidatin Anissa Saysay weiteten das Thema auf die grunds\u00e4tzliche Fragestellung aus, wie unsere Gesellschaft insgesamt von den sozialen Medien beeinflusst und ver\u00e4ndert wird.<\/p>\n\n\n\n<p>Einig waren sich die Teilnehmer der Diskussionsrunde, dass die sozialen Medien aus dem Leben der Menschen nicht mehr wegzudenken seien. Deshalb bringe es auch nichts, zu glauben, man k\u00f6nne die Nutzung im Unterricht verbieten. Denn: Die meiste Zeit ihres Lebens w\u00fcrden die jungen Leute nicht in der Schule verbringen, sondern in der Familie und mit Freunden. Die Ministerin bilanzierte, dass es darauf ankomme, den jungen Menschen rechtzeitig beizubringen, wie man sinnvoll mit den neuen Medien umgehe, um sie gewinnbringend zu nutzen.<\/p>\n\n\n\n<p>J\u00f6rg Hustede, Leiter der Realschule Hackenbroich, machte darauf aufmerksam, dass die Sozialen Medien bei den Sch\u00fclern einen \u201eirrsinnig\u201c hohen Stellenwert h\u00e4tten.<\/p>\n\n\n\n<p>Horst Thoren konstatierte, dass es vielfach n\u00f6tig sei f\u00fcr die Nutzer der Medien, \u201ejournalistische Recherchef\u00e4higkeiten\u201c zu entwickeln, um zu erkennen, ob Inhalte wahr oder gef\u00e4lscht seien.<\/p>\n\n\n\n<p>Saysay forderte von den Eltern, sich mehr daf\u00fcr zu interessieren und auch zu kontrollieren, was ihre Kinder sich anschauen w\u00fcrden und wo sie in die sozialen Medien \u201eeintauchen\u201c. Nur dann, wenn die Eltern dar\u00fcber informiert seien, k\u00f6nnten sie auch mit ihren Kindern \u00fcber den Umgang mit den Medien sprechen und das Nutzungsverhalten ihrer Kinder steuern.<\/p>\n\n\n\n<p>Dass das Thema f\u00fcr unsere Gesellschaft h\u00f6chst wichtig ist, zeigt die Besucherzahl der Veranstaltung: Rund 150 Interessierte, darunter Rita S\u00fcssmuth, Bundesministerin f\u00fcr Jugend, Familie und Gesundheit a.D. und Pr\u00e4sidentin des Deutschen Bundestages a.D., B\u00fcrgermeister Erik Lierenfeld sowie etliche Schulleiter, Lehrer, Sch\u00fcler und Eltern, folgten den aufschlussreichen Vortr\u00e4gen, Meinungen und Thesen der Diskutanten.<\/p>\n\n\n\n<p>Insgesamt stie\u00dfen die Diskussionsteilnehmer auf breite Zustimmung mit ihren Forderungen zum Umgang mit den sozialen Medien. Man war sich einig, dass diese Medien zwar auch Suchtgefahren in sich bergen w\u00fcrden, es aber auf den kontrollierten und sinnstiftenden Umgang ankomme, damit der Umgang mit den sozialen Medien eine Hilfe und keine Gefahr gerade f\u00fcr die jungen Menschen darstelle.<\/p>\n\n\n\n<p>Quelle: J\u00f6rg Schwarz | Journalismus, PR &amp; Lyrik<\/p>\n\n\n<figure class=\"wp-block-post-featured-image\"><img loading=\"lazy\" decoding=\"async\" width=\"2560\" height=\"1707\" src=\"https:\/\/standort-niederrhein.de\/wp-content\/uploads\/2025\/07\/IMG_3315-scaled.jpeg\" class=\"attachment-post-thumbnail size-post-thumbnail wp-post-image\" alt=\"\" style=\"object-fit:cover;\" srcset=\"https:\/\/standort-niederrhein.de\/wp-content\/uploads\/2025\/07\/IMG_3315-scaled.jpeg 2560w, https:\/\/standort-niederrhein.de\/wp-content\/uploads\/2025\/07\/IMG_3315-1280x854.jpeg 1280w, https:\/\/standort-niederrhein.de\/wp-content\/uploads\/2025\/07\/IMG_3315-980x653.jpeg 980w, https:\/\/standort-niederrhein.de\/wp-content\/uploads\/2025\/07\/IMG_3315-480x320.jpeg 480w\" sizes=\"(min-width: 0px) and (max-width: 480px) 480px, (min-width: 481px) and (max-width: 980px) 980px, (min-width: 981px) and (max-width: 1280px) 1280px, (min-width: 1281px) 2560px, 100vw\" \/><\/figure>\n\n\n<p>Von links: Landrat Hans-J\u00fcrgen Petrauschke, Anissa Saysay, B\u00fcrgermeisterkandidatin f\u00fcr die Stadt Dormagen, Landesschulministerin Dorothee Feller, J\u00f6rg Hustede, Schulleiter der Realschule Hackenbroich. <\/p>\n","protected":false},"excerpt":{"rendered":"<p>Dormagen. Der von Anissa Saysay, B\u00fcrgermeisterkandidatin der Stadt Dormagen, ins Leben gerufene DormagenTalk war einmal mehr gut besucht und gut besetzt. Das lag auch an dem hochaktuellen Thema: \u201eSocial Media: Chance oder Gefahr?\u201c In der Aula des Bettina-von-Arnim-Gymnasiums diskutierten engagiert Landesschulministerin Dorothee Feller, Landrat Hans-J\u00fcrgen Petrauschke, J\u00f6rg Hustede, Leiter der Realschule Hackenbroich, und die B\u00fcrgermeisterkandidatin [&hellip;]<\/p>\n","protected":false},"author":3,"featured_media":6342,"comment_status":"closed","ping_status":"closed","sticky":false,"template":"","format":"standard","meta":{"_et_pb_use_builder":"","_et_pb_old_content":"","_et_gb_content_width":"","footnotes":""},"categories":[1],"tags":[],"class_list":["post-6341","post","type-post","status-publish","format-standard","has-post-thumbnail","hentry","category-allgemein"],"_links":{"self":[{"href":"https:\/\/standort-niederrhein.de\/en\/wp-json\/wp\/v2\/posts\/6341","targetHints":{"allow":["GET"]}}],"collection":[{"href":"https:\/\/standort-niederrhein.de\/en\/wp-json\/wp\/v2\/posts"}],"about":[{"href":"https:\/\/standort-niederrhein.de\/en\/wp-json\/wp\/v2\/types\/post"}],"author":[{"embeddable":true,"href":"https:\/\/standort-niederrhein.de\/en\/wp-json\/wp\/v2\/users\/3"}],"replies":[{"embeddable":true,"href":"https:\/\/standort-niederrhein.de\/en\/wp-json\/wp\/v2\/comments?post=6341"}],"version-history":[{"count":1,"href":"https:\/\/standort-niederrhein.de\/en\/wp-json\/wp\/v2\/posts\/6341\/revisions"}],"predecessor-version":[{"id":6343,"href":"https:\/\/standort-niederrhein.de\/en\/wp-json\/wp\/v2\/posts\/6341\/revisions\/6343"}],"wp:featuredmedia":[{"embeddable":true,"href":"https:\/\/standort-niederrhein.de\/en\/wp-json\/wp\/v2\/media\/6342"}],"wp:attachment":[{"href":"https:\/\/standort-niederrhein.de\/en\/wp-json\/wp\/v2\/media?parent=6341"}],"wp:term":[{"taxonomy":"category","embeddable":true,"href":"https:\/\/standort-niederrhein.de\/en\/wp-json\/wp\/v2\/categories?post=6341"},{"taxonomy":"post_tag","embeddable":true,"href":"https:\/\/standort-niederrhein.de\/en\/wp-json\/wp\/v2\/tags?post=6341"}],"curies":[{"name":"wp","href":"https:\/\/api.w.org\/{rel}","templated":true}]}}