{"id":6338,"date":"2025-07-30T06:00:00","date_gmt":"2025-07-30T04:00:00","guid":{"rendered":"https:\/\/invest-in-niederrhein.de\/?p=6338"},"modified":"2025-07-22T09:01:36","modified_gmt":"2025-07-22T07:01:36","slug":"neues-verleihsystem-schon-mehr-als-1-000-vermietungen","status":"publish","type":"post","link":"https:\/\/standort-niederrhein.de\/en\/2025\/07\/30\/neues-verleihsystem-schon-mehr-als-1-000-vermietungen\/","title":{"rendered":"Neues Verleihsystem: Schon mehr als 1.000 Vermietungen"},"content":{"rendered":"\n<p><strong>Niederrhein.<\/strong> F\u00fcr Christoph Gerwers ist klar: \u201eDas NiederrheinRad geh\u00f6rt bereits seit vielen Jahren fest zur Region. Und durch die nun erfolgte Digitalisierung wird seine Beliebtheit weiter steigen\u201c, so der Landrat des Kreises Kleve \u2013 der sich aktuell um eine Auszeichnung als \u201eFahrradfreundlicher Kreis\u201c bewirbt. \u201eBesonders erfreulich finde ich, dass die App zum Verleihen der R\u00e4der von ,Jung und Alt\u2019 genutzt wird, so Gerwers. Dies sei ein Beleg f\u00fcr die nutzerfreundliche Bedienung.<\/p>\n\n\n\n<p>In den ersten drei Monaten seit der Umr\u00fcstung der R\u00e4der \u2013 koordiniert von der Niederrhein Tourismus GmbH (NT) \u2013, wurden bereits 750 Kundenkonten er\u00f6ffnet und mehr als 1.000 individuelle Vermietungen registriert. Diese Zahlen wurden im Rahmen einer Pr\u00e4sentation des modernisierten Verleihsystems am elaya hotel kleve genannt, das zu den NiederrheinRad-Standorten geh\u00f6rt. \u201eDie Digitalisierung des NiederrheinRads bietet unseren G\u00e4sten deutlich mehr Flexibilit\u00e4t sowie zeitgem\u00e4\u00dfe und unkomplizierte Verleihm\u00f6glichkeiten \u2013 ein wichtiger Schritt, von dem der Kreis Kleve langfristig profitieren wird\u201c, sagt Brigitte Jansen, Gesch\u00e4ftsf\u00fchrerin der Wirtschaftsf\u00f6rderung Kreis Kleve GmbH (WFG). Auch Corinna Strunk, bei der WFG Kreis Kleve f\u00fcr den Tourismus-Service zust\u00e4ndig, ist \u00fcberzeugt: \u201eDas digitale NiederrheinRad bietet modernste Technik und st\u00e4rkt die Attraktivit\u00e4t des Kreises Kleve als Reiseziel. Zugleich setzt es damit ein klares Zeichen f\u00fcr nachhaltige Mobilit\u00e4t im l\u00e4ndlichen Raum.\u201c<\/p>\n\n\n\n<p>Die rund 350 R\u00e4der (davon sind 50 sogenannte Pedelecs) wurden mit digitalen Schl\u00f6ssern ausgestattet. Seit dem Startschuss am 1. April k\u00f6nnen sie damit nicht nur per App der Plattform MOQO digital gebucht, sondern auch sofort genutzt werden. Kathrin Peters, Projektleiterin bei NT, demonstrierte anhand ihres Smartphones, wie leicht die App zu bedienen ist: \u201eUm eine konkrete Buchung zu starten, sucht man einfach nach verf\u00fcgbaren NiederrheinR\u00e4dern zur gew\u00fcnschten Zeit am gew\u00fcnschten Abholort.\u201c &nbsp;Steht man dann direkt neben dem Rad, l\u00e4sst sich das Schloss per App \u00f6ffnen.&nbsp;<\/p>\n\n\n\n<p>\u201eDas selbstst\u00e4ndige Buchen erleichtert die Arbeit der Teams an den Stationen, darunter Hotels und Tourist-Informationen\u201c, sagt NT-Gesch\u00e4ftsf\u00fchrerin Martina Baumg\u00e4rtner. \u201eDer administrative Aufwand ist deutlich geringer geworden. Vermietungsvertr\u00e4ge und AGBs in Papierform oder kopierte Personalausweise geh\u00f6ren nun der Vergangenheit an.\u201c<\/p>\n\n\n\n<p>Auf dieser Grundlage f\u00fchrt NT derzeit intensive Gespr\u00e4che mit weiteren potenziellen Standorten, um das NiederrheinRad-Netz im Kreis Kleve sowie in der gesamten Region zu vergr\u00f6\u00dfern.<\/p>\n\n\n\n<p>Quelle: <a href=\"https:\/\/www.niederrhein-tourismus.de\/presse-oeffentlichkeitsarbeit\/presse\/neues-verleihsystem-schon-mehr-als-1-000-vermietungen\">Niederrhein Tourismus<\/a><\/p>\n\n\n<figure class=\"wp-block-post-featured-image\"><img loading=\"lazy\" decoding=\"async\" width=\"700\" height=\"541\" src=\"https:\/\/standort-niederrhein.de\/wp-content\/uploads\/2025\/07\/Foto_NRR_Kreis_Kleve-700x541-1.jpg\" class=\"attachment-post-thumbnail size-post-thumbnail wp-post-image\" alt=\"\" style=\"object-fit:cover;\" srcset=\"https:\/\/standort-niederrhein.de\/wp-content\/uploads\/2025\/07\/Foto_NRR_Kreis_Kleve-700x541-1.jpg 700w, https:\/\/standort-niederrhein.de\/wp-content\/uploads\/2025\/07\/Foto_NRR_Kreis_Kleve-700x541-1-480x371.jpg 480w\" sizes=\"(min-width: 0px) and (max-width: 480px) 480px, (min-width: 481px) 700px, 100vw\" \/><\/figure>\n\n\n<p>Stellten das digitalisierte Verleihsystem im Kreis Kleve vor: (v.l.) Landrat Christoph Gerwers, Martina Baumg\u00e4rtner und Kathrin Peters (beide Niederrhein Tourismus) sowie Corinna Strunk (WFG Kreis Kleve). | Foto: Daniel Boss<\/p>\n","protected":false},"excerpt":{"rendered":"<p>Niederrhein. F\u00fcr Christoph Gerwers ist klar: \u201eDas NiederrheinRad geh\u00f6rt bereits seit vielen Jahren fest zur Region. Und durch die nun erfolgte Digitalisierung wird seine Beliebtheit weiter steigen\u201c, so der Landrat des Kreises Kleve \u2013 der sich aktuell um eine Auszeichnung als \u201eFahrradfreundlicher Kreis\u201c bewirbt. \u201eBesonders erfreulich finde ich, dass die App zum Verleihen der R\u00e4der [&hellip;]<\/p>\n","protected":false},"author":3,"featured_media":6339,"comment_status":"closed","ping_status":"closed","sticky":false,"template":"","format":"standard","meta":{"_et_pb_use_builder":"","_et_pb_old_content":"","_et_gb_content_width":"","footnotes":""},"categories":[1],"tags":[],"class_list":["post-6338","post","type-post","status-publish","format-standard","has-post-thumbnail","hentry","category-allgemein"],"_links":{"self":[{"href":"https:\/\/standort-niederrhein.de\/en\/wp-json\/wp\/v2\/posts\/6338","targetHints":{"allow":["GET"]}}],"collection":[{"href":"https:\/\/standort-niederrhein.de\/en\/wp-json\/wp\/v2\/posts"}],"about":[{"href":"https:\/\/standort-niederrhein.de\/en\/wp-json\/wp\/v2\/types\/post"}],"author":[{"embeddable":true,"href":"https:\/\/standort-niederrhein.de\/en\/wp-json\/wp\/v2\/users\/3"}],"replies":[{"embeddable":true,"href":"https:\/\/standort-niederrhein.de\/en\/wp-json\/wp\/v2\/comments?post=6338"}],"version-history":[{"count":1,"href":"https:\/\/standort-niederrhein.de\/en\/wp-json\/wp\/v2\/posts\/6338\/revisions"}],"predecessor-version":[{"id":6340,"href":"https:\/\/standort-niederrhein.de\/en\/wp-json\/wp\/v2\/posts\/6338\/revisions\/6340"}],"wp:featuredmedia":[{"embeddable":true,"href":"https:\/\/standort-niederrhein.de\/en\/wp-json\/wp\/v2\/media\/6339"}],"wp:attachment":[{"href":"https:\/\/standort-niederrhein.de\/en\/wp-json\/wp\/v2\/media?parent=6338"}],"wp:term":[{"taxonomy":"category","embeddable":true,"href":"https:\/\/standort-niederrhein.de\/en\/wp-json\/wp\/v2\/categories?post=6338"},{"taxonomy":"post_tag","embeddable":true,"href":"https:\/\/standort-niederrhein.de\/en\/wp-json\/wp\/v2\/tags?post=6338"}],"curies":[{"name":"wp","href":"https:\/\/api.w.org\/{rel}","templated":true}]}}