{"id":6332,"date":"2025-07-29T06:00:00","date_gmt":"2025-07-29T04:00:00","guid":{"rendered":"https:\/\/invest-in-niederrhein.de\/?p=6332"},"modified":"2025-07-22T08:31:56","modified_gmt":"2025-07-22T06:31:56","slug":"ihk-sucht-beispiele-fuer-beschaeftigtenwohnen","status":"publish","type":"post","link":"https:\/\/standort-niederrhein.de\/en\/2025\/07\/29\/ihk-sucht-beispiele-fuer-beschaeftigtenwohnen\/","title":{"rendered":"IHK sucht Beispiele f\u00fcr Besch\u00e4ftigtenwohnen"},"content":{"rendered":"\n<p><strong>Mittlerer Niederrhein. <\/strong>Fachkr\u00e4fte sichern \u2013 Wohnraum schaffen: Diese Herausforderung besch\u00e4ftigt viele Unternehmen. Deshalb setzen immer mehr Betriebe auf neue Wohnkonzepte f\u00fcr ihre Mitarbeitenden. Ob Werkswohnungen, Wohnraumvermittlung oder Kooperationen mit Wohnungsbaugesellschaften \u2013 Besch\u00e4ftigtenwohnen wird zunehmend zu einem strategischen Erfolgsfaktor. Unter dem Titel \u201eZukunft Besch\u00e4ftigtenwohnen \u2013 Praktische Ans\u00e4tze\u201c besch\u00e4ftigt sich die Industrie- und Handelskammer (IHK) Mittlerer Niederrhein am 29. September im Rahmen einer Fachveranstaltung mit dem Thema.<\/p>\n\n\n\n<p>\u201eDaf\u00fcr suchen wir Unternehmen aus der Region, die bereits ein Modell des Besch\u00e4ftigtenwohnens umgesetzt oder sich mit dem Thema auseinandergesetzt haben\u201c, erkl\u00e4rt Silke Hauser, IHK-Bereichsleiterin Industrie, Klimaschutz und Mobilit\u00e4t. Die Betriebe bekommen die Gelegenheit, ihre Erfahrungen bei der Fachveranstaltung vorzustellen und sich mit den Teilnehmenden auszutauschen. Unternehmen, die Interesse haben, k\u00f6nnen sich an Silke Hauser, IHK-Bereichsleiterin Industrie, Klimaschutz und Mobilit\u00e4t wenden.<\/p>\n\n\n\n<p>Die Veranstaltung findet ab 13 Uhr in der IHK in Krefeld statt. Unternehmen, die ihr Modell vorstellen m\u00f6chten, k\u00f6nnen sich an Silke Hauser, IHK-Bereichsleiterin Industrie, Klimaschutz und Mobilit\u00e4t wenden: <a href=\"mailto:silke.hauser@mittlerer-niederrhein.ihk.de\">silke.hauser@mittlerer-niederrhein.ihk.de<\/a><\/p>\n\n\n\n<p>Quelle: <a href=\"https:\/\/mittlerer-niederrhein.ihk.de\/de\/oeffentlichkeitsarbeit\/pressemitteilungen\/2025\/ihk-sucht-beispiele-fuer-beschaeftigtenwohnen.html\">IHK Mittlerer Niederrhein<\/a><\/p>\n","protected":false},"excerpt":{"rendered":"<p>Mittlerer Niederrhein. Fachkr\u00e4fte sichern \u2013 Wohnraum schaffen: Diese Herausforderung besch\u00e4ftigt viele Unternehmen. Deshalb setzen immer mehr Betriebe auf neue Wohnkonzepte f\u00fcr ihre Mitarbeitenden. Ob Werkswohnungen, Wohnraumvermittlung oder Kooperationen mit Wohnungsbaugesellschaften \u2013 Besch\u00e4ftigtenwohnen wird zunehmend zu einem strategischen Erfolgsfaktor. Unter dem Titel \u201eZukunft Besch\u00e4ftigtenwohnen \u2013 Praktische Ans\u00e4tze\u201c besch\u00e4ftigt sich die Industrie- und Handelskammer (IHK) Mittlerer Niederrhein [&hellip;]<\/p>\n","protected":false},"author":3,"featured_media":0,"comment_status":"closed","ping_status":"closed","sticky":false,"template":"","format":"standard","meta":{"_et_pb_use_builder":"","_et_pb_old_content":"","_et_gb_content_width":"","footnotes":""},"categories":[1],"tags":[],"class_list":["post-6332","post","type-post","status-publish","format-standard","hentry","category-allgemein"],"_links":{"self":[{"href":"https:\/\/standort-niederrhein.de\/en\/wp-json\/wp\/v2\/posts\/6332","targetHints":{"allow":["GET"]}}],"collection":[{"href":"https:\/\/standort-niederrhein.de\/en\/wp-json\/wp\/v2\/posts"}],"about":[{"href":"https:\/\/standort-niederrhein.de\/en\/wp-json\/wp\/v2\/types\/post"}],"author":[{"embeddable":true,"href":"https:\/\/standort-niederrhein.de\/en\/wp-json\/wp\/v2\/users\/3"}],"replies":[{"embeddable":true,"href":"https:\/\/standort-niederrhein.de\/en\/wp-json\/wp\/v2\/comments?post=6332"}],"version-history":[{"count":1,"href":"https:\/\/standort-niederrhein.de\/en\/wp-json\/wp\/v2\/posts\/6332\/revisions"}],"predecessor-version":[{"id":6333,"href":"https:\/\/standort-niederrhein.de\/en\/wp-json\/wp\/v2\/posts\/6332\/revisions\/6333"}],"wp:attachment":[{"href":"https:\/\/standort-niederrhein.de\/en\/wp-json\/wp\/v2\/media?parent=6332"}],"wp:term":[{"taxonomy":"category","embeddable":true,"href":"https:\/\/standort-niederrhein.de\/en\/wp-json\/wp\/v2\/categories?post=6332"},{"taxonomy":"post_tag","embeddable":true,"href":"https:\/\/standort-niederrhein.de\/en\/wp-json\/wp\/v2\/tags?post=6332"}],"curies":[{"name":"wp","href":"https:\/\/api.w.org\/{rel}","templated":true}]}}