{"id":6326,"date":"2025-07-25T06:00:00","date_gmt":"2025-07-25T04:00:00","guid":{"rendered":"https:\/\/invest-in-niederrhein.de\/?p=6326"},"modified":"2025-07-17T12:35:42","modified_gmt":"2025-07-17T10:35:42","slug":"handel-und-stadtverwaltung-staerkungspaket-innenstadt-zeigt-wirkung","status":"publish","type":"post","link":"https:\/\/standort-niederrhein.de\/en\/2025\/07\/25\/handel-und-stadtverwaltung-staerkungspaket-innenstadt-zeigt-wirkung\/","title":{"rendered":"Handel und Stadtverwaltung: St\u00e4rkungspaket Innenstadt zeigt Wirkung"},"content":{"rendered":"\n<p><strong>Krefeld. <\/strong>Die beiden St\u00e4rkungspakete Innenstadt 1.0 und 2.0 zeigen nach Ansicht von Stadtverwaltung und dem Krefelder Einzelhandelsverband Wirkung. Die Entwicklung der Innenstadt ist dadurch in den vergangenen zwei Jahren vorangebracht worden. Das ist das Ergebnis eines neuen Controlling-Berichtes, den der Einzelhandelsverband vorgelegt und mit der Stadtverwaltung diskutiert hat. Nach dem Erfolg des ersten St\u00e4rkungspakets Innenstadt bewertet der neue Bericht die bisherige Ausf\u00fchrung des St\u00e4rkungspakets 2.0 mit der Note \u201eBefriedigend\u201c. Markus Ottersbach, Gesch\u00e4ftsf\u00fchrer des Einzelhandelsverbandes, sagt: \u201eDie Stadtverwaltung kommt ihren Versprechungen nach. Mit den im Haushalt zugesagten Finanzmitteln in H\u00f6he von zehn Millionen Euro f\u00fcr f\u00fcnf Jahre und j\u00e4hrlich 300.000 Euro f\u00fcr das Programm Stadtfein werden die Anforderungen generell erf\u00fcllt. Es gibt aber auch noch Raum f\u00fcr Verbesserung.\u201c Der Krefelder Innenstadtkoordinator Thomas Brocker betont: \u201eDie Stadtverwaltung und der Krefelder Handel verfolgen ein gemeinsames Ziel und arbeiten gut zusammen. Der neue Bericht macht deutlich, dass wir schon viel erreicht haben, dass es aber noch weitere wichtige Entwicklungsschritte gibt, die unsere Innenstadt weiter voranbringen k\u00f6nnen.\u201c<\/p>\n\n\n\n<p>Mit dem ersten St\u00e4rkungspaket, beschlossen im Stadtrat 2022, war bereits eine positive Entwicklung f\u00fcr die Innenstadt einhergegangen: Durch den im St\u00e4rkungspaket 1.0 beschlossenen Drogenkonsumraum finden mehr Konsumvorg\u00e4nge im gesch\u00fctzten Raum anstatt auf offener Stra\u00dfe statt. Rund 30.000 Konsumvorg\u00e4nge verzeichnet das Drogenhilfezentrum seit der Er\u00f6ffnung im M\u00e4rz 2023, zuletzt monatlich im Schnitt rund 1.200 Konsumvorg\u00e4nge. Der Kommunale Ordnungsdienst kontrolliert die Einhaltung der Regeln im \u00f6ffentlichen Raum und ist daf\u00fcr personell gest\u00e4rkt worden. Es gibt mittlerweile durch mehr Kontrollen weniger Drogentourismus nach Krefeld. Der Theaterplatz ist nicht mehr der Aufenthaltsort der Szene.<\/p>\n\n\n\n<p>Allerdings sind noch nicht alle Probleme damit behoben, weshalb in diesem Jahr das \u201eSt\u00e4rkungspaket Innenstadt 2.0\u201c entwickelt worden ist. Darin sind 35 weitere Ma\u00dfnahmen definiert \u2013 unter anderem sind darin Einsatzst\u00f6cke zum Eigenschutz des KOD, weitere Dienstr\u00e4der und die Er\u00f6ffnung einer Einsatzzentrale festgeschrieben. Weitere Themen sind das Verbot des Verkaufes von Lachgas sowie die Erweiterung der \u00d6ffnungszeiten des Drogenhilfezentrums \u2013 beides im Stadtrat j\u00fcngst beschlossen und vor der Umsetzung. In einer Liste f\u00fcr das St\u00e4rkungspaket 2.0 sind durch die Innenstadtkoordination 300 kleine Einzelma\u00dfnahmen zur Sauberkeit aufgef\u00fchrt, die im Programm Stadtfein nun fortlaufend erledigt werden. Im Bereich Innenstadtgestaltung geht es im St\u00e4rkungspaket 2.0 unter anderem um die Installation mobiler Stadtb\u00e4ume und die Umgestaltung des Evangelischen Kirchplatzes sowie die Begr\u00fcnung des Anne-Frank-Platzes. Im Controlling-Bericht wird der aktuelle Stand dazu dargelegt. Der Handel fordert die Reinigung des Seidenweberhaus von au\u00dfen, die Fertigstellung der Haltestelle Rheinstra\u00dfe sowie eine Entscheidung f\u00fcr eine Innenstadttoilette. F\u00fcr das Glasdach werden Vorschl\u00e4ge gearbeitet. Auch bei den weiteren Forderungen erfolgt eine Pr\u00fcfung, wie die Umsetzung erfolgen kann.<\/p>\n\n\n\n<p>Quelle: <a href=\"http:\/\/www.krefeld.de\">Stadt Krefeld<\/a><\/p>\n","protected":false},"excerpt":{"rendered":"<p>Krefeld. Die beiden St\u00e4rkungspakete Innenstadt 1.0 und 2.0 zeigen nach Ansicht von Stadtverwaltung und dem Krefelder Einzelhandelsverband Wirkung. Die Entwicklung der Innenstadt ist dadurch in den vergangenen zwei Jahren vorangebracht worden. Das ist das Ergebnis eines neuen Controlling-Berichtes, den der Einzelhandelsverband vorgelegt und mit der Stadtverwaltung diskutiert hat. Nach dem Erfolg des ersten St\u00e4rkungspakets Innenstadt [&hellip;]<\/p>\n","protected":false},"author":3,"featured_media":0,"comment_status":"closed","ping_status":"closed","sticky":false,"template":"","format":"standard","meta":{"_et_pb_use_builder":"","_et_pb_old_content":"","_et_gb_content_width":"","footnotes":""},"categories":[1],"tags":[],"class_list":["post-6326","post","type-post","status-publish","format-standard","hentry","category-allgemein"],"_links":{"self":[{"href":"https:\/\/standort-niederrhein.de\/en\/wp-json\/wp\/v2\/posts\/6326","targetHints":{"allow":["GET"]}}],"collection":[{"href":"https:\/\/standort-niederrhein.de\/en\/wp-json\/wp\/v2\/posts"}],"about":[{"href":"https:\/\/standort-niederrhein.de\/en\/wp-json\/wp\/v2\/types\/post"}],"author":[{"embeddable":true,"href":"https:\/\/standort-niederrhein.de\/en\/wp-json\/wp\/v2\/users\/3"}],"replies":[{"embeddable":true,"href":"https:\/\/standort-niederrhein.de\/en\/wp-json\/wp\/v2\/comments?post=6326"}],"version-history":[{"count":1,"href":"https:\/\/standort-niederrhein.de\/en\/wp-json\/wp\/v2\/posts\/6326\/revisions"}],"predecessor-version":[{"id":6327,"href":"https:\/\/standort-niederrhein.de\/en\/wp-json\/wp\/v2\/posts\/6326\/revisions\/6327"}],"wp:attachment":[{"href":"https:\/\/standort-niederrhein.de\/en\/wp-json\/wp\/v2\/media?parent=6326"}],"wp:term":[{"taxonomy":"category","embeddable":true,"href":"https:\/\/standort-niederrhein.de\/en\/wp-json\/wp\/v2\/categories?post=6326"},{"taxonomy":"post_tag","embeddable":true,"href":"https:\/\/standort-niederrhein.de\/en\/wp-json\/wp\/v2\/tags?post=6326"}],"curies":[{"name":"wp","href":"https:\/\/api.w.org\/{rel}","templated":true}]}}