{"id":6323,"date":"2025-07-27T06:00:00","date_gmt":"2025-07-27T04:00:00","guid":{"rendered":"https:\/\/invest-in-niederrhein.de\/?p=6323"},"modified":"2025-07-23T10:21:16","modified_gmt":"2025-07-23T08:21:16","slug":"zusammenarbeit-von-wirtschaft-und-verwaltung","status":"publish","type":"post","link":"https:\/\/standort-niederrhein.de\/en\/2025\/07\/27\/zusammenarbeit-von-wirtschaft-und-verwaltung\/","title":{"rendered":"Zusammenarbeit von Wirtschaft und Verwaltung"},"content":{"rendered":"\n<p><strong>Mittlerer Niederrhein.<\/strong> Zeitintensive Genehmigungsverfahren, mangelnde digitale Prozesse, komplexe B\u00fcrokratie und mitunter nur begrenztes Verst\u00e4ndnis f\u00fcr wirtschaftliche Notwendigkeiten \u2013 immer wieder beklagen Unternehmen, dass es bei der Zusammenarbeit mit der Verwaltung knirscht. Die Frage, wie das Miteinander zwischen Wirtschaft und Verwaltung verbessert werden kann, stand im Fokus des j\u00fcngsten Regionalforums Rhein-Kreis Neuss der Industrie- und Handelskammer (IHK) Mittlerer Niederrhein in den R\u00e4umen der Maschinenfabrik Reinartz. \u201eViele Betriebe \u2013 egal ob Handwerk, Dienstleistung oder Industrie \u2013 sto\u00dfen im Austausch mit der Verwaltung regelm\u00e4\u00dfig auf H\u00fcrden\u201c, sagte IHK-Hauptgesch\u00e4ftsf\u00fchrer J\u00fcrgen Steinmetz zur Begr\u00fc\u00dfung und warb f\u00fcr eine wirtschaftsfreundliche Verwaltung: \u201eSie kann den Unterschied machen. Geopolitische Entwicklungen oder bundes- und landespolitische Weichenstellungen kann man vor Ort nicht beeinflussen. Aber wie schnell und verl\u00e4sslich Kommunen agieren und wie ausgepr\u00e4gt das Service-Verst\u00e4ndnis der Verwaltungsmitarbeiter ist, haben die St\u00e4dte und Gemeinden selbst in der Hand.\u201c<\/p>\n\n\n\n<p>Dr. Martin Stiller nahm diese Gedanken in seinem Vortrag auf. Der Wirtschaftsdezernent des Rhein-Kreises Neuss warb daf\u00fcr, dass sich Kommunen zertifizieren lassen und das RAL-G\u00fctezeichen \u201eMittelstandsorientierte Kommunalverwaltung\u201c erwerben. Das G\u00fctezeichen wird von der G\u00fctegemeinschaft Mittelstandsorientierte Kommunalverwaltung verliehen. Die Pr\u00fcfungen f\u00fchrt der T\u00dcV Nord durch. Zu den Kriterien des RAL-G\u00fctezeichens geh\u00f6ren unter anderem die Zuverl\u00e4ssigkeit und schnelle Bearbeitung von Bauantr\u00e4gen, die fristgerechte Bezahlung von Rechnungen und die rechtzeitige Genehmigung von Schwertransporten.<\/p>\n\n\n\n<p>Konkret hei\u00dft das beispielweise: Eingangsbest\u00e4tigung von Seiten der Verwaltung und Nennung eines Ansprechpartners innerhalb von drei Tagen, Besprechung beim Unternehmen innerhalb von f\u00fcnf Tagen, Reaktion auf Anrufe und E-Mails innerhalb eines Tages und<\/p>\n\n\n\n<p> Bearbeitung von Baugenehmigungsantr\u00e4gen innerhalb von 40 Tagen. \u201eEs geht dabei vor allem um die Qualit\u00e4t der Verwaltung als Dienstleister f\u00fcr B\u00fcrger und Unternehmen\u201c, betonte Stiller. Der Mehrwert f\u00fcr die Unternehmen liegt auf der Hand. Aber auch f\u00fcr die Verwaltungen bieten sich handfeste Vorteile. Stiller: \u201eSie k\u00f6nnen sich im Wettbewerb um ansiedlungsinteressierte Unternehmen und Investoren gegen\u00fcber anderen Kommunen besser positionieren. Deshalb werben wir bei den St\u00e4dten und Gemeinden daf\u00fcr.\u201c Steinmetz erg\u00e4nzte: \u201eWir sind ebenfalls im Austausch mit Kommunen der Region. Es w\u00e4re ein starkes Signal f\u00fcr den Standort Mittlerer Niederrhein, wenn die Mehrheit der niederrheinischen Kommunen das RAL-G\u00fctezeichen erwirbt.\u201c<\/p>\n\n\n\n<p>Welchen Beitrag die K\u00fcnstliche Intelligenz (KI) zu mehr Wirtschaftsfreundlichkeit leisten kann, erl\u00e4uterte Karl-Heinz Land. Der Gesch\u00e4ftsf\u00fchrer der neuland.ai aus K\u00f6ln beschrieb den Teilnehmerinnen und Teilnehmern des Regionalforums, welche Umw\u00e4lzungen in Wirtschaft und Verwaltung bereits stattfinden und welche noch anstehen: \u201eAlles, was digitalisiert werden kann, wird digitalisiert werden. Alles, was vernetzt werden kann, wird vernetzt werden. Und: Alles, was automatisiert werden kann, wird automatisiert werden. So wird es kommen.\u201c<\/p>\n\n\n\n<p>Viele T\u00e4tigkeiten werde es demn\u00e4chst nicht mehr geben. \u201eDas sollte man positiv sehen. Die bestbezahlten Mitarbeiter verschwenden Zeit mit sich wiederholenden Aufgaben. Da kann die KI enorm entlasten\u201c, so Land. Er prophezeite einen Produktivit\u00e4tsschub durch KI und generative KI von 25 bis 90 Prozent. Dabei gehe es nicht um die schlichte Nutzung allgemein zug\u00e4nglicher Programme, sondern um individuelle L\u00f6sungen. Land: \u201eJede Organisation \u2013 ob Unternehmen oder Verwaltung \u2013 wird in den kommenden Jahren eine KI-Strategie und ein eigenes KI-Model entwickeln m\u00fcssen. Wer das nicht tut, wird Probleme bekommen.\u201c<\/p>\n\n\n\n<p>Quelle: <a href=\"https:\/\/mittlerer-niederrhein.ihk.de\/de\/oeffentlichkeitsarbeit\/pressemitteilungen\/2025\/zusammenarbeit-von-wirtschaft-und-verwaltung.html\">IHK Mittlerer Niederrhein<\/a><\/p>\n\n\n<figure class=\"wp-block-post-featured-image\"><img loading=\"lazy\" decoding=\"async\" width=\"987\" height=\"392\" src=\"https:\/\/standort-niederrhein.de\/wp-content\/uploads\/2025\/07\/pm143_regionalforum_rhein_kreis_neuss-artikel2.jpg\" class=\"attachment-post-thumbnail size-post-thumbnail wp-post-image\" alt=\"\" style=\"object-fit:cover;\" srcset=\"https:\/\/standort-niederrhein.de\/wp-content\/uploads\/2025\/07\/pm143_regionalforum_rhein_kreis_neuss-artikel2.jpg 987w, https:\/\/standort-niederrhein.de\/wp-content\/uploads\/2025\/07\/pm143_regionalforum_rhein_kreis_neuss-artikel2-980x389.jpg 980w, https:\/\/standort-niederrhein.de\/wp-content\/uploads\/2025\/07\/pm143_regionalforum_rhein_kreis_neuss-artikel2-480x191.jpg 480w\" sizes=\"(min-width: 0px) and (max-width: 480px) 480px, (min-width: 481px) and (max-width: 980px) 980px, (min-width: 981px) 987px, 100vw\" \/><\/figure>\n\n\n<p>Sie tauschten sich beim Regionalforum Rhein-Kreis Neuss aus (v.l.): IHK-Vizepr\u00e4sidentin Susanne Thywissen, Niklas Stadermann (Maschinenfabrik Reinartz), Karl-Heinz Land (neuland.ai), Alana Voigt (Rhein-Kreis Neuss), Vito Maldera (Maschinenfabrik Reinartz) und J\u00fcrgen Steinmetz (IHK Mittlerer Niederrhein). | Foto: IHK Mittlerer Niederrhein<\/p>\n","protected":false},"excerpt":{"rendered":"<p>Mittlerer Niederrhein. Zeitintensive Genehmigungsverfahren, mangelnde digitale Prozesse, komplexe B\u00fcrokratie und mitunter nur begrenztes Verst\u00e4ndnis f\u00fcr wirtschaftliche Notwendigkeiten \u2013 immer wieder beklagen Unternehmen, dass es bei der Zusammenarbeit mit der Verwaltung knirscht. Die Frage, wie das Miteinander zwischen Wirtschaft und Verwaltung verbessert werden kann, stand im Fokus des j\u00fcngsten Regionalforums Rhein-Kreis Neuss der Industrie- und Handelskammer [&hellip;]<\/p>\n","protected":false},"author":3,"featured_media":6324,"comment_status":"closed","ping_status":"closed","sticky":false,"template":"","format":"standard","meta":{"_et_pb_use_builder":"","_et_pb_old_content":"","_et_gb_content_width":"","footnotes":""},"categories":[1],"tags":[],"class_list":["post-6323","post","type-post","status-publish","format-standard","has-post-thumbnail","hentry","category-allgemein"],"_links":{"self":[{"href":"https:\/\/standort-niederrhein.de\/en\/wp-json\/wp\/v2\/posts\/6323","targetHints":{"allow":["GET"]}}],"collection":[{"href":"https:\/\/standort-niederrhein.de\/en\/wp-json\/wp\/v2\/posts"}],"about":[{"href":"https:\/\/standort-niederrhein.de\/en\/wp-json\/wp\/v2\/types\/post"}],"author":[{"embeddable":true,"href":"https:\/\/standort-niederrhein.de\/en\/wp-json\/wp\/v2\/users\/3"}],"replies":[{"embeddable":true,"href":"https:\/\/standort-niederrhein.de\/en\/wp-json\/wp\/v2\/comments?post=6323"}],"version-history":[{"count":1,"href":"https:\/\/standort-niederrhein.de\/en\/wp-json\/wp\/v2\/posts\/6323\/revisions"}],"predecessor-version":[{"id":6325,"href":"https:\/\/standort-niederrhein.de\/en\/wp-json\/wp\/v2\/posts\/6323\/revisions\/6325"}],"wp:featuredmedia":[{"embeddable":true,"href":"https:\/\/standort-niederrhein.de\/en\/wp-json\/wp\/v2\/media\/6324"}],"wp:attachment":[{"href":"https:\/\/standort-niederrhein.de\/en\/wp-json\/wp\/v2\/media?parent=6323"}],"wp:term":[{"taxonomy":"category","embeddable":true,"href":"https:\/\/standort-niederrhein.de\/en\/wp-json\/wp\/v2\/categories?post=6323"},{"taxonomy":"post_tag","embeddable":true,"href":"https:\/\/standort-niederrhein.de\/en\/wp-json\/wp\/v2\/tags?post=6323"}],"curies":[{"name":"wp","href":"https:\/\/api.w.org\/{rel}","templated":true}]}}