{"id":6309,"date":"2025-07-22T06:00:00","date_gmt":"2025-07-22T04:00:00","guid":{"rendered":"https:\/\/invest-in-niederrhein.de\/?p=6309"},"modified":"2025-07-16T09:37:07","modified_gmt":"2025-07-16T07:37:07","slug":"worado-hat-neubauten-an-der-von-stauffenberg-strasse-in-delhoven-fertiggestellt","status":"publish","type":"post","link":"https:\/\/standort-niederrhein.de\/en\/2025\/07\/22\/worado-hat-neubauten-an-der-von-stauffenberg-strasse-in-delhoven-fertiggestellt\/","title":{"rendered":"WORADO hat Neubauten an der Von-Stauffenberg-Stra\u00dfe in Delhoven fertiggestellt"},"content":{"rendered":"\n<p><strong>Dormagen.<\/strong> Nach rund 17 Monaten Bauzeit hat die WORADO ein umfangreiches Bauvorhaben in Dormagen weitgehend fertiggestellt. Jetzt wurden die drei Mehrfamilienh\u00e4user an der Von-Stauffenberg-Stra\u00dfe in Dormagen-Delhoven Vertreterinnen und Vertretern aus der Kommunalpolitik vorgestellt.<br><br>\u201eMit diesem Projekt schaffen wir nicht nur dringend ben\u00f6tigten Wohnraum, sondern setzen auch ein starkes Zeichen f\u00fcr Nachhaltigkeit und Lebensqualit\u00e4t in Dormagen\u201c, betonte B\u00fcrgermeister Erik Lierenfeld. \u201eIch freue mich sehr, dass hier in so kurzer Zeit ein echtes Vorzeigeprojekt realisiert werden konnte, das unseren Wohnungsmarkt weiter entlasten wird.\u201c<\/p>\n\n\n\n<p>Die drei Geb\u00e4ude umfassen insgesamt 36 Wohnungen zwischen rund 65 und 115 Quadratmetern. Davon sind 27 \u00f6ffentlich gef\u00f6rdert. Die Mietpreise f\u00fcr den \u00f6ffentlich gef\u00f6rderten Wohnraum betragen je Quadratmeter Wohnfl\u00e4che 7,40 Euro beziehungsweise 8,55 Euro. Diese Mietpreise sind nach Einkommensgruppen gestaffelt und gelten f\u00fcr Haushalte der sogenannten Einkommensgruppen A oder B.<\/p>\n\n\n\n<p>Der Wohnungsmix aus Zwei-, Drei-, Vier- und F\u00fcnfzimmerwohnungen bietet Raum f\u00fcr unterschiedliche Lebenssituationen. Alle Wohnungen sind barrierefrei und \u00fcber gro\u00dfz\u00fcgige Aufz\u00fcge erreichbar. Eine Wohnung wurde dar\u00fcber hinaus behindertengerecht angepasst. Das erste Haus wird im September dieses Jahres fertiggestellt, die H\u00e4user 2 und 3 folgen im Oktober.<\/p>\n\n\n\n<p>Besonderer Wert wurde auf eine nachhaltige Bauweise gelegt: Die H\u00e4user sind in CO\u2082-sparender Massivholzbauweise errichtet, verf\u00fcgen \u00fcber rund 1.350 Quadratmeter Dachbegr\u00fcnung sowie 350 Photovoltaik-Module auf etwa 700 Quadratmetern Dachfl\u00e4che. F\u00fcr W\u00e4rme sorgt eine Luft-Wasser-W\u00e4rmepumpe kombiniert mit einer Warmwasser-Fu\u00dfbodenheizung.<\/p>\n\n\n\n<p>Die Au\u00dfenanlagen sind park\u00e4hnlich gestaltet und mit \u00fcber 30 B\u00e4umen und rund 450 heimischen Str\u00e4uchern bepflanzt. Ein gro\u00dfer Spielplatz und eine Spielwiese erh\u00f6hen die Aufenthaltsqualit\u00e4t. F\u00fcr Fahrzeuge stehen 42 begr\u00fcnte und versickerungsoffene Stellpl\u00e4tze mit Vorrichtung f\u00fcr E-Mobilit\u00e4t bereit. Zudem wurden zwei \u00f6ffentliche E-Ladestationen der evd Dormagen installiert.<\/p>\n\n\n\n<p>Alle Wohnungen konnten bereits vermietet werden. Dabei hat sich das Team der st\u00e4dtischen Abteilung \u201esoziales Wohnen\u201c der WORADO engagiert und erfolgreich die Vermietung verantwortet. Unterst\u00fctzt wurde das Bauvorhaben durch die enge Zusammenarbeit mit dem General\u00fcbernehmer Pacher Haus- und Wohnungsbau GmbH, der Stadt Dormagen und den zum \u00fcberwiegenden Teil regionalen Architekten, Planern und Handwerksbetrieben.<\/p>\n\n\n\n<p>Quelle: <a href=\"http:\/\/www.dormagen.de\">Stadt Dormagen<\/a><\/p>\n\n\n<figure class=\"wp-block-post-featured-image\"><img loading=\"lazy\" decoding=\"async\" width=\"2560\" height=\"1920\" src=\"https:\/\/standort-niederrhein.de\/wp-content\/uploads\/2025\/07\/WORADO-Bauprojekt-Delhoven-scaled.jpg\" class=\"attachment-post-thumbnail size-post-thumbnail wp-post-image\" alt=\"\" style=\"object-fit:cover;\" srcset=\"https:\/\/standort-niederrhein.de\/wp-content\/uploads\/2025\/07\/WORADO-Bauprojekt-Delhoven-scaled.jpg 2560w, https:\/\/standort-niederrhein.de\/wp-content\/uploads\/2025\/07\/WORADO-Bauprojekt-Delhoven-1280x960.jpg 1280w, https:\/\/standort-niederrhein.de\/wp-content\/uploads\/2025\/07\/WORADO-Bauprojekt-Delhoven-980x735.jpg 980w, https:\/\/standort-niederrhein.de\/wp-content\/uploads\/2025\/07\/WORADO-Bauprojekt-Delhoven-480x360.jpg 480w\" sizes=\"(min-width: 0px) and (max-width: 480px) 480px, (min-width: 481px) and (max-width: 980px) 980px, (min-width: 981px) and (max-width: 1280px) 1280px, (min-width: 1281px) 2560px, 100vw\" \/><\/figure>\n\n\n<p>B\u00fcrgermeister Erik Lierenfeld, WORADO-Gesch\u00e4ftsf\u00fchrer Uwe Heidel und Baris Delibas, Immobilienkaufmann der WORADO, stellten zusammen mit Thorsten Wankum und Jutta Quasten-Mundt (Werkgemeinschaft Quasten-Mundt) und Florian Pacher (Pacher Wohnungsbau GmbH) das Projekt in Delhoven vor. | Foto: Stadt Dormagen<\/p>\n","protected":false},"excerpt":{"rendered":"<p>Dormagen. Nach rund 17 Monaten Bauzeit hat die WORADO ein umfangreiches Bauvorhaben in Dormagen weitgehend fertiggestellt. Jetzt wurden die drei Mehrfamilienh\u00e4user an der Von-Stauffenberg-Stra\u00dfe in Dormagen-Delhoven Vertreterinnen und Vertretern aus der Kommunalpolitik vorgestellt. \u201eMit diesem Projekt schaffen wir nicht nur dringend ben\u00f6tigten Wohnraum, sondern setzen auch ein starkes Zeichen f\u00fcr Nachhaltigkeit und Lebensqualit\u00e4t in Dormagen\u201c, [&hellip;]<\/p>\n","protected":false},"author":3,"featured_media":6310,"comment_status":"closed","ping_status":"closed","sticky":false,"template":"","format":"standard","meta":{"_et_pb_use_builder":"","_et_pb_old_content":"","_et_gb_content_width":"","footnotes":""},"categories":[1],"tags":[],"class_list":["post-6309","post","type-post","status-publish","format-standard","has-post-thumbnail","hentry","category-allgemein"],"_links":{"self":[{"href":"https:\/\/standort-niederrhein.de\/en\/wp-json\/wp\/v2\/posts\/6309","targetHints":{"allow":["GET"]}}],"collection":[{"href":"https:\/\/standort-niederrhein.de\/en\/wp-json\/wp\/v2\/posts"}],"about":[{"href":"https:\/\/standort-niederrhein.de\/en\/wp-json\/wp\/v2\/types\/post"}],"author":[{"embeddable":true,"href":"https:\/\/standort-niederrhein.de\/en\/wp-json\/wp\/v2\/users\/3"}],"replies":[{"embeddable":true,"href":"https:\/\/standort-niederrhein.de\/en\/wp-json\/wp\/v2\/comments?post=6309"}],"version-history":[{"count":1,"href":"https:\/\/standort-niederrhein.de\/en\/wp-json\/wp\/v2\/posts\/6309\/revisions"}],"predecessor-version":[{"id":6311,"href":"https:\/\/standort-niederrhein.de\/en\/wp-json\/wp\/v2\/posts\/6309\/revisions\/6311"}],"wp:featuredmedia":[{"embeddable":true,"href":"https:\/\/standort-niederrhein.de\/en\/wp-json\/wp\/v2\/media\/6310"}],"wp:attachment":[{"href":"https:\/\/standort-niederrhein.de\/en\/wp-json\/wp\/v2\/media?parent=6309"}],"wp:term":[{"taxonomy":"category","embeddable":true,"href":"https:\/\/standort-niederrhein.de\/en\/wp-json\/wp\/v2\/categories?post=6309"},{"taxonomy":"post_tag","embeddable":true,"href":"https:\/\/standort-niederrhein.de\/en\/wp-json\/wp\/v2\/tags?post=6309"}],"curies":[{"name":"wp","href":"https:\/\/api.w.org\/{rel}","templated":true}]}}