{"id":6300,"date":"2025-07-18T06:00:00","date_gmt":"2025-07-18T04:00:00","guid":{"rendered":"https:\/\/invest-in-niederrhein.de\/?p=6300"},"modified":"2025-07-14T10:50:18","modified_gmt":"2025-07-14T08:50:18","slug":"foerdermittel-unterwegs-in-meerbusch","status":"publish","type":"post","link":"https:\/\/standort-niederrhein.de\/en\/2025\/07\/18\/foerdermittel-unterwegs-in-meerbusch\/","title":{"rendered":"\u201eF\u00f6rdermittel unterwegs\u201c in Meerbusch"},"content":{"rendered":"\n<p><strong>Rhein-Kreis Neuss\/ Meerbusch.<\/strong> Sieben Meerbuscher Unternehmen nutzten die Gelegenheit, sich bei der Veranstaltung \u201eF\u00f6rdermittel unterwegs\u201c zu m\u00f6glichen F\u00f6rder- und Finanzierungsm\u00f6glichkeiten beraten zu lassen. Organisiert wurde die Veranstaltung von den Wirtschaftsf\u00f6rderungen der Stadt Meerbusch und des Rhein-Kreises Neuss sowie der NRW.Bank. Gastgeber war die Oraylis GmbH in Meerbusch-Osterath, ein Beratungsunternehmen im Bereich Business Intelligence, Data Analytics und K\u00fcnstliche Intelligenz.<\/p>\n\n\n\n<p>Das Angebot zur individuellen Beratung war in k\u00fcrzester Zeit ausgebucht. Die Meerbuscher Unternehmerinnen und Unternehmer erhielten in Einzelgespr\u00e4chen umfassende Informationen zu \u00f6ffentlichen Finanzierungsm\u00f6glichkeiten von Land, Bund und EU. Dabei reichte die Bandbreite von F\u00f6rderkrediten \u00fcber Zuschussprogramme bis hin zur Bereitstellung von Eigenkapital.<\/p>\n\n\n\n<p>Dr. Martin Stiller, Wirtschaftsdezernent des Rhein Kreises Neuss, zeigte sich zufrieden mit dem Verlauf der Veranstaltung: \u201e\u00b4F\u00f6rdermittel unterwegs\u00b4 bringt Unternehmerinnen und Unternehmer ganz nah an die F\u00f6rderexperten \u2013 genau dort, wo Innovation entsteht. Ich freue mich sehr, dass wir in Meerbusch bei Oraylis diesen lebendigen Austausch erleben durften. Oraylis ist ein hervorragendes Beispiel f\u00fcr gelebte Digitalisierung und zeigt, wie datenbasierte Gesch\u00e4ftsmodelle erfolgreich entwickelt und umgesetzt werden k\u00f6nnen.\u201c<\/p>\n\n\n\n<p>Stephan Benninghoven, Wirtschaftsf\u00f6rderung der Stadt Meerbusch, f\u00fcgte hinzu: \u201eMeerbusch w\u00e4chst \u2013 mit starken Unternehmen wie Oraylis und unserer gemeinsamen Initiative \u00b4F\u00f6rdermittel unterwegs\u00b4 st\u00e4rken wir gezielt Innovationen und Wachstum vor Ort. Es ist gro\u00dfartig zu sehen, wie rege das Interesse und wie konkret die Projekte sind.\u201c<\/p>\n\n\n\n<p>Das Meerbuscher Unternehmen Oraylis pr\u00e4sentierte sich als hervorragender Gastgeber. Der Standort in der Werkstra\u00dfe 10 besticht durch lichtdurchflutete, offene R\u00e4ume, modernste Technik und agile Arbeitsbereiche, die die kreative Zusammenarbeit und l\u00f6sungsorientiertes Denken f\u00f6rdern. Daraus resultieren datengetriebene L\u00f6sungen, durch die Unternehmen unterschiedlicher Branchen ihr Gesch\u00e4ft optimieren und in die Zukunft f\u00fchren k\u00f6nnen.<\/p>\n\n\n\n<p>Quelle: <a href=\"http:\/\/www.rhein-kreis-neuss.de\">Rhein-Kreis Neuss<\/a><\/p>\n\n\n<figure class=\"wp-block-post-featured-image\"><img loading=\"lazy\" decoding=\"async\" width=\"8256\" height=\"5504\" src=\"https:\/\/standort-niederrhein.de\/wp-content\/uploads\/2025\/07\/RKN-Oraylis-Foerdermittelberatung-6466.jpg\" class=\"attachment-post-thumbnail size-post-thumbnail wp-post-image\" alt=\"\" style=\"object-fit:cover;\" srcset=\"https:\/\/standort-niederrhein.de\/wp-content\/uploads\/2025\/07\/RKN-Oraylis-Foerdermittelberatung-6466.jpg 8256w, https:\/\/standort-niederrhein.de\/wp-content\/uploads\/2025\/07\/RKN-Oraylis-Foerdermittelberatung-6466-300x200.jpg 300w, https:\/\/standort-niederrhein.de\/wp-content\/uploads\/2025\/07\/RKN-Oraylis-Foerdermittelberatung-6466-1024x683.jpg 1024w, https:\/\/standort-niederrhein.de\/wp-content\/uploads\/2025\/07\/RKN-Oraylis-Foerdermittelberatung-6466-768x512.jpg 768w, https:\/\/standort-niederrhein.de\/wp-content\/uploads\/2025\/07\/RKN-Oraylis-Foerdermittelberatung-6466-1536x1024.jpg 1536w, https:\/\/standort-niederrhein.de\/wp-content\/uploads\/2025\/07\/RKN-Oraylis-Foerdermittelberatung-6466-1080x720.jpg 1080w\" sizes=\"(max-width: 8256px) 100vw, 8256px\" \/><\/figure>\n\n\n<p>Unten v.l.: Thomas Strehlow (Oraylis) und Kreisdezernent Dr. Martin Stiller mit (oben v.l.) Alana Voigt von der Wirtschaftsf\u00f6rderung Rhein-Kreis Neuss, Stephan Benninghoven von der Wirtschaftsf\u00f6rderung Stadt Meerbusch und Stephan Kunz von der NRW Bank | Foto: Rhein-Kreis Neuss<\/p>\n","protected":false},"excerpt":{"rendered":"<p>Rhein-Kreis Neuss\/ Meerbusch. Sieben Meerbuscher Unternehmen nutzten die Gelegenheit, sich bei der Veranstaltung \u201eF\u00f6rdermittel unterwegs\u201c zu m\u00f6glichen F\u00f6rder- und Finanzierungsm\u00f6glichkeiten beraten zu lassen. Organisiert wurde die Veranstaltung von den Wirtschaftsf\u00f6rderungen der Stadt Meerbusch und des Rhein-Kreises Neuss sowie der NRW.Bank. Gastgeber war die Oraylis GmbH in Meerbusch-Osterath, ein Beratungsunternehmen im Bereich Business Intelligence, Data Analytics [&hellip;]<\/p>\n","protected":false},"author":3,"featured_media":6301,"comment_status":"closed","ping_status":"closed","sticky":false,"template":"","format":"standard","meta":{"_et_pb_use_builder":"","_et_pb_old_content":"","_et_gb_content_width":"","footnotes":""},"categories":[1],"tags":[],"class_list":["post-6300","post","type-post","status-publish","format-standard","has-post-thumbnail","hentry","category-allgemein"],"_links":{"self":[{"href":"https:\/\/standort-niederrhein.de\/en\/wp-json\/wp\/v2\/posts\/6300","targetHints":{"allow":["GET"]}}],"collection":[{"href":"https:\/\/standort-niederrhein.de\/en\/wp-json\/wp\/v2\/posts"}],"about":[{"href":"https:\/\/standort-niederrhein.de\/en\/wp-json\/wp\/v2\/types\/post"}],"author":[{"embeddable":true,"href":"https:\/\/standort-niederrhein.de\/en\/wp-json\/wp\/v2\/users\/3"}],"replies":[{"embeddable":true,"href":"https:\/\/standort-niederrhein.de\/en\/wp-json\/wp\/v2\/comments?post=6300"}],"version-history":[{"count":1,"href":"https:\/\/standort-niederrhein.de\/en\/wp-json\/wp\/v2\/posts\/6300\/revisions"}],"predecessor-version":[{"id":6302,"href":"https:\/\/standort-niederrhein.de\/en\/wp-json\/wp\/v2\/posts\/6300\/revisions\/6302"}],"wp:featuredmedia":[{"embeddable":true,"href":"https:\/\/standort-niederrhein.de\/en\/wp-json\/wp\/v2\/media\/6301"}],"wp:attachment":[{"href":"https:\/\/standort-niederrhein.de\/en\/wp-json\/wp\/v2\/media?parent=6300"}],"wp:term":[{"taxonomy":"category","embeddable":true,"href":"https:\/\/standort-niederrhein.de\/en\/wp-json\/wp\/v2\/categories?post=6300"},{"taxonomy":"post_tag","embeddable":true,"href":"https:\/\/standort-niederrhein.de\/en\/wp-json\/wp\/v2\/tags?post=6300"}],"curies":[{"name":"wp","href":"https:\/\/api.w.org\/{rel}","templated":true}]}}