{"id":6298,"date":"2025-07-13T07:00:00","date_gmt":"2025-07-13T05:00:00","guid":{"rendered":"https:\/\/invest-in-niederrhein.de\/?p=6298"},"modified":"2025-07-14T10:29:32","modified_gmt":"2025-07-14T08:29:32","slug":"gemeinsam-fuer-die-fachkraeftesicherung-fortsetzung-des-zukunftsdialogs-industrie-in-nordrhein-westfalen","status":"publish","type":"post","link":"https:\/\/standort-niederrhein.de\/en\/2025\/07\/13\/gemeinsam-fuer-die-fachkraeftesicherung-fortsetzung-des-zukunftsdialogs-industrie-in-nordrhein-westfalen\/","title":{"rendered":"Gemeinsam f\u00fcr die Fachkr\u00e4ftesicherung \u2013 Fortsetzung des Zukunftsdialogs Industrie in Nordrhein-Westfalen"},"content":{"rendered":"\n<p>NRW. Nordrhein-Westfalen macht sich fit f\u00fcr die Zukunft: Mit dem Abschluss des Industriepolitischen Leitbilds beginnt jetzt die Umsetzungsphase. Unter dem Titel Zukunftsdialog Industrie arbeiten Land, Wirtschaft, Kammern und Gewerkschaften Hand in Hand daran, die Industrie in Nordrhein-Westfalen krisenfest, nachhaltig und zukunftsorientiert aufzustellen. Insbesondere f\u00fcr die Auswirkungen des Sonderverm\u00f6gens Infrastruktur bereitet sich die Landesregierung gemeinsam mit der Wirtschaft, den Kammern und Gewerkschaften darauf vor, die notwendigen Investitionen umzusetzen und die daf\u00fcr dringend ben\u00f6tigten Fachkr\u00e4fte zu gewinnen und zu halten. Daher kamen die Vertreterinnen und Vertreter des Zukunftsdialogs nun zum Thema Fachkr\u00e4ftesicherung zusammen. Ziel ist es, ein zukunftsfestes, attraktives und resilientes Arbeitsumfeld in Nordrhein-Westfalen zu erarbeiten.<\/p>\n\n\n\n<p>Wirtschaftsministerin Mona Neubaur: \u201eFachkr\u00e4fte sind der Schl\u00fcssel f\u00fcr eine starke und zukunftsf\u00e4hige Industrie in Nordrhein-Westfalen. Ohne sie gelingt uns weder die Energiewende noch die digitale und nachhaltige Transformation. Deshalb investieren wir gezielt in Ausbildung, Qualifizierung und bessere Arbeitsbedingungen. Besonders wichtig ist uns dabei: mehr praxisnahe Angebote f\u00fcr junge Menschen, mehr Unterst\u00fctzung beim beruflichen Umstieg oder Wiedereinstieg und mehr Wertsch\u00e4tzung f\u00fcr alle beruflichen Wege \u2013 ob akademisch oder handwerklich. Wir wollen, dass Menschen hier gute Jobs finden, sich weiterentwickeln k\u00f6nnen und dass Unternehmen die Fachkr\u00e4fte haben, die sie brauchen. Der Zukunftsdialog bringt alle an einen Tisch, damit wir gemeinsam L\u00f6sungen schaffen, die f\u00fcr Betriebe und Besch\u00e4ftigte gleicherma\u00dfen wirksam sind.\u201c<\/p>\n\n\n\n<p>Ralf Stoffels, Pr\u00e4sident IHK NRW: \u201eDie Lage in der nordrhein-westf\u00e4lischen Industrie ist im Sommer 2025 fast unver\u00e4ndert kritisch. Die Sorge um die Entwicklung der Fachkr\u00e4fteversorgung ist neben den aktuellen Krisen ein weiterer Risikofaktor f\u00fcr den Industriestandort Nordrhein-Westfalen: Bis 2035 werden 2,5 Millionen Erwerbst\u00e4tige in den Ruhestand gehen, deren Stellen nachbesetzt werden m\u00fcssen. Dem neuen&nbsp;<a href=\"https:\/\/atpscan.global.hornetsecurity.com\/?d=fJ9IWTnAlpYFWOkTDZiczWHAqTxPcfjyDYaBrz7BluE&amp;f=nSkwmy-hwO0war23BHx72plX3PeMAYIe-OjEoB7GL9_SEp90O58KbqFExK3_YnVM&amp;i=&amp;k=dgWe&amp;m=ER3A8qH7R6EiGz3BrDdFBQ910DXfJxA20pqGqMqPPlnQrjMNSYaL7xd3vlr15VcK4YKhdHVzCJU6nytO5LFJzEGKjhino2OP-ZUaPgQmA42-8qck7jmy8450J_kqU7lN&amp;n=7xxjZ7SV_vcvMKxnBekLxE7eOi0vN2opO_rKAXPM748&amp;r=0OitV7C4oGPBeIYUh0paCkS89SvZbPNsSDydzPgZ-bwP-xPJNCXEfuBPcofhpbLl&amp;s=cac568b83af9a6876a87be1181388a830e93ecbc7df7222be74c3c31242ea30d&amp;u=https%3A%2F%2Fwww.ihk-fachkraeftemonitor.de%2Fnrw%2F\" target=\"_blank\" rel=\"noreferrer noopener\">IHK-Fachkr\u00e4ftemonitor<\/a>&nbsp;von IHK NRW folgend, steigt die Anzahl der unbesetzten Stellen bis 2035 auf bis zu 610.000 an. Wenn wir nicht entschlossen gegensteuern, droht ein fl\u00e4chendeckender Personalengpass mit erheblichen Folgen. Besorgniserregend ist auch die strukturelle Schieflage am Arbeitsmarkt: 80\u202fProzent der offenen Stellen richten sich an Fachkr\u00e4fte, doch 60\u202fProzent der Arbeitslosen bringen nicht die n\u00f6tige Qualifikation mit. Diese L\u00fccke zwischen Angebot und Nachfrage k\u00f6nnen wir nicht ignorieren.\u201c<\/p>\n\n\n\n<p>Anja Weber, Vorsitzende DGB NRW: \u201eNur mit gen\u00fcgend Fachkr\u00e4ften kann Nordrhein-Westfalen Industriestandort bleiben und die Transformation erfolgreich bew\u00e4ltigen. Auch das Sonderverm\u00f6gen Infrastruktur wird nur seine Wirkung entfalten, wenn es ausreichend qualifizierte Besch\u00e4ftigte gibt, die es umsetzen. Deshalb m\u00fcssen wir endlich alle Potenziale in Nordrhein-Westfalen heben. Wir k\u00f6nnen es uns nicht l\u00e4nger leisten, dass jeder f\u00fcnfte junge Mensch dauerhaft ohne Berufsausbildung verbleibt. Manche Unternehmen finden schlicht keine Fachkr\u00e4fte aufgrund schlechter Arbeitsbedingungen und niedriger L\u00f6hne. Die Erh\u00f6hung der Ausbildungsquoten und der Tarifbindung sind daher wichtige Schl\u00fcssel zur Fachkr\u00e4ftesicherung. Auch bei der Frauenerwerbst\u00e4tigkeit ist noch viel Luft nach oben, die Unternehmen m\u00fcssen endlich mehr Arbeitszeitmodelle anbieten, die die Vereinbarkeit von Familie und Beruf erm\u00f6glichen.\u201c&nbsp;<\/p>\n\n\n\n<p>Johannes P\u00f6ttering, Hauptgesch\u00e4ftsf\u00fchrer unternehmer nrw: \u201eDas Industriepolitische Leitbild ist ein klares Bekenntnis zur St\u00e4rkung des Industrielands Nordrhein-Westfalen. Jetzt beginnt die wichtigste Phase: Das Leitbild muss in konkrete Ma\u00dfnahmen \u00fcberf\u00fchrt und z\u00fcgig mit verbindlichen Zielen und einem regelm\u00e4\u00dfigen Monitoring umgesetzt werden. Nur so sichern wir Arbeitspl\u00e4tze und Wohlstand im Land. Hierf\u00fcr brauchen wir gut ausgebildete Fachkr\u00e4fte \u2013 vor allem aus dem MINT-Bereich. Um alle Potenziale zu nutzen, muss der Staat die richtigen Rahmenbedingungen schaffen: Gute Bildung, zuverl\u00e4ssige Kinderbetreuung und eine unb\u00fcrokratische Zuwanderung von ausl\u00e4ndischen Fachkr\u00e4ften.\u201c<\/p>\n\n\n\n<p>Matthias Heidmeier, Staatssekret\u00e4r im MAGS: \u201eDie berufliche Bildung ist die tragende S\u00e4ule der Fachkr\u00e4ftesicherung f\u00fcr die Industrie der Zukunft. Wir d\u00fcrfen keinen Jugendlichen zur\u00fccklassen. Mit der Landesinitiative \u201aKein Abschluss ohne Anschluss (KAoA)\u2018 unterst\u00fctzen wir Jugendliche dabei, einen optimalen Start in die Ausbildung zu finden. Wichtig ist auch, dass die Ausbildungssuchenden und die Ausbildungsbetriebe gut zusammenpassen: Im Rahmen der Fachkr\u00e4fteoffensive investiert die Landesregierung daher j\u00e4hrlich \u00fcber 50 Millionen Euro in Coaching-Angebote, um das Matching zwischen beiden Seiten zu unterst\u00fctzen.\u201c<\/p>\n\n\n\n<p><strong>Ein klarer politischer Kompass f\u00fcr morgen\u00a0<\/strong><br>Schon heute zeigt sich, dass die Fachkr\u00e4ftesicherung kein isoliertes Handlungsfeld ist: Sie ist eng verkn\u00fcpft mit Themen wie Innovation, Digitalisierung und nachhaltiger Transformation. Deshalb bleibt die Devise: Zukunft gestalten wir gemeinsam \u2013 mit verl\u00e4sslichen Perspektiven f\u00fcr Besch\u00e4ftigte und Betriebe.<\/p>\n\n\n\n<p><strong>\u00dcber den Zukunftsdialog Industrie<\/strong>\u00a0<br>Der Zukunftsdialog Industrie wurde ins Leben gerufen, um die Herausforderungen und Chancen f\u00fcr die Industrie in Nordrhein-Westfalen zu identifizieren und gemeinsam Strategien zu entwickeln. Er vereint Expertinnen und Experten aus Wirtschaft, Kammern, Gewerkschaften und der Politik, die in einem vertrauensvollen Austausch an zukunftsweisenden Ma\u00dfnahmen f\u00fcr eine wettbewerbsf\u00e4hige und innovative Industrie in Nordrhein-Westfalen arbeiten.<\/p>\n\n\n\n<p>Quelle: <a href=\"https:\/\/www.land.nrw\/pressemitteilung\/gemeinsam-fuer-die-fachkraeftesicherung-fortsetzung-des-zukunftsdialogs-industrie\">Land NRW<\/a><\/p>\n","protected":false},"excerpt":{"rendered":"<p>NRW. Nordrhein-Westfalen macht sich fit f\u00fcr die Zukunft: Mit dem Abschluss des Industriepolitischen Leitbilds beginnt jetzt die Umsetzungsphase. Unter dem Titel Zukunftsdialog Industrie arbeiten Land, Wirtschaft, Kammern und Gewerkschaften Hand in Hand daran, die Industrie in Nordrhein-Westfalen krisenfest, nachhaltig und zukunftsorientiert aufzustellen. Insbesondere f\u00fcr die Auswirkungen des Sonderverm\u00f6gens Infrastruktur bereitet sich die Landesregierung gemeinsam mit [&hellip;]<\/p>\n","protected":false},"author":3,"featured_media":0,"comment_status":"closed","ping_status":"closed","sticky":false,"template":"","format":"standard","meta":{"_et_pb_use_builder":"","_et_pb_old_content":"","_et_gb_content_width":"","footnotes":""},"categories":[1],"tags":[],"class_list":["post-6298","post","type-post","status-publish","format-standard","hentry","category-allgemein"],"_links":{"self":[{"href":"https:\/\/standort-niederrhein.de\/en\/wp-json\/wp\/v2\/posts\/6298","targetHints":{"allow":["GET"]}}],"collection":[{"href":"https:\/\/standort-niederrhein.de\/en\/wp-json\/wp\/v2\/posts"}],"about":[{"href":"https:\/\/standort-niederrhein.de\/en\/wp-json\/wp\/v2\/types\/post"}],"author":[{"embeddable":true,"href":"https:\/\/standort-niederrhein.de\/en\/wp-json\/wp\/v2\/users\/3"}],"replies":[{"embeddable":true,"href":"https:\/\/standort-niederrhein.de\/en\/wp-json\/wp\/v2\/comments?post=6298"}],"version-history":[{"count":1,"href":"https:\/\/standort-niederrhein.de\/en\/wp-json\/wp\/v2\/posts\/6298\/revisions"}],"predecessor-version":[{"id":6299,"href":"https:\/\/standort-niederrhein.de\/en\/wp-json\/wp\/v2\/posts\/6298\/revisions\/6299"}],"wp:attachment":[{"href":"https:\/\/standort-niederrhein.de\/en\/wp-json\/wp\/v2\/media?parent=6298"}],"wp:term":[{"taxonomy":"category","embeddable":true,"href":"https:\/\/standort-niederrhein.de\/en\/wp-json\/wp\/v2\/categories?post=6298"},{"taxonomy":"post_tag","embeddable":true,"href":"https:\/\/standort-niederrhein.de\/en\/wp-json\/wp\/v2\/tags?post=6298"}],"curies":[{"name":"wp","href":"https:\/\/api.w.org\/{rel}","templated":true}]}}