{"id":6295,"date":"2025-07-17T06:00:00","date_gmt":"2025-07-17T04:00:00","guid":{"rendered":"https:\/\/invest-in-niederrhein.de\/?p=6295"},"modified":"2025-07-14T10:18:29","modified_gmt":"2025-07-14T08:18:29","slug":"industrie-als-zukunftsversprechen-industriefahrplan-2025-ff-markiert-aufbruch-in-krefeld","status":"publish","type":"post","link":"https:\/\/standort-niederrhein.de\/en\/2025\/07\/17\/industrie-als-zukunftsversprechen-industriefahrplan-2025-ff-markiert-aufbruch-in-krefeld\/","title":{"rendered":"Industrie als Zukunftsversprechen \u2013 \u201eIndustriefahrplan 2025 ff.\u201c markiert Aufbruch in Krefeld"},"content":{"rendered":"\n<p><strong>Krefeld. <\/strong>Mit der Vorstellung des ersten \u201eIndustriefahrplans 2025 ff.\u201c setzt Krefeld ein starkes Zeichen als industriefreundlicher Standort. Oberb\u00fcrgermeister Frank Meyer sprach von einem \u201eguten Anfang, einem starken Bekenntnis und einer tragf\u00e4higen Perspektive f\u00fcr die Industrie in Krefeld.\u201c Der Fahrplan ist das Ergebnis der \u201eIndustrieinitiative Krefeld\u201c, getragen von Akteuren wie \u201eZukunft durch Industrie\u201c, der Industrie- und Handelskammer Mittlerer Niederrhein, der Industrie-Vereinigung Krefeld-Uerdingen und Rheinhafen e.V., der Unternehmerschaft Niederrhein, dem Haus des Wissens und der Wirtschaft e.V. einschlie\u00dflich der Leading Ladies in Town sowie KREFELD BUSINESS.<\/p>\n\n\n\n<p>Die Pr\u00e4sentation des \u201eIndustriefahrplans\u201c fand im Behnisch Haus statt, konkret im Future Work Lab der Hochschule Niederrhein \u2013 einem Symbolort f\u00fcr Innovation, angewandte Wissenschaft und Fachkr\u00e4fteentwicklung. Moderiert wurde die Veranstaltung von Eckart Preen, Wirtschaftsdezernent der Stadt Krefeld und Leiter von KREFELD BUSINESS. \u201eIndustriefreundlichkeit ist kein abstrakter Begriff\u201c, so sein Einstieg: \u201eSie entscheidet konkret \u00fcber Investitionen, Arbeitspl\u00e4tze und Wohlstand in unserer Stadt.\u201c<\/p>\n\n\n\n<p>Die zentrale Botschaft des \u201eIndustriefahrplans 2025 ff.\u201c lautet: \u201eIndustrie braucht starke Partner in Politik und Verwaltung \u2013 und zwar jetzt. Denn Transformationsdynamik, demografischer Wandel und internationale Standortkonkurrenz erfordern verl\u00e4ssliche Rahmenbedingungen\u201c, erkl\u00e4rt Mario Bernards, Senior Manager B\u00fcrgerdialog f\u00fcr den Chempark Krefeld-Uerdingen bei der Currenta GmbH &amp; Co. OHG. In seiner Funktion als Sprecher von \u201eZukunft durch Industrie\u201c hatte er die Initiative zum \u201eIndustriefahrplan 2025 ff.\u201c ergriffen.<\/p>\n\n\n\n<p>Der Industriefahrplan basiert auf f\u00fcnf Leitprinzipien. Dazu z\u00e4hlen eine aktive Unterst\u00fctzung industriegepr\u00e4gter Neuansiedlungen, schnellere Genehmigungsverfahren, eine (Aus-) Bildungsoffensive zur F\u00f6rderung von Transformationskompetenz, eine bessere Vernetzung mit Politik und Verwaltung sowie eine gesellschaftliche Verankerung der Industrie in Krefeld. Die Initiative zielt ab auf eine Ert\u00fcchtigung wichtiger Verkehrsverbindungen wie insbesondere der Uerdinger Rheinbr\u00fccke, den Ausbau digitaler Infrastruktur, optimierte Genehmigungsprozesse, eine Ausweisung von Fl\u00e4chen f\u00fcr industrielle Nutzungen sowie eine st\u00e4rkere Kooperation mit Hochschulen, Kammern und der Agentur f\u00fcr Arbeit. Erfolgreiche Formate wie die \u201eDialogrunde Wirtschaft\u201c, in denen sich die Gewerbegebietsakteure kennenlernen und mit Politik und Verwaltung austauschen, werden ausgeweitet.<\/p>\n\n\n\n<p>IHK-Hauptgesch\u00e4ftsf\u00fchrer J\u00fcrgen Steinmetz brachte es auf den Punkt: \u201eEin industriefreundlicher Stadtrat und eine industriefreundliche Verwaltung machen im Wettbewerb der Kommunen den Unterschied. Genehmigungszeiten, Servicequalit\u00e4t und Verbindlichkeit sind \u201aspielentscheidend\u2018 \u2013 sowohl f\u00fcr Neu- als auch Bestandsunternehmen.\u201c<\/p>\n\n\n\n<p>Und Dr. Georg Geier, Gesch\u00e4ftsf\u00fchrer der Siempelkamp Giesserei GmbH, appellierte: \u201eB\u00fcrokratieabbau muss jetzt ganz oben stehen. Wir begr\u00fc\u00dfen daher die Anstrengungen der Stadt zur Erlangung des RAL-G\u00fctezeichens \u201aMittelstandsfreundliche Kommune\u2018 und freuen uns, wenn das ab jetzt zum neuen Ma\u00dfstab des Miteinanders in Krefeld wird.\u201c<\/p>\n\n\n\n<p>Dr. Thomas Gr\u00fcnewald, Pr\u00e4sident der Hochschule Niederrhein, und Kerstin Abraham, Vorst\u00e4ndin und Arbeitsdirektorin der SWK AG, brachten sich in ihrer Funktion als Mitglieder vom Haus des Wissens und der Wirtschaft e.V. ein. Beide machten sich f\u00fcr die Konzeption und Durchf\u00fchrung einer (Aus-)Bildungsinitiative stark. \u201eDie Transformationskompetenz junger Menschen ist der Schl\u00fcssel f\u00fcr unsere Zukunft. Der demografische Wandel bedroht unseren Wohlstand. Umso mehr brauchen wir den Mut zum Miteinander von akademischer und beruflicher Bildung. Praxisnah und anwendungsorientiert\u201c, so Dr. Gr\u00fcnewald.<\/p>\n\n\n\n<p>Kerstin Abraham unterstrich zudem die gesellschaftliche Dimension des Themas \u201eBildung und Qualifizierung\u201c: \u201eDie Industrie in Krefeld ben\u00f6tigt gut ausgebildete Fachkr\u00e4fte, eine h\u00f6here Frauenerwerbsquote und qualifizierte Zuwanderung. Bei gleichzeitig neun Prozent Schulabbrechern und rund elf Prozent Erwerbslosen in Krefeld liegen die Fakten auf dem Tisch, an denen gemeinsam gearbeitet werden muss. Und Bildung und Qualifizierung sind dar\u00fcber hinaus mehr als die Vorbereitung auf den Arbeitsmarkt und die Sicherung von Fachkr\u00e4ften. Sie sind die Grundlage f\u00fcr eine funktionierende Demokratie. In einer Zeit der Krisen, in der Fake News und Populismus drastisch zunehmen, ist es essenziell, kritisches Denken, Medienkompetenz, Zuversicht und Resilienz \u2013 aber auch Leistungsbereitschaft und Eigenverantwortung \u2013 zu f\u00f6rdern: Das sind die erforderlichen Future Skills.\u201c<\/p>\n\n\n\n<p>Dass Industrie auch gesellschaftlich verankert bleiben muss, betonte Currenta-Gesamtbetriebsratsvorsitzender Detlef Rennings, dem es wichtig war, den Anwesenden nachdr\u00fccklich zu vergegenw\u00e4rtigen, dass Industriearbeitspl\u00e4tze gut bezahlte, tariflich gebundene Arbeitspl\u00e4tze sind. Diese Jobs tragen somit erheblich zum Wohlstand der Gesellschaft und zu den Steuereinahmen bei. Dar\u00fcber hinaus bedarf es auf allen Ebenen in den Unternehmen Fachkr\u00e4fte, um wirtschaftlich erfolgreich zu sein und zu bleiben.<\/p>\n\n\n\n<p>Der neue Industriefahrplan ist kein Abschluss, sondern Startpunkt und Auftakt f\u00fcr die n\u00e4chste Stufe einer vertieften industriepolitischen Zusammenarbeit \u2013 l\u00f6sungsorientiert, zukunftsgerichtet und im Schulterschluss von Stadt, Wirtschaft und Gesellschaft. Der Tenor bleibt dabei klar: Krefeld bleibt Industriestadt und will dies aktiv und konsequent gestalten.<\/p>\n\n\n\n<p>Quelle: <a href=\"http:\/\/www.krefeld-business.de\">KREFELD BUSINESS<\/a><\/p>\n\n\n<figure class=\"wp-block-post-featured-image\"><img loading=\"lazy\" decoding=\"async\" width=\"2560\" height=\"1813\" src=\"https:\/\/standort-niederrhein.de\/wp-content\/uploads\/2025\/07\/PRSENT1-scaled.jpg\" class=\"attachment-post-thumbnail size-post-thumbnail wp-post-image\" alt=\"\" style=\"object-fit:cover;\" srcset=\"https:\/\/standort-niederrhein.de\/wp-content\/uploads\/2025\/07\/PRSENT1-scaled.jpg 2560w, https:\/\/standort-niederrhein.de\/wp-content\/uploads\/2025\/07\/PRSENT1-1280x907.jpg 1280w, https:\/\/standort-niederrhein.de\/wp-content\/uploads\/2025\/07\/PRSENT1-980x694.jpg 980w, https:\/\/standort-niederrhein.de\/wp-content\/uploads\/2025\/07\/PRSENT1-480x340.jpg 480w\" sizes=\"(min-width: 0px) and (max-width: 480px) 480px, (min-width: 481px) and (max-width: 980px) 980px, (min-width: 981px) and (max-width: 1280px) 1280px, (min-width: 1281px) 2560px, 100vw\" \/><\/figure>\n\n\n<p>Krefelder Wirtschaft, Politik und Verwaltung im Schulterschluss bei der Pr\u00e4sentation des \u201eIndustriefahrplans 2025ff\u201c. | Foto: IHK Mittlerer Niederrhein<\/p>\n","protected":false},"excerpt":{"rendered":"<p>Krefeld. Mit der Vorstellung des ersten \u201eIndustriefahrplans 2025 ff.\u201c setzt Krefeld ein starkes Zeichen als industriefreundlicher Standort. Oberb\u00fcrgermeister Frank Meyer sprach von einem \u201eguten Anfang, einem starken Bekenntnis und einer tragf\u00e4higen Perspektive f\u00fcr die Industrie in Krefeld.\u201c Der Fahrplan ist das Ergebnis der \u201eIndustrieinitiative Krefeld\u201c, getragen von Akteuren wie \u201eZukunft durch Industrie\u201c, der Industrie- und [&hellip;]<\/p>\n","protected":false},"author":3,"featured_media":6296,"comment_status":"closed","ping_status":"closed","sticky":false,"template":"","format":"standard","meta":{"_et_pb_use_builder":"","_et_pb_old_content":"","_et_gb_content_width":"","footnotes":""},"categories":[1],"tags":[],"class_list":["post-6295","post","type-post","status-publish","format-standard","has-post-thumbnail","hentry","category-allgemein"],"_links":{"self":[{"href":"https:\/\/standort-niederrhein.de\/en\/wp-json\/wp\/v2\/posts\/6295","targetHints":{"allow":["GET"]}}],"collection":[{"href":"https:\/\/standort-niederrhein.de\/en\/wp-json\/wp\/v2\/posts"}],"about":[{"href":"https:\/\/standort-niederrhein.de\/en\/wp-json\/wp\/v2\/types\/post"}],"author":[{"embeddable":true,"href":"https:\/\/standort-niederrhein.de\/en\/wp-json\/wp\/v2\/users\/3"}],"replies":[{"embeddable":true,"href":"https:\/\/standort-niederrhein.de\/en\/wp-json\/wp\/v2\/comments?post=6295"}],"version-history":[{"count":1,"href":"https:\/\/standort-niederrhein.de\/en\/wp-json\/wp\/v2\/posts\/6295\/revisions"}],"predecessor-version":[{"id":6297,"href":"https:\/\/standort-niederrhein.de\/en\/wp-json\/wp\/v2\/posts\/6295\/revisions\/6297"}],"wp:featuredmedia":[{"embeddable":true,"href":"https:\/\/standort-niederrhein.de\/en\/wp-json\/wp\/v2\/media\/6296"}],"wp:attachment":[{"href":"https:\/\/standort-niederrhein.de\/en\/wp-json\/wp\/v2\/media?parent=6295"}],"wp:term":[{"taxonomy":"category","embeddable":true,"href":"https:\/\/standort-niederrhein.de\/en\/wp-json\/wp\/v2\/categories?post=6295"},{"taxonomy":"post_tag","embeddable":true,"href":"https:\/\/standort-niederrhein.de\/en\/wp-json\/wp\/v2\/tags?post=6295"}],"curies":[{"name":"wp","href":"https:\/\/api.w.org\/{rel}","templated":true}]}}