{"id":6292,"date":"2025-07-19T06:00:00","date_gmt":"2025-07-19T04:00:00","guid":{"rendered":"https:\/\/invest-in-niederrhein.de\/?p=6292"},"modified":"2025-07-14T10:14:08","modified_gmt":"2025-07-14T08:14:08","slug":"neues-e-ladeangebot-in-der-staedtischen-tiefgarage-rheydt","status":"publish","type":"post","link":"https:\/\/standort-niederrhein.de\/en\/2025\/07\/19\/neues-e-ladeangebot-in-der-staedtischen-tiefgarage-rheydt\/","title":{"rendered":"Neues E-Ladeangebot in der st\u00e4dtischen Tiefgarage Rheydt"},"content":{"rendered":"\n<p><strong>M\u00f6nchengladbach. <\/strong>Ab sofort stehen in der st\u00e4dtischen Tiefgarage unter dem Rheydter Marktplatz moderne Ladem\u00f6glichkeiten f\u00fcr Elektrofahrzeuge zur Verf\u00fcgung. Auf Ebene 1 \u2013 direkt am Fu\u00dfg\u00e4ngerein- und -ausgang zur Hauptstra\u00dfe \u2013 wurden insgesamt sechs Ladepunkte installiert, davon vier AC-Ladepunkte (Wechselstrom 22kW) sowie zwei DC-Schnellladepunkte (Gleichstrom 50kW).<\/p>\n\n\n\n<p>Mit der Inbetriebnahme der beiden DC-Ladepunkte setzen der D\u00fcsseldorfer Betreiber Evry und die ParkenMG gemeinschaftlich ein deutliches Zeichen: Es handelt sich um eine der ersten Schnellladestationen in einem \u00f6ffentlichen Parkhaus oder einer Tiefgarage in M\u00f6nchengladbach. Damit ist die st\u00e4dtische Tiefgarage bundesweit dem Standard voraus. So wird Elektromobilit\u00e4t auch im urbanen Raum noch attraktiver und alltagstauglicher.<\/p>\n\n\n\n<p>\u201eWir haben hier in Rheydt ein attraktives Angebot f\u00fcr unsere vielf\u00e4ltige Kundengruppe geschaffen. Dazu geh\u00f6ren Menschen, die in Rheydt einkaufen oder ins Caf\u00e9 gehen, Kirchenbesucher, Markt- und Veranstaltungsfreunde genauso wie n\u00e4chtlich parkende Anwohner, unterw\u00f6chig Berufst\u00e4tige oder Kurzzeitparker f\u00fcr einen Besuch im Rathaus, in der Stadtbibliothek, bei Banken und \u00c4rzten\u201c, erkl\u00e4rt Lars Randerath, Gesch\u00e4ftsf\u00fchrer der ParkenMG GmbH.<\/p>\n\n\n\n<p>\u201eWir bei Evry bauen Ladeinfrastruktur nicht blind \u201emit der Gie\u00dfkanne\u201c aus, sondern suchen gezielt nach attraktiven Lagen in den Ballungszentren NRWs. Wir glauben, hier in M\u00f6nchengladbach Rheydt exakt so eine Lage gefunden zu haben, die wir mit unserer Ladetechnik und den zugeh\u00f6rigen Features weiter aufwerten m\u00f6chten\u201c, kommentiert Friedemann Salisch, Gesch\u00e4ftsf\u00fchrer bei Evry, das Projekt.<\/p>\n\n\n\n<p>Im Zuge einer kontinuierlichen Service- und Qualit\u00e4tsoptimierung wertet die ParkenMG unter anderem regelm\u00e4\u00dfig die durchschnittliche Parkdauer in der Garage aus. \u201eDabei hat sich gezeigt, dass eine relevante Kundenzahl f\u00fcr weniger als eine Stunde parkt. Genau hier kommen die beiden Schnellladepunkte ins Spiel, damit auch f\u00fcr diese Nutzer ein Laden beim Parken attraktiv wird. Wir sind unserem Ladepartner Evry sehr dankbar, dass er Weitblick bewiesen und diese weitaus h\u00f6here Investition get\u00e4tigt hat\u201c, so Randerath.<\/p>\n\n\n\n<p><strong>Ein Beitrag zur Verkehrswende und Innenstadtentwicklung<\/strong><br>Mit dem Ausbau der Ladeinfrastruktur tr\u00e4gt die Stadt M\u00f6nchengladbach aktiv zur Verkehrswende bei. Ziel ist es, klimafreundliche Mobilit\u00e4tsangebote zu f\u00f6rdern und gleichzeitig Barrieren f\u00fcr den Umstieg auf Elektrofahrzeuge<br>abzubauen. Parken und Laden lassen sich hier nun bequem miteinander verbinden \u2013 ohne Umwege, ohne zus\u00e4tzliche Wegezeit.<\/p>\n\n\n\n<p>\u201eDas ist absolut im Sinne einer zukunftsf\u00e4higen Innenstadt\u201c, freut sich Peter Homann, Vorsitzender des Rheydter City-Managements. \u201eDamit wird unser Stadtzentrum nicht nur moderner, sondern auch attraktiver f\u00fcr Besucherinnen und Besucher, die emissionsfrei unterwegs sind.\u201c<\/p>\n\n\n\n<p><strong>Transparente Preispolitik und einfache Nutzung<\/strong><br>Die neuen Ladepunkte sind \u00fcber alle g\u00e4ngigen Autorisierungs- und Bezahlwege nutzbar und Evry als Betreiber legt Wert auf eine transparente und nutzerfreundliche Tarifstruktur. Die Bezahlung ist \u00fcber die betreibereigene App, g\u00e4ngige Ladekarten von Drittanbietern sowie EC- bzw. Kreditkarte direkt an den Ger\u00e4ten m\u00f6glich. Die Nutzerinnen und Nutzer profitieren von einer einfachen Bedienung und verl\u00e4sslichen Tarifen ohne versteckte Kosten. Die Preise pro Kilowattstunde beginnen bereits ab 40 Cent, und es darf so lange geladen werden, bis das Fahrzeug den gew\u00fcnschten Ladestand erreicht hat \u2013 Blockiergeb\u00fchren fallen erst nach vollst\u00e4ndigem Ladevorgang, nicht jedoch nach einer fixen Nutzungszeit an. Die Tiefgarage und das neue E-Ladeangebot sind 365 Tage im Jahr, rund um die Uhr nutzbar.<\/p>\n\n\n\n<p><strong>\u00dcber die ParkenMG GmbH<\/strong><br>Seit dem 01.01.2018 gibt es die ParkenMG GmbH. Die Aufgabe der 100prozentigen Tochter der st\u00e4dtischen Entwicklungsgesellschaft EWMG ist die Entwicklung und der Betrieb kommunaler Parkfl\u00e4chen in M\u00f6nchengladbach. Als innovativer Dienstleister konzipiert die ParkenMG digital vernetzte Mobilit\u00e4ts- und Parkprodukte, auch f\u00fcr den Fahrr\u00e4der, optimiert Serviceprozesse und \u00fcbernimmt zudem Leistungen f\u00fcr die Stadt beim Thema Parkentgelte.<\/p>\n\n\n\n<p>Quelle: <a href=\"http:\/\/www.parkenmg.de\">ParkenMG GmbH<\/a><\/p>\n\n\n<figure class=\"wp-block-post-featured-image\"><img loading=\"lazy\" decoding=\"async\" width=\"2560\" height=\"1967\" src=\"https:\/\/standort-niederrhein.de\/wp-content\/uploads\/2025\/07\/Schnellladepunkte-Tiefgarage-Rheydt@ParkenMG-scaled.jpg\" class=\"attachment-post-thumbnail size-post-thumbnail wp-post-image\" alt=\"\" style=\"object-fit:cover;\" srcset=\"https:\/\/standort-niederrhein.de\/wp-content\/uploads\/2025\/07\/Schnellladepunkte-Tiefgarage-Rheydt@ParkenMG-scaled.jpg 2560w, https:\/\/standort-niederrhein.de\/wp-content\/uploads\/2025\/07\/Schnellladepunkte-Tiefgarage-Rheydt@ParkenMG-1280x984.jpg 1280w, https:\/\/standort-niederrhein.de\/wp-content\/uploads\/2025\/07\/Schnellladepunkte-Tiefgarage-Rheydt@ParkenMG-980x753.jpg 980w, https:\/\/standort-niederrhein.de\/wp-content\/uploads\/2025\/07\/Schnellladepunkte-Tiefgarage-Rheydt@ParkenMG-480x369.jpg 480w\" sizes=\"(min-width: 0px) and (max-width: 480px) 480px, (min-width: 481px) and (max-width: 980px) 980px, (min-width: 981px) and (max-width: 1280px) 1280px, (min-width: 1281px) 2560px, 100vw\" \/><\/figure>\n\n\n<p>\u201eDer Vorsitzende vom Rheydter Citymanagement stellt das neue E-Ladeangebot als Erster auf die Probe (v.l. Friedemann Salisch, Gesch\u00e4ftsf\u00fchrer der Evry Operations GmbH, Peter Homann, 1. Vorsitzender City-Management Rheydt, Lars Randerath, Gesch\u00e4ftsf\u00fchrer ParkenMG). | Foto: ParkenMG<\/p>\n","protected":false},"excerpt":{"rendered":"<p>M\u00f6nchengladbach. Ab sofort stehen in der st\u00e4dtischen Tiefgarage unter dem Rheydter Marktplatz moderne Ladem\u00f6glichkeiten f\u00fcr Elektrofahrzeuge zur Verf\u00fcgung. Auf Ebene 1 \u2013 direkt am Fu\u00dfg\u00e4ngerein- und -ausgang zur Hauptstra\u00dfe \u2013 wurden insgesamt sechs Ladepunkte installiert, davon vier AC-Ladepunkte (Wechselstrom 22kW) sowie zwei DC-Schnellladepunkte (Gleichstrom 50kW). Mit der Inbetriebnahme der beiden DC-Ladepunkte setzen der D\u00fcsseldorfer Betreiber [&hellip;]<\/p>\n","protected":false},"author":3,"featured_media":6293,"comment_status":"closed","ping_status":"closed","sticky":false,"template":"","format":"standard","meta":{"_et_pb_use_builder":"","_et_pb_old_content":"","_et_gb_content_width":"","footnotes":""},"categories":[1],"tags":[],"class_list":["post-6292","post","type-post","status-publish","format-standard","has-post-thumbnail","hentry","category-allgemein"],"_links":{"self":[{"href":"https:\/\/standort-niederrhein.de\/en\/wp-json\/wp\/v2\/posts\/6292","targetHints":{"allow":["GET"]}}],"collection":[{"href":"https:\/\/standort-niederrhein.de\/en\/wp-json\/wp\/v2\/posts"}],"about":[{"href":"https:\/\/standort-niederrhein.de\/en\/wp-json\/wp\/v2\/types\/post"}],"author":[{"embeddable":true,"href":"https:\/\/standort-niederrhein.de\/en\/wp-json\/wp\/v2\/users\/3"}],"replies":[{"embeddable":true,"href":"https:\/\/standort-niederrhein.de\/en\/wp-json\/wp\/v2\/comments?post=6292"}],"version-history":[{"count":1,"href":"https:\/\/standort-niederrhein.de\/en\/wp-json\/wp\/v2\/posts\/6292\/revisions"}],"predecessor-version":[{"id":6294,"href":"https:\/\/standort-niederrhein.de\/en\/wp-json\/wp\/v2\/posts\/6292\/revisions\/6294"}],"wp:featuredmedia":[{"embeddable":true,"href":"https:\/\/standort-niederrhein.de\/en\/wp-json\/wp\/v2\/media\/6293"}],"wp:attachment":[{"href":"https:\/\/standort-niederrhein.de\/en\/wp-json\/wp\/v2\/media?parent=6292"}],"wp:term":[{"taxonomy":"category","embeddable":true,"href":"https:\/\/standort-niederrhein.de\/en\/wp-json\/wp\/v2\/categories?post=6292"},{"taxonomy":"post_tag","embeddable":true,"href":"https:\/\/standort-niederrhein.de\/en\/wp-json\/wp\/v2\/tags?post=6292"}],"curies":[{"name":"wp","href":"https:\/\/api.w.org\/{rel}","templated":true}]}}