{"id":6284,"date":"2025-07-16T06:00:00","date_gmt":"2025-07-16T04:00:00","guid":{"rendered":"https:\/\/invest-in-niederrhein.de\/?p=6284"},"modified":"2025-07-10T15:04:28","modified_gmt":"2025-07-10T13:04:28","slug":"bezahlbares-wohnen-an-alter-grundschule-im-westend","status":"publish","type":"post","link":"https:\/\/standort-niederrhein.de\/en\/2025\/07\/16\/bezahlbares-wohnen-an-alter-grundschule-im-westend\/","title":{"rendered":"Bezahlbares Wohnen an alter Grundschule im Westend"},"content":{"rendered":"\n<p><strong>M\u00f6nchengladbach.<\/strong> Die WohnBau M\u00f6nchengladbach startet im Westend das n\u00e4chste Projekt f\u00fcr mehr bezahlbaren Wohnraum in M\u00f6nchengladbach. Mit einem symbolischen ersten Spatenstich wurde am Mittwoch ein Um- und Neubauprojekt an der Knopsstra\u00dfe offiziell eingeleitet. Das Projekt ist Teil der st\u00e4dtischen Wohnungsbauoffensive und wird zuk\u00fcnftig 21 Mietparteien modernes, nachhaltiges und bezahlbares Wohnen mitten in der Stadt erm\u00f6glichen.<\/p>\n\n\n\n<p>Realisiert wird das Bauvorhaben mit ausschlie\u00dflich \u00f6ffentlich gef\u00f6rdertem Wohnen auf dem Gel\u00e4nde der ehemaligen evangelischen Grundschule Knopsstra\u00dfe. Der Backsteinbau aus der Mitte des 19. Jahrhunderts ist architektonisch pr\u00e4gend f\u00fcr den Stadtteil Westend. Sein Erhalt und Umbau bildet einen wesentlichen Bestandteil der Ma\u00dfnahme. Insgesamt 12 der 21 Wohnungen werden in dem ehemaligen Schulgeb\u00e4ude realisiert. Die Zwei-Zimmer-Wohnungen im Bestand erhalten Freisitze als Balkone und barrierefreie Duschb\u00e4der. Durch die gro\u00dfz\u00fcgigen Fensteranlagen der ehemaligen Klassenr\u00e4ume bieten sie Platz f\u00fcr hellen und freundlichen Wohnraum.<\/p>\n\n\n\n<p>Die zehn \u00fcbrigen Wohneinheiten werden in einem Neubau auf dem ehemaligen Schulhof untergebracht, dessen Errichtung nun mit dem Spatenstich feierlich eingel\u00e4utet wurde. Auf dem Baufeld entsteht in den kommenden Monaten ein 3,5-geschossiges Geb\u00e4ude mit barrierefreien Ein- bis Drei-Zimmerwohnungen. F\u00fcr eine zukunftsf\u00e4hige Energieversorgung sorgt moderne W\u00e4rmepumpentechnik. Das Projektvolumen liegt bei rund 5,22 Millionen Euro.<\/p>\n\n\n\n<p>Oberb\u00fcrgermeister Felix Heinrichs freut sich \u00fcber den Beginn der Bauma\u00dfnahme: &#8220;M\u00f6nchengladbach braucht bezahlbaren Wohnraum \u2013 und dazu will auch die Stadt selbst beitragen. Deshalb ist es gut zu sehen, dass ein weiteres Projekt unserer st\u00e4dtischen Wohnungsbauoffensive auf die Baustelle geht. Gleichzeitig wird hier ein identit\u00e4tsstiftendes Bauwerk f\u00fcr das Westend mit viel Fingerspitzengef\u00fchl in das Projekt eingebunden und durch seine Umnutzung wiederbelebt. Der Projektstart hier an der Knopsstra\u00dfe ist deshalb gleich in doppelter Hinsicht eine gute Nachricht &#8211; f\u00fcr das Quartier und f\u00fcr unsere Stadt.&#8221;<\/p>\n\n\n\n<p>&#8220;Die WohnBau M\u00f6nchengladbach steht f\u00fcr bezahlbaren Wohnraum, st\u00e4dtebauliche Verantwortung und lebenswerte Quartiere,&#8221; sagt der Aufsichtsratsvorsitzende der GWSG mbH, Reinhold Schiffers.<\/p>\n\n\n\n<p><strong>\u00dcber die Wohnungsbauoffensive der Stadt<\/strong><br>Um den stagnierenden Entwicklungen auf dem Wohnungsbaumarkt etwas entgegenzusetzen, hat die Stadt M\u00f6nchengladbach 2023 eine Wohnungsbauoffensive gestartet. Im Zentrum stehen vier Neubauprojekte der WohnBau M\u00f6nchengladbach, die trotz der schwierigen Marktbedingungen umgesetzt und \u2013 entgegen vieler privater Bauvorhaben \u2013 zu bezahlbaren Mietpreisen an den Markt gehen sollen. M\u00f6glich wird das durch eine ganze Reihe an Ma\u00dfnahmen. So verzichtete die Stadt 2023 darauf, sich den \u00dcberschuss aus dem laufenden Gesch\u00e4ft der WohnBau auszahlen zu lassen. Die dadurch erh\u00f6hte Liquidit\u00e4t, die gezielte Identifizierung geeigneter Grundst\u00fccke, aber auch Mittel aus der Wohnraumf\u00f6rderung bilden wichtige Grundlagen der Wohnungsbauoffensive. Diese umfasst neben dem Projekt an der Knopsstra\u00dfe auch ein weit fortgeschrittenes Projekt am Langer Weg sowie Vorhaben auf der Friesen- und Luisenstra\u00dfe.<\/p>\n\n\n\n<p>Quelle: <a href=\"http:\/\/www.moenchengladbach.de\">Stadt M\u00f6nchengladbach<\/a><\/p>\n\n\n<figure class=\"wp-block-post-featured-image\"><img loading=\"lazy\" decoding=\"async\" width=\"2560\" height=\"1769\" src=\"https:\/\/standort-niederrhein.de\/wp-content\/uploads\/2025\/07\/302454P-scaled.jpg\" class=\"attachment-post-thumbnail size-post-thumbnail wp-post-image\" alt=\"\" style=\"object-fit:cover;\" srcset=\"https:\/\/standort-niederrhein.de\/wp-content\/uploads\/2025\/07\/302454P-scaled.jpg 2560w, https:\/\/standort-niederrhein.de\/wp-content\/uploads\/2025\/07\/302454P-1280x885.jpg 1280w, https:\/\/standort-niederrhein.de\/wp-content\/uploads\/2025\/07\/302454P-980x677.jpg 980w, https:\/\/standort-niederrhein.de\/wp-content\/uploads\/2025\/07\/302454P-480x332.jpg 480w\" sizes=\"(min-width: 0px) and (max-width: 480px) 480px, (min-width: 481px) and (max-width: 980px) 980px, (min-width: 981px) and (max-width: 1280px) 1280px, (min-width: 1281px) 2560px, 100vw\" \/><\/figure>\n\n\n<p>Packten beim symbolischen Spatenstich mit an (v.l.): Christian Heinen, Vorstandsvorsitzender\/GF WohnBau MG, Oberb\u00fcrgermeister Felix Heinrichs, Frank Meier, Vorstand\/ GF WohnBau MG, Technische Beigeordnete Claudia Schwan-Schmitz, Susanne Borg und Dirk Spieker, stv. Leiterin und Leiter Immobilien An- und Verkauf EWMG, Joachim Feies, Feies Gruppe (TGA-Planung), Dr. Alice Herl\u00e9, Abteilungsleiterin Wohnraumf\u00f6rderung und Wohnungsmarktentwicklung Stadt MG, Dietmar Ledwig, Ledwig\/Spinnen Architekten | Foto: Stadt M\u00f6nchengladbach<\/p>\n","protected":false},"excerpt":{"rendered":"<p>M\u00f6nchengladbach. Die WohnBau M\u00f6nchengladbach startet im Westend das n\u00e4chste Projekt f\u00fcr mehr bezahlbaren Wohnraum in M\u00f6nchengladbach. Mit einem symbolischen ersten Spatenstich wurde am Mittwoch ein Um- und Neubauprojekt an der Knopsstra\u00dfe offiziell eingeleitet. Das Projekt ist Teil der st\u00e4dtischen Wohnungsbauoffensive und wird zuk\u00fcnftig 21 Mietparteien modernes, nachhaltiges und bezahlbares Wohnen mitten in der Stadt erm\u00f6glichen. [&hellip;]<\/p>\n","protected":false},"author":3,"featured_media":6285,"comment_status":"closed","ping_status":"closed","sticky":false,"template":"","format":"standard","meta":{"_et_pb_use_builder":"","_et_pb_old_content":"","_et_gb_content_width":"","footnotes":""},"categories":[1],"tags":[],"class_list":["post-6284","post","type-post","status-publish","format-standard","has-post-thumbnail","hentry","category-allgemein"],"_links":{"self":[{"href":"https:\/\/standort-niederrhein.de\/en\/wp-json\/wp\/v2\/posts\/6284","targetHints":{"allow":["GET"]}}],"collection":[{"href":"https:\/\/standort-niederrhein.de\/en\/wp-json\/wp\/v2\/posts"}],"about":[{"href":"https:\/\/standort-niederrhein.de\/en\/wp-json\/wp\/v2\/types\/post"}],"author":[{"embeddable":true,"href":"https:\/\/standort-niederrhein.de\/en\/wp-json\/wp\/v2\/users\/3"}],"replies":[{"embeddable":true,"href":"https:\/\/standort-niederrhein.de\/en\/wp-json\/wp\/v2\/comments?post=6284"}],"version-history":[{"count":1,"href":"https:\/\/standort-niederrhein.de\/en\/wp-json\/wp\/v2\/posts\/6284\/revisions"}],"predecessor-version":[{"id":6286,"href":"https:\/\/standort-niederrhein.de\/en\/wp-json\/wp\/v2\/posts\/6284\/revisions\/6286"}],"wp:featuredmedia":[{"embeddable":true,"href":"https:\/\/standort-niederrhein.de\/en\/wp-json\/wp\/v2\/media\/6285"}],"wp:attachment":[{"href":"https:\/\/standort-niederrhein.de\/en\/wp-json\/wp\/v2\/media?parent=6284"}],"wp:term":[{"taxonomy":"category","embeddable":true,"href":"https:\/\/standort-niederrhein.de\/en\/wp-json\/wp\/v2\/categories?post=6284"},{"taxonomy":"post_tag","embeddable":true,"href":"https:\/\/standort-niederrhein.de\/en\/wp-json\/wp\/v2\/tags?post=6284"}],"curies":[{"name":"wp","href":"https:\/\/api.w.org\/{rel}","templated":true}]}}