{"id":6277,"date":"2025-07-12T06:00:00","date_gmt":"2025-07-12T04:00:00","guid":{"rendered":"https:\/\/invest-in-niederrhein.de\/?p=6277"},"modified":"2025-07-10T09:53:14","modified_gmt":"2025-07-10T07:53:14","slug":"praesidium-setzt-auf-kontinuitaet-und-verlaesslichkeit","status":"publish","type":"post","link":"https:\/\/standort-niederrhein.de\/en\/2025\/07\/12\/praesidium-setzt-auf-kontinuitaet-und-verlaesslichkeit\/","title":{"rendered":"Pr\u00e4sidium setzt auf Kontinuit\u00e4t und Verl\u00e4sslichkeit"},"content":{"rendered":"\n<p><strong>Mittlerer Niederrhein. <\/strong>Die Industrie- und Handelskammer (IHK) Mittlerer Niederrhein setzt auf Kontinuit\u00e4t und Verl\u00e4sslichkeit: Entsprechend hat das Pr\u00e4sidium den Vertrag mit Hauptgesch\u00e4ftsf\u00fchrer J\u00fcrgen Steinmetz verl\u00e4ngert. \u201eDie Entscheidung ist uns leicht gefallen, da uns die Arbeit von J\u00fcrgen Steinmetz in den vergangenen Jahren \u00fcberzeugt hat und er gro\u00dfes Vertrauen genie\u00dft\u201c, erkl\u00e4rt IHK-Pr\u00e4sident Elmar te Neues.<\/p>\n\n\n\n<p>\u201eUnsere IHK hat sich ge\u00f6ffnet und zu einer Mitmach-Organisation entwickelt, die erfolgreich arbeitet. So wurde die IHK-Struktur durch neue Zuschnitte der Gesch\u00e4ftsbereiche und Einsparung von zwei Gesch\u00e4ftsf\u00fchrerstellen gestrafft. Neue Veranstaltungsformate sorgen f\u00fcr ein breiteres Angebot und mehr Netzwerk-M\u00f6glichkeiten\u201c, sagt te Neues. \u201eIn der Zeit der Pandemie hat sich gezeigt, wie schnell sich die IHK auf einen Krisenmodus einstellen kann. Intern wurden in k\u00fcrzester Zeit alle organisatorischen und technischen Voraussetzungen geschaffen, um die Unternehmen in dieser schwierigen Zeit unter anderem auch dank einer Hotline bestm\u00f6glich zu unterst\u00fctzen.\u201c Zudem wurde die IHK an der Bismarckstra\u00dfe in M\u00f6nchengladbach in den vergangenen Jahren zu einem modernen Aus- und Weiterbildungszentrum umgebaut.<\/p>\n\n\n\n<p>Steinmetz freut sich auf die kommenden Jahre: \u201eWir begreifen die anstehenden Herausforderungen als Chancen, um uns und die Region zukunftsfest weiterzuentwickeln.\u201c Dabei m\u00fcsse sich die IHK vor allem auch in wirtschaftlich schwierigen Zeiten immer wieder als verl\u00e4ssliche Partnerin der Wirtschaft in der Region erweisen und den Unternehmen mit einem entsprechenden Service- und Beratungsangebot unterst\u00fctzend zur Seite stehen. \u201eGemeinsam mit Partnern m\u00f6chten wir den Strukturwandel gestalten und die Chancen f\u00fcr unsere Region und Unternehmen nutzen.\u201c<\/p>\n\n\n\n<p>Dar\u00fcber hinaus stehe im kommenden Jahr die Wahl der Vollversammlung an. \u201eDas ist ein wichtiges Ereignis\u201c, betont der Hauptgesch\u00e4ftsf\u00fchrer. Schlie\u00dflich w\u00e4hlten die Mitgliedsunternehmen damit das Parlament der Wirtschaft am Niederrhein, dessen Vertreterinnen und Vertreter die wirtschaftspolitischen Grundsatzpositionen festlegen und \u00fcber Wirtschaftssatzung und Wirtschaftsplan der IHK entscheiden. Au\u00dferdem w\u00fcrden die Frage nach dem k\u00fcnftigen Standort der IHK in Neuss und die damit verbundenen Planungen die kommenden Monate und Jahre bestimmen. \u201eEs gibt also eine Menge zu tun. Dabei k\u00f6nnen unsere Mitgliedsunternehmen weiterhin auf die IHK als verl\u00e4ssliche Partnerin setzen.\u201c<\/p>\n\n\n\n<p>Quelle: <a href=\"https:\/\/mittlerer-niederrhein.ihk.de\/de\/oeffentlichkeitsarbeit\/pressemitteilungen\/2025\/praesidium-setzt-auf-kontinuitaet-und-verlaesslichkeit.html\">IHK Mittlerer Niederrhein<\/a><\/p>\n\n\n<figure class=\"wp-block-post-featured-image\"><img loading=\"lazy\" decoding=\"async\" width=\"987\" height=\"392\" src=\"https:\/\/standort-niederrhein.de\/wp-content\/uploads\/2025\/07\/hgf-praesident-artikel2.jpg\" class=\"attachment-post-thumbnail size-post-thumbnail wp-post-image\" alt=\"\" style=\"object-fit:cover;\" srcset=\"https:\/\/standort-niederrhein.de\/wp-content\/uploads\/2025\/07\/hgf-praesident-artikel2.jpg 987w, https:\/\/standort-niederrhein.de\/wp-content\/uploads\/2025\/07\/hgf-praesident-artikel2-980x389.jpg 980w, https:\/\/standort-niederrhein.de\/wp-content\/uploads\/2025\/07\/hgf-praesident-artikel2-480x191.jpg 480w\" sizes=\"(min-width: 0px) and (max-width: 480px) 480px, (min-width: 481px) and (max-width: 980px) 980px, (min-width: 981px) 987px, 100vw\" \/><\/figure>\n\n\n<p>IHK-Pr\u00e4sident Elmar te Neues (r.) und IHK-Hauptgesch\u00e4ftsf\u00fchrer J\u00fcrgen Steinmetz freuen sich auf die weitere Zusammenarbeit. | Foto: IHK Mittlerer Niederrhein<\/p>\n","protected":false},"excerpt":{"rendered":"<p>Mittlerer Niederrhein. Die Industrie- und Handelskammer (IHK) Mittlerer Niederrhein setzt auf Kontinuit\u00e4t und Verl\u00e4sslichkeit: Entsprechend hat das Pr\u00e4sidium den Vertrag mit Hauptgesch\u00e4ftsf\u00fchrer J\u00fcrgen Steinmetz verl\u00e4ngert. \u201eDie Entscheidung ist uns leicht gefallen, da uns die Arbeit von J\u00fcrgen Steinmetz in den vergangenen Jahren \u00fcberzeugt hat und er gro\u00dfes Vertrauen genie\u00dft\u201c, erkl\u00e4rt IHK-Pr\u00e4sident Elmar te Neues. \u201eUnsere [&hellip;]<\/p>\n","protected":false},"author":3,"featured_media":6278,"comment_status":"closed","ping_status":"closed","sticky":false,"template":"","format":"standard","meta":{"_et_pb_use_builder":"","_et_pb_old_content":"","_et_gb_content_width":"","footnotes":""},"categories":[1],"tags":[],"class_list":["post-6277","post","type-post","status-publish","format-standard","has-post-thumbnail","hentry","category-allgemein"],"_links":{"self":[{"href":"https:\/\/standort-niederrhein.de\/en\/wp-json\/wp\/v2\/posts\/6277","targetHints":{"allow":["GET"]}}],"collection":[{"href":"https:\/\/standort-niederrhein.de\/en\/wp-json\/wp\/v2\/posts"}],"about":[{"href":"https:\/\/standort-niederrhein.de\/en\/wp-json\/wp\/v2\/types\/post"}],"author":[{"embeddable":true,"href":"https:\/\/standort-niederrhein.de\/en\/wp-json\/wp\/v2\/users\/3"}],"replies":[{"embeddable":true,"href":"https:\/\/standort-niederrhein.de\/en\/wp-json\/wp\/v2\/comments?post=6277"}],"version-history":[{"count":1,"href":"https:\/\/standort-niederrhein.de\/en\/wp-json\/wp\/v2\/posts\/6277\/revisions"}],"predecessor-version":[{"id":6279,"href":"https:\/\/standort-niederrhein.de\/en\/wp-json\/wp\/v2\/posts\/6277\/revisions\/6279"}],"wp:featuredmedia":[{"embeddable":true,"href":"https:\/\/standort-niederrhein.de\/en\/wp-json\/wp\/v2\/media\/6278"}],"wp:attachment":[{"href":"https:\/\/standort-niederrhein.de\/en\/wp-json\/wp\/v2\/media?parent=6277"}],"wp:term":[{"taxonomy":"category","embeddable":true,"href":"https:\/\/standort-niederrhein.de\/en\/wp-json\/wp\/v2\/categories?post=6277"},{"taxonomy":"post_tag","embeddable":true,"href":"https:\/\/standort-niederrhein.de\/en\/wp-json\/wp\/v2\/tags?post=6277"}],"curies":[{"name":"wp","href":"https:\/\/api.w.org\/{rel}","templated":true}]}}