{"id":6263,"date":"2025-07-10T06:00:00","date_gmt":"2025-07-10T04:00:00","guid":{"rendered":"https:\/\/invest-in-niederrhein.de\/?p=6263"},"modified":"2025-07-08T11:41:59","modified_gmt":"2025-07-08T09:41:59","slug":"rhein-kreis-neuss-uebernimmt-geschaeftsstelle-der-guetegemeinschaft-fuer-mittelstandsorientierte-kommunalverwaltungen","status":"publish","type":"post","link":"https:\/\/standort-niederrhein.de\/en\/2025\/07\/10\/rhein-kreis-neuss-uebernimmt-geschaeftsstelle-der-guetegemeinschaft-fuer-mittelstandsorientierte-kommunalverwaltungen\/","title":{"rendered":"Rhein-Kreis Neuss \u00fcbernimmt Gesch\u00e4ftsstelle der G\u00fctegemeinschaft f\u00fcr mittelstandsorientierte Kommunalverwaltungen"},"content":{"rendered":"\n<p><strong>Rhein-Kreis Neuss. <\/strong>Der Rhein-Kreis Neuss hat die Gesch\u00e4ftsstelle der RAL-G\u00fctegemeinschaft f\u00fcr mittelstandsorientierte Kommunalverwaltungen von der Stadt Nagold \u00fcbernommen. Alana Voigt von der Kreiswirtschaftsf\u00f6rderung ist die neue Gesch\u00e4ftsf\u00fchrerin. \u201eEine effiziente Verwaltung ist ein bedeutender Standortfaktor im Wettbewerb um Unternehmen. Der Rhein-Kreis Neuss steht f\u00fcr Planungssicherheit, Verl\u00e4sslichkeit und eine ausgepr\u00e4gte Wirtschaftsorientierung. Das st\u00e4rkt den Standort insgesamt, davon profitieren die B\u00fcrgerinnen und B\u00fcrger\u201c, sagt Landrat Hans-J\u00fcrgen Petrauschke. \u201eDer Rhein-Kreis Neuss \u00fcbernimmt Verantwortung und geht als Vorbild voran. Das spiegelt sich auch in unserem Engagement f\u00fcr die G\u00fctegemeinschaft wider. Es freut mich sehr, dass wir die Gesch\u00e4ftsstelle nun zum dritten Mal f\u00fchren.\u201c<\/p>\n\n\n\n<p>Die RAL-G\u00fctegemeinschaft, die derzeit 21 Mitglieder umfasst, gibt es seit 2006. Der Rhein-Kreis Neuss geh\u00f6rt zu den Gr\u00fcndungsmitgliedern. Die Mitglieder werden alle drei Jahre durch den T\u00dcV Nord auf die Einhaltung von 14 G\u00fctekriterien einer mittelstandsfreundlichen Kommunalverwaltung gepr\u00fcft. Die Gesch\u00e4ftsstelle rotiert zwischen den Mitgliedskommunen. Der Rhein-Kreis Neuss f\u00fchrte die Gesch\u00e4ftsstelle bereits von 2006 bis 2010 sowie von 2018 bis Ende 2022.<\/p>\n\n\n\n<p>Quelle: <a href=\"http:\/\/www.rhein-kreis-neuss.de\">Rhein-Kreis Neuss<\/a><\/p>\n\n\n<figure class=\"wp-block-post-featured-image\"><img loading=\"lazy\" decoding=\"async\" width=\"2560\" height=\"1437\" src=\"https:\/\/standort-niederrhein.de\/wp-content\/uploads\/2025\/07\/831A2988-scaled.jpg\" class=\"attachment-post-thumbnail size-post-thumbnail wp-post-image\" alt=\"\" style=\"object-fit:cover;\" srcset=\"https:\/\/standort-niederrhein.de\/wp-content\/uploads\/2025\/07\/831A2988-scaled.jpg 2560w, https:\/\/standort-niederrhein.de\/wp-content\/uploads\/2025\/07\/831A2988-1280x719.jpg 1280w, https:\/\/standort-niederrhein.de\/wp-content\/uploads\/2025\/07\/831A2988-980x550.jpg 980w, https:\/\/standort-niederrhein.de\/wp-content\/uploads\/2025\/07\/831A2988-480x269.jpg 480w\" sizes=\"(min-width: 0px) and (max-width: 480px) 480px, (min-width: 481px) and (max-width: 980px) 980px, (min-width: 981px) and (max-width: 1280px) 1280px, (min-width: 1281px) 2560px, 100vw\" \/><\/figure>\n\n\n<p>Landrat Hans-J\u00fcrgen Petrauschke und Alana Voigt von der Kreiswirtschaftsf\u00f6rderung. | Foto: D. Staniek\/ Rhein-Kreis Neuss<\/p>\n","protected":false},"excerpt":{"rendered":"<p>Rhein-Kreis Neuss. Der Rhein-Kreis Neuss hat die Gesch\u00e4ftsstelle der RAL-G\u00fctegemeinschaft f\u00fcr mittelstandsorientierte Kommunalverwaltungen von der Stadt Nagold \u00fcbernommen. Alana Voigt von der Kreiswirtschaftsf\u00f6rderung ist die neue Gesch\u00e4ftsf\u00fchrerin. \u201eEine effiziente Verwaltung ist ein bedeutender Standortfaktor im Wettbewerb um Unternehmen. Der Rhein-Kreis Neuss steht f\u00fcr Planungssicherheit, Verl\u00e4sslichkeit und eine ausgepr\u00e4gte Wirtschaftsorientierung. Das st\u00e4rkt den Standort insgesamt, davon [&hellip;]<\/p>\n","protected":false},"author":3,"featured_media":6264,"comment_status":"closed","ping_status":"closed","sticky":false,"template":"","format":"standard","meta":{"_et_pb_use_builder":"","_et_pb_old_content":"","_et_gb_content_width":"","footnotes":""},"categories":[1],"tags":[],"class_list":["post-6263","post","type-post","status-publish","format-standard","has-post-thumbnail","hentry","category-allgemein"],"_links":{"self":[{"href":"https:\/\/standort-niederrhein.de\/en\/wp-json\/wp\/v2\/posts\/6263","targetHints":{"allow":["GET"]}}],"collection":[{"href":"https:\/\/standort-niederrhein.de\/en\/wp-json\/wp\/v2\/posts"}],"about":[{"href":"https:\/\/standort-niederrhein.de\/en\/wp-json\/wp\/v2\/types\/post"}],"author":[{"embeddable":true,"href":"https:\/\/standort-niederrhein.de\/en\/wp-json\/wp\/v2\/users\/3"}],"replies":[{"embeddable":true,"href":"https:\/\/standort-niederrhein.de\/en\/wp-json\/wp\/v2\/comments?post=6263"}],"version-history":[{"count":1,"href":"https:\/\/standort-niederrhein.de\/en\/wp-json\/wp\/v2\/posts\/6263\/revisions"}],"predecessor-version":[{"id":6265,"href":"https:\/\/standort-niederrhein.de\/en\/wp-json\/wp\/v2\/posts\/6263\/revisions\/6265"}],"wp:featuredmedia":[{"embeddable":true,"href":"https:\/\/standort-niederrhein.de\/en\/wp-json\/wp\/v2\/media\/6264"}],"wp:attachment":[{"href":"https:\/\/standort-niederrhein.de\/en\/wp-json\/wp\/v2\/media?parent=6263"}],"wp:term":[{"taxonomy":"category","embeddable":true,"href":"https:\/\/standort-niederrhein.de\/en\/wp-json\/wp\/v2\/categories?post=6263"},{"taxonomy":"post_tag","embeddable":true,"href":"https:\/\/standort-niederrhein.de\/en\/wp-json\/wp\/v2\/tags?post=6263"}],"curies":[{"name":"wp","href":"https:\/\/api.w.org\/{rel}","templated":true}]}}