{"id":6258,"date":"2025-07-09T06:00:00","date_gmt":"2025-07-09T04:00:00","guid":{"rendered":"https:\/\/invest-in-niederrhein.de\/?p=6258"},"modified":"2025-07-04T13:21:51","modified_gmt":"2025-07-04T11:21:51","slug":"rees-als-best-practice-stadt","status":"publish","type":"post","link":"https:\/\/standort-niederrhein.de\/en\/2025\/07\/09\/rees-als-best-practice-stadt\/","title":{"rendered":"Rees als Best-Practice-Stadt"},"content":{"rendered":"\n<p><strong>Rees. <\/strong>Vor Ort Einkaufen und somit den Handel und die Gastronomie unterst\u00fctzen \u2013 das ist das Ziel der Aktion \u201eHeimat shoppen\u201c der Niederrheinischen Industrie- und Handelskammer (IHK). Und genau dieser zugeh\u00f6rige Arbeitskreis aus Vertretern aus anderen Kommunen kam jetzt nach Rees, um sich die praktischen Umsetzungen der engagierten sowie innovativen Unternehmerschaft anzuschauen. \u201eAktionen wie die Oldtimer-Busfahrt oder der Weihnachtswichtel sind innovative M\u00f6glichkeiten, um den Handel und die Gastronomie zu st\u00e4rken. Davon wollten wir uns ein Bild vor Ort machen\u201c, sagte J\u00fcrgen Kaiser, Gesch\u00e4ftsf\u00fchrer der Niederrheinischen IHK.\u00a0 Mit dabei: Einzelh\u00e4ndler, Wirtschaftsf\u00f6rderer, Vorsitzende von Werbegemeinschaften und Vertreter von Kommunen wie Kalkar, Voerde, Duisburg und Xanten.<\/p>\n\n\n\n<p>\u201eDas Thema Heimat shoppen hat einen hohen Stellenwert f\u00fcr uns im Rathaus und im Marketing. Unsere historisch gepr\u00e4gte Stadt lebt von engagierten Gesch\u00e4ften und der Gastronomie. Wir sind stolz, das hier pr\u00e4sentieren zu k\u00f6nnen\u201c, erkl\u00e4rte Annette Kook vom Reeser Stadtmarketing.<\/p>\n\n\n\n<p>Neben einer Begr\u00fc\u00dfung durch B\u00fcrgermeister Sebastian Hense und einer Vorstellung der Personen sowie den Reeser Bem\u00fchungen beim Thema \u201eHeimat shoppen\u201c, f\u00fchrte Wirtschaftsf\u00f6rderin Sandra Kimm-Hamacher die G\u00e4ste \u00fcber die Rheinpromenade und durch die Innenstadt. Sie ging dabei allgemein auf die Einzelh\u00e4ndler und Gastronomen ein.<\/p>\n\n\n\n<p>Praktische Einblicke gab es bei Floristik Karin Schleiting, die f\u00fcr neue Vertriebswege warb: \u201eHaben sie keine Angst vor Social Media. Viele Kunden kommen zu mir, weil sie sch\u00f6ne Gestecke auf meinen Profilen gefunden haben.\u201c Dar\u00fcber hinaus orientiere sie sich in ihrer Auswahl auch an der Nachfrage ihrer Kunden. Neben Blumen bietet sie beispielsweise auch Wohnaccessoires, Karten, Bekleidung und Workshops an. \u201eTrotz aller Romantik ist es aber auch eine t\u00e4gliche Herausforderung, sich gegen\u00fcber dem Online-Angebot und anderen Ketten zu behaupten\u201c, sagte Karin Schleiting ehrlich. \u201eEs ist aber mein absoluter Traumjob und daf\u00fcr mache ich das gerne.\u201c<\/p>\n\n\n\n<p>Teilnehmerin Gudrun H\u00fclsmann betreibt in Voerde-Spellen ein Gesch\u00e4ft f\u00fcr Wohnaccessoires, Feinkost und Hauswirtschaft in dritter Generation. Sie zeigte sich beeindruckt von dem Reeser Engagement: \u201eHier wird viel gemacht und die Stadtverwaltung ist ein starker Unterst\u00fctzer des Handels. Das ist nicht selbstverst\u00e4ndlich.\u201c<\/p>\n\n\n\n<p>Zum Abschluss hatte die niederrheinische IHK ins \u201eFoodieversum\u201c von Christina Gerads an der Wasserstra\u00dfe eingeladen. Hier betreibt die Unternehmerin neben einem Genuss-Studio mit wechselnden Kochevents und Themenabenden auch eine Ferienwohnung. \u201eIch habe mir hier einen Lebenswunsch erf\u00fcllt und schaue immer, wie ich den Raum und das Konzept optimal an den Bedarf anpassen kann\u201c, erkl\u00e4rte Christina Gerads. So soll aus der Ferienwohnung k\u00fcnftig ein Co-Working-Space entstehen, der auch stundenweise flexibel f\u00fcr Workshops, Meetings oder Feierlichkeiten buchbar ist. Erste Buchungen gibt es bereits \u2013 und weitere Interessierte sind herzlich willkommen, dieses besondere Ambiente f\u00fcr ihre eigenen Ideen zu nutzen.<\/p>\n\n\n\n<p>F\u00fcr die Reeser G\u00e4ste gab es f\u00fcr den Abschluss hausgemachte Limonade sowie \u00fcberbackenes Sauerteigbrot mit gegrillten Pfirsichen und Mozzarella &#8211; nach einem Familienrezept.<\/p>\n\n\n\n<p>Quelle: <a href=\"http:\/\/www.stadt-rees.de\/\">Stadt Rees<\/a><\/p>\n\n\n<figure class=\"wp-block-post-featured-image\"><img loading=\"lazy\" decoding=\"async\" width=\"2560\" height=\"1440\" src=\"https:\/\/standort-niederrhein.de\/wp-content\/uploads\/2025\/07\/Pressemitteilung_REES_2025_163_IHK-Heimatshoppen-AK-scaled.jpg\" class=\"attachment-post-thumbnail size-post-thumbnail wp-post-image\" alt=\"\" style=\"object-fit:cover;\" srcset=\"https:\/\/standort-niederrhein.de\/wp-content\/uploads\/2025\/07\/Pressemitteilung_REES_2025_163_IHK-Heimatshoppen-AK-scaled.jpg 2560w, https:\/\/standort-niederrhein.de\/wp-content\/uploads\/2025\/07\/Pressemitteilung_REES_2025_163_IHK-Heimatshoppen-AK-1280x720.jpg 1280w, https:\/\/standort-niederrhein.de\/wp-content\/uploads\/2025\/07\/Pressemitteilung_REES_2025_163_IHK-Heimatshoppen-AK-980x551.jpg 980w, https:\/\/standort-niederrhein.de\/wp-content\/uploads\/2025\/07\/Pressemitteilung_REES_2025_163_IHK-Heimatshoppen-AK-480x270.jpg 480w\" sizes=\"(min-width: 0px) and (max-width: 480px) 480px, (min-width: 481px) and (max-width: 980px) 980px, (min-width: 981px) and (max-width: 1280px) 1280px, (min-width: 1281px) 2560px, 100vw\" \/><\/figure>\n\n\n<p>Wie funktioniert \u201eHeimat shoppen\u201c in Rees? Davon machte sich der Arbeitskreis der Niederrheinischen IHK ein Bild. | Foto: Stadt Rees<\/p>\n","protected":false},"excerpt":{"rendered":"<p>Rees. Vor Ort Einkaufen und somit den Handel und die Gastronomie unterst\u00fctzen \u2013 das ist das Ziel der Aktion \u201eHeimat shoppen\u201c der Niederrheinischen Industrie- und Handelskammer (IHK). Und genau dieser zugeh\u00f6rige Arbeitskreis aus Vertretern aus anderen Kommunen kam jetzt nach Rees, um sich die praktischen Umsetzungen der engagierten sowie innovativen Unternehmerschaft anzuschauen. \u201eAktionen wie die [&hellip;]<\/p>\n","protected":false},"author":3,"featured_media":6259,"comment_status":"closed","ping_status":"closed","sticky":false,"template":"","format":"standard","meta":{"_et_pb_use_builder":"","_et_pb_old_content":"","_et_gb_content_width":"","footnotes":""},"categories":[1],"tags":[],"class_list":["post-6258","post","type-post","status-publish","format-standard","has-post-thumbnail","hentry","category-allgemein"],"_links":{"self":[{"href":"https:\/\/standort-niederrhein.de\/en\/wp-json\/wp\/v2\/posts\/6258","targetHints":{"allow":["GET"]}}],"collection":[{"href":"https:\/\/standort-niederrhein.de\/en\/wp-json\/wp\/v2\/posts"}],"about":[{"href":"https:\/\/standort-niederrhein.de\/en\/wp-json\/wp\/v2\/types\/post"}],"author":[{"embeddable":true,"href":"https:\/\/standort-niederrhein.de\/en\/wp-json\/wp\/v2\/users\/3"}],"replies":[{"embeddable":true,"href":"https:\/\/standort-niederrhein.de\/en\/wp-json\/wp\/v2\/comments?post=6258"}],"version-history":[{"count":1,"href":"https:\/\/standort-niederrhein.de\/en\/wp-json\/wp\/v2\/posts\/6258\/revisions"}],"predecessor-version":[{"id":6260,"href":"https:\/\/standort-niederrhein.de\/en\/wp-json\/wp\/v2\/posts\/6258\/revisions\/6260"}],"wp:featuredmedia":[{"embeddable":true,"href":"https:\/\/standort-niederrhein.de\/en\/wp-json\/wp\/v2\/media\/6259"}],"wp:attachment":[{"href":"https:\/\/standort-niederrhein.de\/en\/wp-json\/wp\/v2\/media?parent=6258"}],"wp:term":[{"taxonomy":"category","embeddable":true,"href":"https:\/\/standort-niederrhein.de\/en\/wp-json\/wp\/v2\/categories?post=6258"},{"taxonomy":"post_tag","embeddable":true,"href":"https:\/\/standort-niederrhein.de\/en\/wp-json\/wp\/v2\/tags?post=6258"}],"curies":[{"name":"wp","href":"https:\/\/api.w.org\/{rel}","templated":true}]}}