{"id":6255,"date":"2025-07-08T06:00:00","date_gmt":"2025-07-08T04:00:00","guid":{"rendered":"https:\/\/invest-in-niederrhein.de\/?p=6255"},"modified":"2025-07-04T12:43:12","modified_gmt":"2025-07-04T10:43:12","slug":"landrat-petrauschke-begruesst-teilnehmer-bei-workshop-der-vereinten-nationen","status":"publish","type":"post","link":"https:\/\/standort-niederrhein.de\/en\/2025\/07\/08\/landrat-petrauschke-begruesst-teilnehmer-bei-workshop-der-vereinten-nationen\/","title":{"rendered":"Landrat Petrauschke begr\u00fc\u00dft Teilnehmer bei Workshop der Vereinten Nationen"},"content":{"rendered":"\n<p><strong>Rhein-Kreis Neuss.<\/strong> Die Bem\u00fchungen des Rhein-Kreises Neuss um mehr Nachhaltigkeit sto\u00dfen auch international auf Interesse. Das zeigten jetzt in Bonn die Vorverhandlungen zur Weltklimakonferenz der Vereinten Nationen, die im November im brasilianischen Bel\u00e9m stattfindet. In diesem Zusammenhang veranstaltete das Klimasekretariat der Vereinten Nationen gemeinsam mit dem Deutschen Landkreistag einen Workshop bei der Gesellschaft f\u00fcr internationale Zusammenarbeit. Fachleute aus Wissenschaft, Wirtschaft, Politik und Verwaltung diskutierten dar\u00fcber, wie Innovationen dazu beitragen, eine emissionsarme und klimaresiliente Entwicklung in Landkreisen zu f\u00f6rdern.<\/p>\n\n\n\n<p>Im Namen des Deutschen Landkreistags und des Rhein-Kreises Neuss begr\u00fc\u00dfte Landrat Hans-J\u00fcrgen Petrauschke die Teilnehmer. Er zeigte in seiner Er\u00f6ffnungsrede die L\u00f6sungsans\u00e4tze aus dem Rhein-Kreis Neuss zur Umsetzung der globalen Nachhaltigkeitsziele der Vereinten Nationen auf und warb eindringlich f\u00fcr eine St\u00e4rkung der internationalen Zusammenarbeit. Dabei machte Petrauschke auch deutlich, wie bedeutend das Engagement der Landkreise ist: \u201eSie spielen eine wichtige Rolle bei der Umsetzung von globalen Zielen. Deshalb ist die Partnerschaft mit dem United Nations Global Innovation Hub, das vom Sekretariat der Klimarahmenkonferenz von Bonn aus betreut wird, f\u00fcr den Deutschen Landkreistag so wichtig.\u201c<\/p>\n\n\n\n<p><br>Petrauschke zog ein positives Fazit: \u201eEs ist sehr erfreulich, dass der Rhein-Kreis Neuss und seine Bem\u00fchungen zur Erreichung der globalen Nachhaltigkeitsziele mittlerweile auch auf der Ebene der Vereinten Nationen Beachtung finden und entsprechend honoriert werden.\u201c Begleitet wurde der Landrat vom Nachhaltigkeitsbeauftragten des Kreises, Thiago de Carvalho Zakrzewski. \u201eDer Workshop hat aufgezeigt, wie innovative Technologien, Politiken und auch Finanzierungs- und Gesch\u00e4ftsmodelle sowie kooperative Ans\u00e4tze zur Nachhaltigkeitstransformation beitragen k\u00f6nnen\u201c, erl\u00e4utert Zakrzewski. Sein Fazit: \u201eUnser eigenes Engagement f\u00fcr eine global nachhaltige Entwicklung ist breit aufgestellt und wird auch durch die derzeitige Erarbeitung unserer Nachhaltigkeitsstrategie noch einmal gest\u00e4rkt werden.\u201c<\/p>\n\n\n\n<p>Quelle: <a href=\"http:\/\/www.rhein-kreis-neuss.de\">Rhein-Kreis Neuss<\/a><\/p>\n\n\n<figure class=\"wp-block-post-featured-image\"><img loading=\"lazy\" decoding=\"async\" width=\"2560\" height=\"1835\" src=\"https:\/\/standort-niederrhein.de\/wp-content\/uploads\/2025\/07\/20250624-GIZ-0392-scaled.jpg\" class=\"attachment-post-thumbnail size-post-thumbnail wp-post-image\" alt=\"\" style=\"object-fit:cover;\" srcset=\"https:\/\/standort-niederrhein.de\/wp-content\/uploads\/2025\/07\/20250624-GIZ-0392-scaled.jpg 2560w, https:\/\/standort-niederrhein.de\/wp-content\/uploads\/2025\/07\/20250624-GIZ-0392-1280x918.jpg 1280w, https:\/\/standort-niederrhein.de\/wp-content\/uploads\/2025\/07\/20250624-GIZ-0392-980x702.jpg 980w, https:\/\/standort-niederrhein.de\/wp-content\/uploads\/2025\/07\/20250624-GIZ-0392-480x344.jpg 480w\" sizes=\"(min-width: 0px) and (max-width: 480px) 480px, (min-width: 481px) and (max-width: 980px) 980px, (min-width: 981px) and (max-width: 1280px) 1280px, (min-width: 1281px) 2560px, 100vw\" \/><\/figure>\n\n\n<p>Nachhaltigkeit im Blick (von links): J\u00f6rg Linke (Gesellschaft f\u00fcr internationale Zusammenarbeit), Landrat Hans-J\u00fcrgen Petrauschke und James Grabert (Direktor Klimaschutz des Klimasekretariats der Vereinten Nationen). | Foto: Gesellschaft f\u00fcr internationale Zusammenarbeit<\/p>\n","protected":false},"excerpt":{"rendered":"<p>Rhein-Kreis Neuss. Die Bem\u00fchungen des Rhein-Kreises Neuss um mehr Nachhaltigkeit sto\u00dfen auch international auf Interesse. Das zeigten jetzt in Bonn die Vorverhandlungen zur Weltklimakonferenz der Vereinten Nationen, die im November im brasilianischen Bel\u00e9m stattfindet. In diesem Zusammenhang veranstaltete das Klimasekretariat der Vereinten Nationen gemeinsam mit dem Deutschen Landkreistag einen Workshop bei der Gesellschaft f\u00fcr internationale [&hellip;]<\/p>\n","protected":false},"author":3,"featured_media":6256,"comment_status":"closed","ping_status":"closed","sticky":false,"template":"","format":"standard","meta":{"_et_pb_use_builder":"","_et_pb_old_content":"","_et_gb_content_width":"","footnotes":""},"categories":[1],"tags":[],"class_list":["post-6255","post","type-post","status-publish","format-standard","has-post-thumbnail","hentry","category-allgemein"],"_links":{"self":[{"href":"https:\/\/standort-niederrhein.de\/en\/wp-json\/wp\/v2\/posts\/6255","targetHints":{"allow":["GET"]}}],"collection":[{"href":"https:\/\/standort-niederrhein.de\/en\/wp-json\/wp\/v2\/posts"}],"about":[{"href":"https:\/\/standort-niederrhein.de\/en\/wp-json\/wp\/v2\/types\/post"}],"author":[{"embeddable":true,"href":"https:\/\/standort-niederrhein.de\/en\/wp-json\/wp\/v2\/users\/3"}],"replies":[{"embeddable":true,"href":"https:\/\/standort-niederrhein.de\/en\/wp-json\/wp\/v2\/comments?post=6255"}],"version-history":[{"count":1,"href":"https:\/\/standort-niederrhein.de\/en\/wp-json\/wp\/v2\/posts\/6255\/revisions"}],"predecessor-version":[{"id":6257,"href":"https:\/\/standort-niederrhein.de\/en\/wp-json\/wp\/v2\/posts\/6255\/revisions\/6257"}],"wp:featuredmedia":[{"embeddable":true,"href":"https:\/\/standort-niederrhein.de\/en\/wp-json\/wp\/v2\/media\/6256"}],"wp:attachment":[{"href":"https:\/\/standort-niederrhein.de\/en\/wp-json\/wp\/v2\/media?parent=6255"}],"wp:term":[{"taxonomy":"category","embeddable":true,"href":"https:\/\/standort-niederrhein.de\/en\/wp-json\/wp\/v2\/categories?post=6255"},{"taxonomy":"post_tag","embeddable":true,"href":"https:\/\/standort-niederrhein.de\/en\/wp-json\/wp\/v2\/tags?post=6255"}],"curies":[{"name":"wp","href":"https:\/\/api.w.org\/{rel}","templated":true}]}}