{"id":6252,"date":"2025-07-04T16:00:00","date_gmt":"2025-07-04T14:00:00","guid":{"rendered":"https:\/\/invest-in-niederrhein.de\/?p=6252"},"modified":"2025-07-04T12:40:43","modified_gmt":"2025-07-04T10:40:43","slug":"impuls-rheinkreisneuss-neue-marke-fuer-standort-und-wirtschaftsfoerderung","status":"publish","type":"post","link":"https:\/\/standort-niederrhein.de\/en\/2025\/07\/04\/impuls-rheinkreisneuss-neue-marke-fuer-standort-und-wirtschaftsfoerderung\/","title":{"rendered":"impuls.RheinKreisNeuss: Neue Marke f\u00fcr Standort und Wirtschaftsf\u00f6rderung"},"content":{"rendered":"\n<p><strong>Rhein-Kreis Neuss.<\/strong> Nach Monaten intensiver Arbeit mit der Agentur gmk Markenberatung aus K\u00f6ln pr\u00e4sentierte die Wirtschaftsf\u00f6rderung des Rhein-Kreises Neuss nun die neue Marke f\u00fcr sich und den Wirtschaftsstandort. impuls.RheinKreisNeuss, so lautet der Name. Das Logo ist wiedererkennbar gekennzeichnet durch einen zentralen neongr\u00fcnen Punkt. \u201eDieser steht sinnbildlich f\u00fcr die Impulse, die wir als Wirtschaftsf\u00f6rderung geben und ist der Ankerpunkt des Designs neben der dunkelblauen Schrift\u201c, hie\u00df es bei der Pr\u00e4sentation im Haus f\u00fcr Musiker auf der Raketenstation Hombroich. Das Branding ist ein Meilensteinprojekt aus dem neuen Konzept RKNextGen.<\/p>\n\n\n\n<p>\u201eDas Konzept treibt die erfolgreiche Entwicklung unseres Wirtschaftsstandorts aktiv voran. Angesichts der vielen neuen Herausforderungen wollen wir einer der attraktivsten und wettbewerbsf\u00e4higsten Kreise in Nordrhein-Westfalen und dar\u00fcber hinaus bleiben. Wir wollen an unserem international stark gefragten Standort langfristig Arbeits- und Ausbildungspl\u00e4tze sowie die Wertsch\u00f6pfung sichern und erh\u00f6hen\u201c, so Landrat Hans-J\u00fcrgen Petrauschke.<\/p>\n\n\n\n<p>\u201eMit impuls.RheinKreisNeuss verbinden wir die Zukunft und den Fortschritt gleichsam mit Aktivit\u00e4t und Gestaltung. Das sind Attribute, die unseren attraktiven Wirtschaftsstandort kennzeichnen und die authentisch sind mit dem, wie und wof\u00fcr wir als Wirtschaftsf\u00f6rderung \u2013 sowohl als Dienstleistungseinheit wie auch mein Team und ich \u2013 inhaltlich stehen\u201c, erkl\u00e4rte Robert Abts, der Leiter der Kreiswirtschaftsf\u00f6rderung.<\/p>\n\n\n\n<p>Die Herleitung der neuen Marke erfolgte \u00fcber die Fokussierung auf sogenannte Profilierungsfelder. Das Besondere an diesem Prozess: Wirtschaftsf\u00f6rderung und Wirtschaftsstandort wurden von den Fachleuten um Roman Brandst\u00e4tter simultan mitgedacht und abgebildet. Die Profilierungsfelder gliedern sich in drei Bereiche, in denen Wirtschaftsf\u00f6rderung und Wirtschaftsstandort harmonisch aufgehen: \u201eBusiness \u2013 einfach machen\u201c, \u201eInnovation vorantreiben\u201c und \u201eZukunft als Heimvorteil\u201c.<\/p>\n\n\n\n<p>Die Botschaften dahinter: \u201eAls Wirtschaftsf\u00f6rderung sind wir die zentrale Anlaufstelle f\u00fcr Unternehmen und machen Business im Rhein-Kreis Neuss einfacher. Unser strategisches Vernetzen schafft ein pulsierendes \u00d6kosystem voller Innovation und Fortschritt. Ideenreiche Impulse treiben den Strukturwandel im Kreis aktiv voran und zeigen Wachstumsfelder in der digitalen und nachhaltigen Transformation auf. Und mit unserem rheinl\u00e4ndischen Spirit geben wir Unternehmen, Menschen und Ideen ein Zuhause, in dem sie ihr Zukunftspotenzial voll entfalten k\u00f6nnen. Arbeiten und Leben \u2013 hier geht beides.\u201c<\/p>\n\n\n\n<p>Viele Elemente des Brandings sind hergeleitet aus umfangreichen internen wie externen Analysen. So wurde beispielsweise zum Naming eine qualitative Unternehmensumfrage mit \u00fcber 30 Betrieben durchgef\u00fchrt. Die Veranstaltung auf der Raketenstation gab den Startschuss f\u00fcr den Marken-Relaunch. Dabei handelte sich um einen \u201eSoftlaunch\u201c, das hei\u00dft, dass die neue Identit\u00e4t sukzessive zum Leben erweckt wird. Zu Beginn liegt der Fokus auf den Hauptkommunikationskan\u00e4len LinkedIN, Newsletter, Dienstleistungen und Events.<\/p>\n\n\n\n<p>Den Abschluss der Veranstaltung im Haus der Musiker bildete eine Podiumsdiskussion mit hochkar\u00e4tiger Besetzung: Dr. Simone Roth (Professorin f\u00fcr Marketing an der Hochschule Ruhr West in M\u00fclheim), Kirsten Wittke-Lemm (Hauptgesch\u00e4ftsf\u00fchrerin der Unternehmerschaft Niederrhein) und Lindiana Asani (Gr\u00fcnderin des Start-ups Quickly und Final-Teilnehmerin im Wettbewerb um das Kreisf\u00f6rderprogramm \u201eaccelerate_rkn\u201c) sprachen \u00fcber das Thema \u201eMarkeneffekte\u201c. Eine Begegnung bei Fingerfood und Getr\u00e4nken beendete den Abend.<\/p>\n\n\n\n<p>Quelle: <a href=\"http:\/\/www.rhein-kreis-neuss.de\">Rhein-Kreis Neuss<\/a><\/p>\n\n\n<figure class=\"wp-block-post-featured-image\"><img loading=\"lazy\" decoding=\"async\" width=\"2560\" height=\"1703\" src=\"https:\/\/standort-niederrhein.de\/wp-content\/uploads\/2025\/07\/2025-07-03-Brand_Neu-Wifoe-128-scaled.jpg\" class=\"attachment-post-thumbnail size-post-thumbnail wp-post-image\" alt=\"\" style=\"object-fit:cover;\" srcset=\"https:\/\/standort-niederrhein.de\/wp-content\/uploads\/2025\/07\/2025-07-03-Brand_Neu-Wifoe-128-scaled.jpg 2560w, https:\/\/standort-niederrhein.de\/wp-content\/uploads\/2025\/07\/2025-07-03-Brand_Neu-Wifoe-128-1280x852.jpg 1280w, https:\/\/standort-niederrhein.de\/wp-content\/uploads\/2025\/07\/2025-07-03-Brand_Neu-Wifoe-128-980x652.jpg 980w, https:\/\/standort-niederrhein.de\/wp-content\/uploads\/2025\/07\/2025-07-03-Brand_Neu-Wifoe-128-480x319.jpg 480w\" sizes=\"(min-width: 0px) and (max-width: 480px) 480px, (min-width: 481px) and (max-width: 980px) 980px, (min-width: 981px) and (max-width: 1280px) 1280px, (min-width: 1281px) 2560px, 100vw\" \/><\/figure>\n\n\n<p>Neue Marke f\u00fcr Wirtschaftsstandort und Wirtschaftsf\u00f6rderung (von links): Roman Brandst\u00e4tter, Professor Dr. Simone Roth, Landrat Hans-J\u00fcrgen Petrauschke, Kirsten Wittke-Lemm und Robert Abts. | Foto: S. B\u00fcntig\/ Rhein-Kreis Neuss<\/p>\n","protected":false},"excerpt":{"rendered":"<p>Rhein-Kreis Neuss. Nach Monaten intensiver Arbeit mit der Agentur gmk Markenberatung aus K\u00f6ln pr\u00e4sentierte die Wirtschaftsf\u00f6rderung des Rhein-Kreises Neuss nun die neue Marke f\u00fcr sich und den Wirtschaftsstandort. impuls.RheinKreisNeuss, so lautet der Name. Das Logo ist wiedererkennbar gekennzeichnet durch einen zentralen neongr\u00fcnen Punkt. \u201eDieser steht sinnbildlich f\u00fcr die Impulse, die wir als Wirtschaftsf\u00f6rderung geben und [&hellip;]<\/p>\n","protected":false},"author":3,"featured_media":6253,"comment_status":"closed","ping_status":"closed","sticky":false,"template":"","format":"standard","meta":{"_et_pb_use_builder":"","_et_pb_old_content":"","_et_gb_content_width":"","footnotes":""},"categories":[1],"tags":[],"class_list":["post-6252","post","type-post","status-publish","format-standard","has-post-thumbnail","hentry","category-allgemein"],"_links":{"self":[{"href":"https:\/\/standort-niederrhein.de\/en\/wp-json\/wp\/v2\/posts\/6252","targetHints":{"allow":["GET"]}}],"collection":[{"href":"https:\/\/standort-niederrhein.de\/en\/wp-json\/wp\/v2\/posts"}],"about":[{"href":"https:\/\/standort-niederrhein.de\/en\/wp-json\/wp\/v2\/types\/post"}],"author":[{"embeddable":true,"href":"https:\/\/standort-niederrhein.de\/en\/wp-json\/wp\/v2\/users\/3"}],"replies":[{"embeddable":true,"href":"https:\/\/standort-niederrhein.de\/en\/wp-json\/wp\/v2\/comments?post=6252"}],"version-history":[{"count":1,"href":"https:\/\/standort-niederrhein.de\/en\/wp-json\/wp\/v2\/posts\/6252\/revisions"}],"predecessor-version":[{"id":6254,"href":"https:\/\/standort-niederrhein.de\/en\/wp-json\/wp\/v2\/posts\/6252\/revisions\/6254"}],"wp:featuredmedia":[{"embeddable":true,"href":"https:\/\/standort-niederrhein.de\/en\/wp-json\/wp\/v2\/media\/6253"}],"wp:attachment":[{"href":"https:\/\/standort-niederrhein.de\/en\/wp-json\/wp\/v2\/media?parent=6252"}],"wp:term":[{"taxonomy":"category","embeddable":true,"href":"https:\/\/standort-niederrhein.de\/en\/wp-json\/wp\/v2\/categories?post=6252"},{"taxonomy":"post_tag","embeddable":true,"href":"https:\/\/standort-niederrhein.de\/en\/wp-json\/wp\/v2\/tags?post=6252"}],"curies":[{"name":"wp","href":"https:\/\/api.w.org\/{rel}","templated":true}]}}