{"id":6227,"date":"2025-07-02T06:00:00","date_gmt":"2025-07-02T04:00:00","guid":{"rendered":"https:\/\/invest-in-niederrhein.de\/?p=6227"},"modified":"2025-08-11T13:47:37","modified_gmt":"2025-08-11T11:47:37","slug":"krefelder-gruendungsgeist-im-fokus","status":"publish","type":"post","link":"https:\/\/standort-niederrhein.de\/en\/2025\/07\/02\/krefelder-gruendungsgeist-im-fokus\/","title":{"rendered":"Krefelder Gr\u00fcndungsgeist im Fokus"},"content":{"rendered":"\n<p><strong>Krefeld.<\/strong> Ein Abend voller Ideenreichtum, unternehmerischer Leidenschaft und kreativer Netzwerkmomente \u2013 das war der GR\u00dcNDERPREIS KREFELD 2025, der in den R\u00e4umen der Volksbank Krefeld vor \u00fcber 100 G\u00e4sten aus Wirtschaft, Gr\u00fcndungsszene und Stadtgesellschaft verliehen wurde. Die Auszeichnung w\u00fcrdigt mutige Gr\u00fcnderinnen und Gr\u00fcnder, die Krefeld mit ihren innovativen Gesch\u00e4ftsideen bereichern.<\/p>\n\n\n\n<p>\u201eGr\u00fcnden hei\u00dft, an sich zu glauben, sich zu trauen und Ideen in die Tat umzusetzen \u2013 auch gegen Widerst\u00e4nde\u201c, betonten die Veranstalter von KREFELD BUSINESS und unterstrichen den GR\u00dcNDERPREIS als Zeichen f\u00fcr die Zukunftsf\u00e4higkeit der Stadt. Erstmals unterst\u00fctzten der Marketing-Club Krefeld und die Gemeinschaft Junger Unternehmer (GJU) als offizielle Partner die Veranstaltung \u2013 ein starkes Signal f\u00fcr die wachsende Vernetzung der Gr\u00fcndungsszene. Neu war auch das abendliche Veranstaltungsformat, das den Austausch in entspannter Atmosph\u00e4re f\u00f6rderte.<\/p>\n\n\n\n<p>Stefan Rinsch, Vorstandsvorsitzender der Volksbank Krefeld, hob die Bedeutung von Gr\u00fcndungen f\u00fcr die wirtschaftliche Entwicklung hervor. In Kurzstatements betonten Eckart Preen als Leiter von KREFELD BUSINESS und Wirtschaftsdezernent, Gregor Werkle f\u00fcr die GJU und Michael Neppe\u00dfen f\u00fcr den Marketing-Club die Rolle von Netzwerken und gezielter Gr\u00fcndungsf\u00f6rderung in Krefeld.<\/p>\n\n\n\n<p>Ein kreatives Highlight war das \u201eUnboxing\u201c-Format, bei dem die zehn besten Gr\u00fcndungsideen anhand symbolischer Gegenst\u00e4nde vorgestellt wurden. Die Top Drei wurden besonders ausgezeichnet:<br><br>Platz 1, mit 3.000 Euro dotiert, ging an Anna Hermanns, Gr\u00fcnderin des \u201eSCHWIMMWERKs\u201c, die sich mit einem eigenen Schwimmbad in Krefeld daf\u00fcr einsetzt, dass Kinder fr\u00fch und sicher schwimmen lernen.<br>Platz 2, mit 2.000 Euro dotiert, belegte Jan Stapelmann von Stapelmann Architektur, der mit minimalistischen und zeitlosen Konzepten neue Lebens- und Arbeitswelten gestaltet.<br>Und Platz 3 konnten Dennis Gehlen, Paul Dahlhoff und Dennis Nirtl f\u00fcr sich verbuchen. Mit der von ihnen gegr\u00fcndeten OG Collective GmbH, einer Agentur f\u00fcr \u201eGaming Culture Marketing\u201c, verbinden sie Marken gezielt mit der Gaming- und Popkultur.<\/p>\n\n\n\n<p>Die Veranstaltung zeigte eindrucksvoll: Die Krefelder Gr\u00fcndungsszene lebt von Mut, Innovation und starken Partnerschaften. Bis zur n\u00e4chsten Preisvergabe im Jahr 2027 wird das geplante Gr\u00fcndungszentrum an der Luisenstra\u00dfe 32 als neuer Ankerpunkt f\u00fcr Gr\u00fcnderinnen und Gr\u00fcnder entstehen.<\/p>\n\n\n\n<p>Quelle: <a href=\"http:\/\/www.krefeld-business.de\">KREFELD BUSINESS<\/a><\/p>\n\n\n<figure class=\"wp-block-post-featured-image\"><img loading=\"lazy\" decoding=\"async\" width=\"2560\" height=\"1728\" src=\"https:\/\/standort-niederrhein.de\/wp-content\/uploads\/2025\/07\/GRUeNDERPREIS_KREFELD_Gewinner_und_Laudatoren_Foto_Dirk_Jochmann-scaled.jpg\" class=\"attachment-post-thumbnail size-post-thumbnail wp-post-image\" alt=\"\" style=\"object-fit:cover;\" srcset=\"https:\/\/standort-niederrhein.de\/wp-content\/uploads\/2025\/07\/GRUeNDERPREIS_KREFELD_Gewinner_und_Laudatoren_Foto_Dirk_Jochmann-scaled.jpg 2560w, https:\/\/standort-niederrhein.de\/wp-content\/uploads\/2025\/07\/GRUeNDERPREIS_KREFELD_Gewinner_und_Laudatoren_Foto_Dirk_Jochmann-1280x864.jpg 1280w, https:\/\/standort-niederrhein.de\/wp-content\/uploads\/2025\/07\/GRUeNDERPREIS_KREFELD_Gewinner_und_Laudatoren_Foto_Dirk_Jochmann-980x662.jpg 980w, https:\/\/standort-niederrhein.de\/wp-content\/uploads\/2025\/07\/GRUeNDERPREIS_KREFELD_Gewinner_und_Laudatoren_Foto_Dirk_Jochmann-480x324.jpg 480w\" sizes=\"(min-width: 0px) and (max-width: 480px) 480px, (min-width: 481px) and (max-width: 980px) 980px, (min-width: 981px) and (max-width: 1280px) 1280px, (min-width: 1281px) 2560px, 100vw\" \/><\/figure>\n\n\n<p>Gruppenbild mit Gewinner\/-innen und Laudatoren (v.l.n.r.): Stefan Rinsch (Volksbank Krefeld), Eckart Preen (KREFELD BUSINESS), Dennis Gehlen, Paul Dahlhoff (beide: OG Collective), Olaf Kothes (Volksbank Krefeld), Anna Hermanns (SCHWIMMWERK), Jan Stapelmann (Stapelmann Architektur), Jennifer Mertens (GJU), Michael Neppe\u00dfen (Marketing-Club Krefeld), Gordon Binder-Eggert (WZ Krefeld) | Foto: Dirk Jochmann<\/p>\n","protected":false},"excerpt":{"rendered":"<p>Krefeld. Ein Abend voller Ideenreichtum, unternehmerischer Leidenschaft und kreativer Netzwerkmomente \u2013 das war der GR\u00dcNDERPREIS KREFELD 2025, der in den R\u00e4umen der Volksbank Krefeld vor \u00fcber 100 G\u00e4sten aus Wirtschaft, Gr\u00fcndungsszene und Stadtgesellschaft verliehen wurde. Die Auszeichnung w\u00fcrdigt mutige Gr\u00fcnderinnen und Gr\u00fcnder, die Krefeld mit ihren innovativen Gesch\u00e4ftsideen bereichern. \u201eGr\u00fcnden hei\u00dft, an sich zu glauben, [&hellip;]<\/p>\n","protected":false},"author":3,"featured_media":6228,"comment_status":"closed","ping_status":"closed","sticky":false,"template":"","format":"standard","meta":{"_et_pb_use_builder":"","_et_pb_old_content":"","_et_gb_content_width":"","footnotes":""},"categories":[1],"tags":[],"class_list":["post-6227","post","type-post","status-publish","format-standard","has-post-thumbnail","hentry","category-allgemein"],"_links":{"self":[{"href":"https:\/\/standort-niederrhein.de\/en\/wp-json\/wp\/v2\/posts\/6227","targetHints":{"allow":["GET"]}}],"collection":[{"href":"https:\/\/standort-niederrhein.de\/en\/wp-json\/wp\/v2\/posts"}],"about":[{"href":"https:\/\/standort-niederrhein.de\/en\/wp-json\/wp\/v2\/types\/post"}],"author":[{"embeddable":true,"href":"https:\/\/standort-niederrhein.de\/en\/wp-json\/wp\/v2\/users\/3"}],"replies":[{"embeddable":true,"href":"https:\/\/standort-niederrhein.de\/en\/wp-json\/wp\/v2\/comments?post=6227"}],"version-history":[{"count":2,"href":"https:\/\/standort-niederrhein.de\/en\/wp-json\/wp\/v2\/posts\/6227\/revisions"}],"predecessor-version":[{"id":6389,"href":"https:\/\/standort-niederrhein.de\/en\/wp-json\/wp\/v2\/posts\/6227\/revisions\/6389"}],"wp:featuredmedia":[{"embeddable":true,"href":"https:\/\/standort-niederrhein.de\/en\/wp-json\/wp\/v2\/media\/6228"}],"wp:attachment":[{"href":"https:\/\/standort-niederrhein.de\/en\/wp-json\/wp\/v2\/media?parent=6227"}],"wp:term":[{"taxonomy":"category","embeddable":true,"href":"https:\/\/standort-niederrhein.de\/en\/wp-json\/wp\/v2\/categories?post=6227"},{"taxonomy":"post_tag","embeddable":true,"href":"https:\/\/standort-niederrhein.de\/en\/wp-json\/wp\/v2\/tags?post=6227"}],"curies":[{"name":"wp","href":"https:\/\/api.w.org\/{rel}","templated":true}]}}