{"id":6223,"date":"2025-06-28T08:00:00","date_gmt":"2025-06-28T06:00:00","guid":{"rendered":"https:\/\/invest-in-niederrhein.de\/?p=6223"},"modified":"2025-06-30T10:20:02","modified_gmt":"2025-06-30T08:20:02","slug":"neue-chancen-in-herausfordernden-zeiten","status":"publish","type":"post","link":"https:\/\/standort-niederrhein.de\/en\/2025\/06\/28\/neue-chancen-in-herausfordernden-zeiten\/","title":{"rendered":"Neue Chancen in herausfordernden Zeiten"},"content":{"rendered":"\n<p><strong>Mittlerer Niederrhein.<\/strong> Z\u00f6lle, Gegenz\u00f6lle, Kriege und internationale Krisen \u2013 die deutschen Au\u00dfenwirtschaftsunternehmen erleben derzeit herausfordernde Zeiten. Aber: Es er\u00f6ffnen sich auch neue Chancen. Welche M\u00f6glichkeiten sich international bieten und mit welchen Strategien sich deutsche Unternehmen weltweit behaupten k\u00f6nnen \u2013 diese Fragen standen im Mittelpunkt des 13. Au\u00dfenwirtschaftstag NRW im Borussia Park in M\u00f6nchengladbach. Fast 1.000 G\u00e4ste nahmen an der landesweit gr\u00f6\u00dften Konferenz f\u00fcr auslandsaktive Unternehmen teil, die im Zweijahresrhythmus von IHK NRW, den nordrhein-westf\u00e4lischen Industrie- und Handelskammern, veranstaltet wird. 60 Aussteller waren vor Ort und 50 Speaker standen auf dem Programm. Die Federf\u00fchrung hatte in diesem Jahr die Industrie- und Handelskammer (IHK) Mittlerer Niederrhein.<\/p>\n\n\n\n<p>Er\u00f6ffnet wurde die Konferenz von Mona Neubaur, Ministerin f\u00fcr Wirtschaft, Industrie, Klimaschutz und Energie des Landes Nordrhein-Westfalen, der niederl\u00e4ndischen Generalkonsulin Hannah Tijmes \u2013 die Niederlande sind das Partnerland des AWT 2025 \u2013 und IHK-Pr\u00e4sident Elmar te Neues, der auch Vizepr\u00e4sident von IHK NRW ist. Er ging auf die aktuelle Stimmung der nordrhein-westf\u00e4lischen Exportwirtschaft ein: \u201eDie Unternehmen brauchen kalkulierbare Rahmenbedingungen. Dazu geh\u00f6ren freie M\u00e4rkte, internationale Regeln und verl\u00e4ssliche Partnerschaften. Kriege, Konflikte und Protektionismus bewirken das Gegenteil: Unsicherheit und Unberechenbarkeit.\u201c Europa brauche eine handelspolitische Kurskorrektur. \u201eHandelsabkommen wie mit Indien oder den Mercosur-Staaten d\u00fcrfen nicht l\u00e4nger aufgeschoben werden\u201c, forderte te Neues. Dem stimmte die Wirtschaftsministerin zu: \u201eWertepartnerschaften sind die Grundvoraussetzung f\u00fcr einen fairen und freien Handel untereinander. Die Vergangenheit hat gezeigt, dass man einseitige Abh\u00e4ngigkeiten teuer bezahlen muss.\u201c Die niederl\u00e4ndische Generalkonsulin verwies darauf, dass die langj\u00e4hrige und gewachsene gute Nachbarschaft, Freundschaft und Handelspartnerschaft zwischen den Niederlanden und Deutschland wichtiger denn je seien: \u201eIn diesen Zeiten sind kurze Wege und sichere Lieferketten enorm wertvoll.\u201c<\/p>\n\n\n\n<p>Aus Russland zugeschaltet, erl\u00e4uterte der deutsche Botschafter in Moskau, Alexander Graf Lambsdorff, welche Ziele der Kreml verfolgt: \u201ePutin geht es darum, das russische Imperium wiederherzustellen. Aus diesem Denken heraus hat er den Krieg gegen die Ukraine entfesselt.\u201c Russland stelle die Souver\u00e4nit\u00e4t seiner Nachbarstaaten infrage. \u201eWenn ein Nachbar sich auf Kosten anderer ausdehnen will, wird er zur Bedrohung\u201c, erkl\u00e4rte Lambsdorff. Das Rezept dagegen hei\u00dfe \u201eAbschreckung\u201c. Es gehe jetzt darum, die Leistungsf\u00e4higkeit der deutschen Streitkr\u00e4fte zu steigern und die Ukraine weiter zu unterst\u00fctzen. Lambsdorff: \u201eWir st\u00e4rken damit nicht nur ein Land, sondern verteidigen unsere wichtigsten Werte: die Freiheit und den Frieden in Europa.\u201c<\/p>\n\n\n\n<p>Die Botschafterin der Republik Estland, Marika Linntam, schilderte, wie sich ihr Land seit der Wiedererlangung der Unabh\u00e4ngigkeit vor 35 Jahren zum digitalen Muster-Staat Europas entwickelt hat. \u201eWir haben eine vollst\u00e4ndig digitalisierte Verwaltung, die sich an den Bed\u00fcrfnissen der B\u00fcrger und Unternehmen orientiert.\u201c Alle Beh\u00f6rdeng\u00e4nge seien online m\u00f6glich \u2013 au\u00dfer die Heirat. Linntam warb f\u00fcr den Innovations-Standort Estland: \u201eUnser kleines Land hat zehn Einh\u00f6rner \u2013 also Start-ups mit einer Bewertung von mehr als eine Milliarde Euro \u2013 &nbsp;hervorgebracht.\u201c<\/p>\n\n\n\n<p>Zum Abschluss der Auftaktveranstaltung des IHK-Au\u00dfenwirtschaftstags erl\u00e4uterte der USA-Experte Dr. Josef Braml, wie sich die geopolitischen Rahmenbedingungen in den vergangenen Jahren ver\u00e4ndert haben: \u201eDas Zeitalter der regelbasierten Ordnung ist vorbei. Nicht nur Putin ignoriert die Regeln, sondern auch Trump und Xi\u201c, so Braml. \u201eEs gilt das Recht des St\u00e4rkeren. Das bedeutet: Wir \u2013 Deutschland und Europa \u2013 m\u00fcssen an St\u00e4rke gewinnen.\u201c Russland sei das Problem Europas, nicht der USA. Europa m\u00fcsse ein selbstbewusster Player in der Welt werden. \u201eIch hoffe, die neue Bundesregierung macht sich ernsthaft daran, Europa weiterzuentwickeln, die europ\u00e4ische Integration weiter voranzutreiben.\u201c Dass diese Erkenntnis sich immer mehr durchsetzt, sei auch Trump zu verdanken.<\/p>\n\n\n\n<p>Neben Keynotes und Diskussionen gab es die M\u00f6glichkeit, das Netzwerk der Deutschen Auslandshandelskammern vor Ort zu nutzen. Marktexpertinnen und -experten aus allen f\u00fcnf Kontinenten haben individuell in terminierten Einzelgespr\u00e4chen\u202fzu Fragen und Herausforderungen des internationalen Gesch\u00e4fts beraten.<\/p>\n\n\n\n<p>Die Teilnehmer profitierten auch von den Erfahrungen erfolgreicher Unternehmen aus NRW. Themen waren unter anderem: \u201eQuo vadis Nordamerika?\u201c, \u201eExportkontrolle und Compliance\u201c, \u201eUnternehmerisches Best-practice in S\u00fcdostasien (ASEAN)\u201c, \u201eLieferketten digital, effizient und nachhaltig managen\u201c, \u201eBoom-Markt Indien\u201c, \u201eZukunftsm\u00e4rkte Arabische Golfstaaten\u201c, \u201eNiederlande: Absatzmarkt und Innovationspartner\u201c sowie \u201eStrategie: International agieren in geopolitisch unsicheren Zeiten\u201c. Zudem bot eine deutsch-niederl\u00e4ndische Kooperationsb\u00f6rse die Gelegenheit, grenz\u00fcberschreitende Gesch\u00e4ftskontakte zu kn\u00fcpfen. Zum Ausklang des Tages stand Netzwerken auf dem Programm \u2013 neue Kontakte kn\u00fcpfen und alte Partnerschaften pflegen.<\/p>\n\n\n\n<p>Quelle: <a href=\"https:\/\/mittlerer-niederrhein.ihk.de\/de\/oeffentlichkeitsarbeit\/pressemitteilungen\/2025\/neue-chancen-in-herausfordernden-zeiten.html\">IHK Mittlerer Niederrhein<\/a><\/p>\n\n\n<figure class=\"wp-block-post-featured-image\"><img loading=\"lazy\" decoding=\"async\" width=\"987\" height=\"392\" src=\"https:\/\/standort-niederrhein.de\/wp-content\/uploads\/2025\/06\/aussenwirtschaftstag_25_baum-168-artikel2.jpg\" class=\"attachment-post-thumbnail size-post-thumbnail wp-post-image\" alt=\"\" style=\"object-fit:cover;\" srcset=\"https:\/\/standort-niederrhein.de\/wp-content\/uploads\/2025\/06\/aussenwirtschaftstag_25_baum-168-artikel2.jpg 987w, https:\/\/standort-niederrhein.de\/wp-content\/uploads\/2025\/06\/aussenwirtschaftstag_25_baum-168-artikel2-980x389.jpg 980w, https:\/\/standort-niederrhein.de\/wp-content\/uploads\/2025\/06\/aussenwirtschaftstag_25_baum-168-artikel2-480x191.jpg 480w\" sizes=\"(min-width: 0px) and (max-width: 480px) 480px, (min-width: 481px) and (max-width: 980px) 980px, (min-width: 981px) 987px, 100vw\" \/><\/figure>\n\n\n<p>Er\u00f6ffnet wurde der AWT von Mona Neubaur (Ministerin f\u00fcr Wirtschaft, Industrie, Klimaschutz und Energie des Landes Nordrhein-Westfalen), 2.v.l.), der niederl\u00e4ndischen Generalkonsulin Hannah Tijmes (l.) und IHK-Pr\u00e4sident Elmar te Neues, der auch Vizepr\u00e4sident von IHK NRW ist. Mary Abdelaziz-Ditzow moderierte die Veranstaltung. | Foto: IHK Mittlerer Niederrhein<\/p>\n","protected":false},"excerpt":{"rendered":"<p>Mittlerer Niederrhein. Z\u00f6lle, Gegenz\u00f6lle, Kriege und internationale Krisen \u2013 die deutschen Au\u00dfenwirtschaftsunternehmen erleben derzeit herausfordernde Zeiten. Aber: Es er\u00f6ffnen sich auch neue Chancen. Welche M\u00f6glichkeiten sich international bieten und mit welchen Strategien sich deutsche Unternehmen weltweit behaupten k\u00f6nnen \u2013 diese Fragen standen im Mittelpunkt des 13. Au\u00dfenwirtschaftstag NRW im Borussia Park in M\u00f6nchengladbach. Fast 1.000 [&hellip;]<\/p>\n","protected":false},"author":3,"featured_media":6224,"comment_status":"closed","ping_status":"closed","sticky":false,"template":"","format":"standard","meta":{"_et_pb_use_builder":"","_et_pb_old_content":"","_et_gb_content_width":"","footnotes":""},"categories":[1],"tags":[],"class_list":["post-6223","post","type-post","status-publish","format-standard","has-post-thumbnail","hentry","category-allgemein"],"_links":{"self":[{"href":"https:\/\/standort-niederrhein.de\/en\/wp-json\/wp\/v2\/posts\/6223","targetHints":{"allow":["GET"]}}],"collection":[{"href":"https:\/\/standort-niederrhein.de\/en\/wp-json\/wp\/v2\/posts"}],"about":[{"href":"https:\/\/standort-niederrhein.de\/en\/wp-json\/wp\/v2\/types\/post"}],"author":[{"embeddable":true,"href":"https:\/\/standort-niederrhein.de\/en\/wp-json\/wp\/v2\/users\/3"}],"replies":[{"embeddable":true,"href":"https:\/\/standort-niederrhein.de\/en\/wp-json\/wp\/v2\/comments?post=6223"}],"version-history":[{"count":1,"href":"https:\/\/standort-niederrhein.de\/en\/wp-json\/wp\/v2\/posts\/6223\/revisions"}],"predecessor-version":[{"id":6225,"href":"https:\/\/standort-niederrhein.de\/en\/wp-json\/wp\/v2\/posts\/6223\/revisions\/6225"}],"wp:featuredmedia":[{"embeddable":true,"href":"https:\/\/standort-niederrhein.de\/en\/wp-json\/wp\/v2\/media\/6224"}],"wp:attachment":[{"href":"https:\/\/standort-niederrhein.de\/en\/wp-json\/wp\/v2\/media?parent=6223"}],"wp:term":[{"taxonomy":"category","embeddable":true,"href":"https:\/\/standort-niederrhein.de\/en\/wp-json\/wp\/v2\/categories?post=6223"},{"taxonomy":"post_tag","embeddable":true,"href":"https:\/\/standort-niederrhein.de\/en\/wp-json\/wp\/v2\/tags?post=6223"}],"curies":[{"name":"wp","href":"https:\/\/api.w.org\/{rel}","templated":true}]}}