{"id":6220,"date":"2025-07-01T06:00:00","date_gmt":"2025-07-01T04:00:00","guid":{"rendered":"https:\/\/invest-in-niederrhein.de\/?p=6220"},"modified":"2025-06-27T13:22:37","modified_gmt":"2025-06-27T11:22:37","slug":"mietspiegel-mieten-in-krefeld-um-zehn-prozent-angestiegen","status":"publish","type":"post","link":"https:\/\/standort-niederrhein.de\/en\/2025\/07\/01\/mietspiegel-mieten-in-krefeld-um-zehn-prozent-angestiegen\/","title":{"rendered":"Mietspiegel : Mieten in Krefeld um zehn Prozent angestiegen"},"content":{"rendered":"\n<p>Krefeld. Die Mieten in Krefeld sind seit der Ver\u00f6ffentlichung des Mietspiegels 2023 in den vergangenen zwei Jahren um rund zehn Prozent gestiegen. Dies geht aus dem neuen Mietspiegel f\u00fcr die Stadt Krefeld hervor, den der \u201eArbeitskreis Mietspiegel<br>2025\u201c auf Grundlage aktueller Marktentwicklungen zum 1. August ver\u00f6ffentlicht. Mit einer durchschnittlichen Miete von rund 8,70 Euro\/Quadratmeter liegt das Krefelder Mietniveau aber weiter unterhalb des f\u00fcr NRW landesweiten, ermittelten<br>Durchschnitt-Niveaus der Angebotsmieten f\u00fcr Bestandsgeb\u00e4ude.<\/p>\n\n\n\n<p>Der \u201eArbeitskreis Mietspiegel 2025\u201c besteht aus Vertretern von Haus &amp; Grund Krefeld und Niederrhein sowie des Mieterverbands Niederrhein und der Stadt Krefeld. Der Gutachterausschuss f\u00fcr Grundst\u00fcckswerte in der Stadt Krefeld wurde<br>mit einbezogen. Zur Fortschreibung des Mietspiegels haben die Akteure die Mietpreisver\u00e4nderungen der Nettokaltmieten f\u00fcr nicht preisgebundenen Wohnraum auf dem Krefelder Wohnungsmarkt im Zeitraum von August 2023 bis Mai 2025<br>systematisch untersucht. Als Grundlage verwendeten sie die Angebotsmietdatenbanken, die dargestellten Mieten im Online-Fragebogen des Beteiligungsportals NRW, Daten von Wohnungsgesellschaften sowie die Mietpreisdatenbank des Gutachterausschusses f\u00fcr Grundst\u00fcckswerte in der Stadt Krefeld.<\/p>\n\n\n\n<p>Der neue Mietspiegel ist ab 1. August als kostenloser Download auf der <a href=\"http:\/\/www.krefeld.de\/mietspiegel2025\">Webseite<\/a> der Stadt Krefeld abrufbar. Der n\u00e4chste Mietspiegel f\u00fcr die Stadt Krefeld soll zum 1. August 2027 herausgegeben werden.<\/p>\n\n\n\n<p>Quelle: <a href=\"http:\/\/www.krefeld.de\">Stadt Krefeld<\/a><\/p>\n","protected":false},"excerpt":{"rendered":"<p>Krefeld. Die Mieten in Krefeld sind seit der Ver\u00f6ffentlichung des Mietspiegels 2023 in den vergangenen zwei Jahren um rund zehn Prozent gestiegen. Dies geht aus dem neuen Mietspiegel f\u00fcr die Stadt Krefeld hervor, den der \u201eArbeitskreis Mietspiegel2025\u201c auf Grundlage aktueller Marktentwicklungen zum 1. August ver\u00f6ffentlicht. Mit einer durchschnittlichen Miete von rund 8,70 Euro\/Quadratmeter liegt das [&hellip;]<\/p>\n","protected":false},"author":3,"featured_media":0,"comment_status":"closed","ping_status":"closed","sticky":false,"template":"","format":"standard","meta":{"_et_pb_use_builder":"","_et_pb_old_content":"","_et_gb_content_width":"","footnotes":""},"categories":[1],"tags":[],"class_list":["post-6220","post","type-post","status-publish","format-standard","hentry","category-allgemein"],"_links":{"self":[{"href":"https:\/\/standort-niederrhein.de\/en\/wp-json\/wp\/v2\/posts\/6220","targetHints":{"allow":["GET"]}}],"collection":[{"href":"https:\/\/standort-niederrhein.de\/en\/wp-json\/wp\/v2\/posts"}],"about":[{"href":"https:\/\/standort-niederrhein.de\/en\/wp-json\/wp\/v2\/types\/post"}],"author":[{"embeddable":true,"href":"https:\/\/standort-niederrhein.de\/en\/wp-json\/wp\/v2\/users\/3"}],"replies":[{"embeddable":true,"href":"https:\/\/standort-niederrhein.de\/en\/wp-json\/wp\/v2\/comments?post=6220"}],"version-history":[{"count":1,"href":"https:\/\/standort-niederrhein.de\/en\/wp-json\/wp\/v2\/posts\/6220\/revisions"}],"predecessor-version":[{"id":6221,"href":"https:\/\/standort-niederrhein.de\/en\/wp-json\/wp\/v2\/posts\/6220\/revisions\/6221"}],"wp:attachment":[{"href":"https:\/\/standort-niederrhein.de\/en\/wp-json\/wp\/v2\/media?parent=6220"}],"wp:term":[{"taxonomy":"category","embeddable":true,"href":"https:\/\/standort-niederrhein.de\/en\/wp-json\/wp\/v2\/categories?post=6220"},{"taxonomy":"post_tag","embeddable":true,"href":"https:\/\/standort-niederrhein.de\/en\/wp-json\/wp\/v2\/tags?post=6220"}],"curies":[{"name":"wp","href":"https:\/\/api.w.org\/{rel}","templated":true}]}}