{"id":6209,"date":"2025-06-28T07:00:00","date_gmt":"2025-06-28T05:00:00","guid":{"rendered":"https:\/\/invest-in-niederrhein.de\/?p=6209"},"modified":"2025-06-27T10:54:08","modified_gmt":"2025-06-27T08:54:08","slug":"der-firmenmix-im-tzn-ist-in-den-vergangenen-monaten-noch-vielfaeltger-geworden","status":"publish","type":"post","link":"https:\/\/standort-niederrhein.de\/en\/2025\/06\/28\/der-firmenmix-im-tzn-ist-in-den-vergangenen-monaten-noch-vielfaeltger-geworden\/","title":{"rendered":"Der Firmenmix im TZN ist in den vergangenen Monaten noch vielf\u00e4ltiger geworden"},"content":{"rendered":"\n<p>Kreis Viersen. Es ist \u00e4rgerlich und kommt deutschlandweit tausende Male am Tag vor: Lackkratzer, Parkdellen,<br>zerkratze Felgen oder Hagel- und Sturmsch\u00e4den am Auto. Auch Polster und Kunststoff im Innenraum werden h\u00e4ufig in Mitleidenschaft gezogen. Die Beseitigung solcher Sch\u00e4den ist das Gesch\u00e4ftsmodell von Smart Pro NRW. Seit Anfang des Jahres hat das Unternehmen seinen Sitz im Technologie- und Gr\u00fcnderzentrum Niederrhein (TZN) in Kempen. \u201eWir sind auf sogenannte Smart Repair-Dienstleistungen spezialisiert\u201c, erkl\u00e4rt Gesch\u00e4tssf\u00fchrer Tiago Teixeira, Jahrgang 1991, aus Wachtendonk. \u201eUnser Ziel ist es, Autos wieder wie neu aussehen zu lassen, ohne dass ganze Teile ausgetauscht werden m\u00fcssen. Viele Reparaturen erledigen wir sogar mobil beim Kunden vor Ort \u2013 das spart Zeit und Geld.\u201c Das Unternehmen besch\u00e4ftigt derzeit 37 Mitarbeiter, darunter mehrere Smart-Repair- und Dellentechniker im Au\u00dfendienst. \u201eDas TZN bietet nicht nur eine moderne Infrastruktur, sondern auch hervorragende Netzwerkm\u00f6glichkeiten mit anderen Unternehmen aus der Region. Die N\u00e4he zu potenziellen Partnern, innovativen Ideen und die Unterst\u00fctzung f\u00fcr wachstumsorientierte Betriebe waren f\u00fcr uns entscheidende Gr\u00fcnde f\u00fcr den Einzug\u201c, so der Gr\u00fcnder. Weitere Standorte befinden sich in Essen, Duisburg, Darmstadt und Bayreuth. \u201eIn vier weiteren St\u00e4dten wollen wir noch in diesem Jahr an den Start gehen.\u201c<\/p>\n\n\n\n<p>Seit knapp einem Jahr ist die Steinbacher Werkzeugmaschinen GmbH am Industriering Ost 66 ans\u00e4ssig: \u201eWir haben einen repr\u00e4sentativen Firmensitz in Wohnortn\u00e4he gesucht \u2013 und mit dem TZN gefunden\u201c, sagt Gesch\u00e4ftsf\u00fchrer Moritz Steinbacher (38), der in Kempen wohnt. Das Unternehmen handelt weltweit mit gebrauchten Maschinen und Anlagen. \u201eDabei fokussieren<br>wir uns vor allem auf Maschinen f\u00fcr die Metallbearbeitung. Mit mehr als 15 Jahren Erfahrung im Gebrauchtmaschinenmarkt verf\u00fcgen wir \u00fcber die n\u00f6tige Expertise und sind im Markt bestens vernetzt.\u201c Moritz Steinbacher schildert ein typisches Beispiel: \u201eWenn der Inhaber eines Betriebs aus Altersgr\u00fcnden aufgibt, kaufen wir s\u00e4mtliche Maschinen und Betriebseinrichtungen zum Festpreis und garantieren eine reibungslose Abwicklung inklusive besenreiner Halle zum<br>vereinbarten Termin. Der Zeitfaktor ist hier besonders wichtig, da in aller Regel eine Nachnutzung der Hallen zu einem bestimmten Termin geplant ist.\u201c Nachhaltigkeit spiele bei diesem Gesch\u00e4ftsmodell eine zentrale Rolle: \u201eDurch die Wiederverwendung von Maschinen wird nicht nur der Lebenszyklus verl\u00e4ngert, sondern es werden auch wertvolle Ressourcen<br>eingespart und die CO2-Emissionen gesenkt.\u201c Das Unternehmen will seine Marktposition kontinuierlich ausbauen. <\/p>\n\n\n\n<p>Das Start-up DigiCura, ebenfalls mit B\u00fcro im TZN, befindet sich derzeit in der Testphase ihres Flaggschiffs Curamigo, einer \u201eApp, welche die Arbeit von Unternehmen und Organisationen im Bereich der Schulbegleitung erheblich erleichtern soll\u201c, erkl\u00e4rt der in Kempen wohnende Gesch\u00e4ftsf\u00fchrer Christoph Husberg (35). \u201eF\u00fcr die kommenden Jahre planen wir den Ausbau der App mit neuen Funktionalit\u00e4ten sowie weitere Produkte, welche die App zu einem umfassenden \u00d6kosystem erweitern, etwa zur vereinfachten Rechnungslegung und zur Kommunikation mit \u00c4mtern.\u201c Der Dienstleister DigiCura entwickelt Softwarel\u00f6sungen zur Anwendung im sozialen Bereich, wie der Kinder- und Jugendhilfe. \u201eWir m\u00f6chten Anbietern sozialer Dienstleistungen helfen, ihre Arbeit effizienter und sicherer zu gestalten\u201c, so Michael Gajda (39), einer der Gesellschafter. Am TZN sch\u00e4tzt das junge Unternehmen neben der attraktiven Ausstattung die M\u00f6glichkeit, mit anderen Gr\u00fcndern und Unternehmern in den Austausch zu kommen. \u201eVor allem der Kontakt mit anderen Unternehmen im IT-Bereich ist f\u00fcr<br>uns sehr spannend\u201c, sagt Husberg. \u201eDie M\u00f6glichkeit, bei Bedarf Tagungs- und Konferenzr\u00e4ume zu mieten, ist ein weiterer Standortvorteil f\u00fcr unser wachsendes Unternehmen.\u201c<\/p>\n\n\n\n<p>Quelle: <a href=\"https:\/\/tzniederrhein.de\/\">Technologie- und Gr\u00fcnderzentrum Niederrhein GmbH<\/a><\/p>\n\n\n<figure class=\"wp-block-post-featured-image\"><img loading=\"lazy\" decoding=\"async\" width=\"2048\" height=\"1374\" src=\"https:\/\/standort-niederrhein.de\/wp-content\/uploads\/2025\/06\/Foto_DigiCura_Team.jpg\" class=\"attachment-post-thumbnail size-post-thumbnail wp-post-image\" alt=\"\" style=\"object-fit:cover;\" srcset=\"https:\/\/standort-niederrhein.de\/wp-content\/uploads\/2025\/06\/Foto_DigiCura_Team.jpg 2048w, https:\/\/standort-niederrhein.de\/wp-content\/uploads\/2025\/06\/Foto_DigiCura_Team-1280x859.jpg 1280w, https:\/\/standort-niederrhein.de\/wp-content\/uploads\/2025\/06\/Foto_DigiCura_Team-980x657.jpg 980w, https:\/\/standort-niederrhein.de\/wp-content\/uploads\/2025\/06\/Foto_DigiCura_Team-480x322.jpg 480w\" sizes=\"(min-width: 0px) and (max-width: 480px) 480px, (min-width: 481px) and (max-width: 980px) 980px, (min-width: 981px) and (max-width: 1280px) 1280px, (min-width: 1281px) 2048px, 100vw\" \/><\/figure>\n\n\n<p>Das Team von DigiCura f\u00fchlt sich sehr wohl im TZN: (v.l.) Benjamin Harich, Simon Domke, Christoph<br>Husberg und Michael Gajda. | Foto: DigiCura<\/p>\n","protected":false},"excerpt":{"rendered":"<p>Kreis Viersen. Es ist \u00e4rgerlich und kommt deutschlandweit tausende Male am Tag vor: Lackkratzer, Parkdellen,zerkratze Felgen oder Hagel- und Sturmsch\u00e4den am Auto. Auch Polster und Kunststoff im Innenraum werden h\u00e4ufig in Mitleidenschaft gezogen. Die Beseitigung solcher Sch\u00e4den ist das Gesch\u00e4ftsmodell von Smart Pro NRW. Seit Anfang des Jahres hat das Unternehmen seinen Sitz im Technologie- [&hellip;]<\/p>\n","protected":false},"author":3,"featured_media":6210,"comment_status":"closed","ping_status":"closed","sticky":false,"template":"","format":"standard","meta":{"_et_pb_use_builder":"","_et_pb_old_content":"","_et_gb_content_width":"","footnotes":""},"categories":[1],"tags":[],"class_list":["post-6209","post","type-post","status-publish","format-standard","has-post-thumbnail","hentry","category-allgemein"],"_links":{"self":[{"href":"https:\/\/standort-niederrhein.de\/en\/wp-json\/wp\/v2\/posts\/6209","targetHints":{"allow":["GET"]}}],"collection":[{"href":"https:\/\/standort-niederrhein.de\/en\/wp-json\/wp\/v2\/posts"}],"about":[{"href":"https:\/\/standort-niederrhein.de\/en\/wp-json\/wp\/v2\/types\/post"}],"author":[{"embeddable":true,"href":"https:\/\/standort-niederrhein.de\/en\/wp-json\/wp\/v2\/users\/3"}],"replies":[{"embeddable":true,"href":"https:\/\/standort-niederrhein.de\/en\/wp-json\/wp\/v2\/comments?post=6209"}],"version-history":[{"count":2,"href":"https:\/\/standort-niederrhein.de\/en\/wp-json\/wp\/v2\/posts\/6209\/revisions"}],"predecessor-version":[{"id":6217,"href":"https:\/\/standort-niederrhein.de\/en\/wp-json\/wp\/v2\/posts\/6209\/revisions\/6217"}],"wp:featuredmedia":[{"embeddable":true,"href":"https:\/\/standort-niederrhein.de\/en\/wp-json\/wp\/v2\/media\/6210"}],"wp:attachment":[{"href":"https:\/\/standort-niederrhein.de\/en\/wp-json\/wp\/v2\/media?parent=6209"}],"wp:term":[{"taxonomy":"category","embeddable":true,"href":"https:\/\/standort-niederrhein.de\/en\/wp-json\/wp\/v2\/categories?post=6209"},{"taxonomy":"post_tag","embeddable":true,"href":"https:\/\/standort-niederrhein.de\/en\/wp-json\/wp\/v2\/tags?post=6209"}],"curies":[{"name":"wp","href":"https:\/\/api.w.org\/{rel}","templated":true}]}}