{"id":6202,"date":"2025-06-26T10:00:00","date_gmt":"2025-06-26T08:00:00","guid":{"rendered":"https:\/\/invest-in-niederrhein.de\/?p=6202"},"modified":"2025-06-26T12:47:34","modified_gmt":"2025-06-26T10:47:34","slug":"verbund-regionen-nrw-im-austausch-mit-bundestagsabgeordneten-aus-nrw-in-berlin","status":"publish","type":"post","link":"https:\/\/standort-niederrhein.de\/en\/2025\/06\/26\/verbund-regionen-nrw-im-austausch-mit-bundestagsabgeordneten-aus-nrw-in-berlin\/","title":{"rendered":"Verbund regionen.NRW im Austausch mit Bundestagsabgeordneten aus NRW in Berlin"},"content":{"rendered":"\n<p>Der Verbund regionen.NRW, Zusammenschluss der neun regionalen Entwicklungsorganisationen in Nordrhein-Westfalen und der Zukunftsagentur Rheinisches Revier, traf sich in Berlin mit rund 30 Mitgliedern des Bundestags aus NRW zum politischen Austausch. Ziel war es, zentrale regionalpolitische Anliegen sichtbar zu machen und in den politischen Diskurs einzubringen. Im Mittelpunkt standen Themen wie die Ausgestaltung der zuk\u00fcnftigen EU-Koh\u00e4sionspolitik, die Reform der Gemeinschaftsaufgabe \u201eVerbesserung der regionalen Wirtschaftsstruktur\u201c (GRW) sowie die aktuellen F\u00f6rderstrategien f\u00fcr den Infrastrukturausbau in strukturell unterschiedlichen Regionen.<\/p>\n\n\n\n<p>Nach einer kurzen Vorstellung des Verbunds fand eine intensive Fachdiskussion statt. So sollten konkrete Impulse aus der regionalen Praxis in laufende politische Reformprozesse auf Bundes- und EU-Ebene eingebracht werden. Dabei pl\u00e4dierten die Vertreterinnen und Vertreter des Verbunds unter anderem f\u00fcr eine fl\u00e4chendeckende F\u00f6rderf\u00e4higkeit aller Regionen sowie f\u00fcr eine konsequente Umsetzung des Partnerschaftsprinzips.<\/p>\n\n\n\n<p>Frau Anne K\u00f6nig, MdB, dankte f\u00fcr die Perspektive aus der Praxis: \u201eStarke Regionen sind das R\u00fcckgrat einer zukunftsf\u00e4higen Bundesrepublik. Der Austausch mit dem Verbund regionen.NRW zeigt, wie wichtig die enge Zusammenarbeit zwischen Politik und regionalen Akteuren f\u00fcr die St\u00e4rkung des gegenseitigen Verst\u00e4ndnisses ist und um F\u00f6rderpolitik praxisnah und passgenau weiterzuentwickeln und nachhaltige Entwicklungsperspektiven in allen Landesteilen zu sichern.\u201c<\/p>\n\n\n\n<p>Am Abend pr\u00e4sentierte sich der Verbund dar\u00fcber hinaus im Rahmen des NRW-Sommerfests der Landesvertretung mit einem eigenen Stand mit regionalen Spezialit\u00e4ten. Rund 1500 G\u00e4ste aus Politik, Wirtschaft, Wissenschaft und Medien nahmen an der Veranstaltung teil.<\/p>\n\n\n\n<p>Ministerpr\u00e4sident Hendrik W\u00fcst er\u00f6ffnete das Fest offiziell und hob in seiner Ansprache die demokratischen Errungenschaften des Landes hervor, das in diesem Jahr das 75. Jubil\u00e4um der Landesverfassung feiert. In festlicher Atmosph\u00e4re bot die Veranstaltung Raum f\u00fcr neue Kontakte, politische Gespr\u00e4che und den Austausch \u00fcber zentrale Zukunftsfragen.<\/p>\n\n\n\n<p>Der gemeinsame Auftritt der Regionen im Verbund \u201eregionen.NRW\u201c unterstreicht das Ziel, sich gemeinsam gegen\u00fcber Land, Bund und EU zu positionieren und die St\u00e4rken der Regionen geb\u00fcndelt sichtbar zu machen. Der Zusammenschluss besteht seit 2013 und vereint folgende Partner: Zukunftsagentur Rheinisches Revier sowie die neun regionalen Managementorganisationen Region Aachen \u2013 Zweckverband, Bergische Struktur- und Wirtschaftsf\u00f6rderungsgesellschaft mbH, Regionalmanagement D\u00fcsseldorf\/Kreis Mettmann, Region K\u00f6ln\/Bonn e.V., M\u00fcnsterland e.V., Standort Niederrhein GmbH, OstWestfalenLippe GmbH, Regionalverband Ruhr und die S\u00fcdwestfalen Agentur GmbH.<\/p>\n\n\n\n<p>Quelle: <a href=\"http:\/\/www.regione.nrw\">regionen.NRW<\/a><\/p>\n\n\n<figure class=\"wp-block-post-featured-image\"><img loading=\"lazy\" decoding=\"async\" width=\"2560\" height=\"1703\" src=\"https:\/\/standort-niederrhein.de\/wp-content\/uploads\/2025\/06\/2025-06-25-Sommerfest-NRW-4312-scaled.jpg\" class=\"attachment-post-thumbnail size-post-thumbnail wp-post-image\" alt=\"\" style=\"object-fit:cover;\" srcset=\"https:\/\/standort-niederrhein.de\/wp-content\/uploads\/2025\/06\/2025-06-25-Sommerfest-NRW-4312-scaled.jpg 2560w, https:\/\/standort-niederrhein.de\/wp-content\/uploads\/2025\/06\/2025-06-25-Sommerfest-NRW-4312-1280x852.jpg 1280w, https:\/\/standort-niederrhein.de\/wp-content\/uploads\/2025\/06\/2025-06-25-Sommerfest-NRW-4312-980x652.jpg 980w, https:\/\/standort-niederrhein.de\/wp-content\/uploads\/2025\/06\/2025-06-25-Sommerfest-NRW-4312-480x319.jpg 480w\" sizes=\"(min-width: 0px) and (max-width: 480px) 480px, (min-width: 481px) and (max-width: 980px) 980px, (min-width: 981px) and (max-width: 1280px) 1280px, (min-width: 1281px) 2560px, 100vw\" \/><\/figure>\n\n\n<p>Teilnehmende des NRW-Sommerfestes in Berlin | Foto: regionen.NRW\/ Bernd Wannenmacher<br><br><\/p>\n","protected":false},"excerpt":{"rendered":"<p>Der Verbund regionen.NRW, Zusammenschluss der neun regionalen Entwicklungsorganisationen in Nordrhein-Westfalen und der Zukunftsagentur Rheinisches Revier, traf sich in Berlin mit rund 30 Mitgliedern des Bundestags aus NRW zum politischen Austausch. Ziel war es, zentrale regionalpolitische Anliegen sichtbar zu machen und in den politischen Diskurs einzubringen. Im Mittelpunkt standen Themen wie die Ausgestaltung der zuk\u00fcnftigen EU-Koh\u00e4sionspolitik, [&hellip;]<\/p>\n","protected":false},"author":3,"featured_media":6203,"comment_status":"closed","ping_status":"closed","sticky":false,"template":"","format":"standard","meta":{"_et_pb_use_builder":"","_et_pb_old_content":"","_et_gb_content_width":"","footnotes":""},"categories":[1],"tags":[],"class_list":["post-6202","post","type-post","status-publish","format-standard","has-post-thumbnail","hentry","category-allgemein"],"_links":{"self":[{"href":"https:\/\/standort-niederrhein.de\/en\/wp-json\/wp\/v2\/posts\/6202","targetHints":{"allow":["GET"]}}],"collection":[{"href":"https:\/\/standort-niederrhein.de\/en\/wp-json\/wp\/v2\/posts"}],"about":[{"href":"https:\/\/standort-niederrhein.de\/en\/wp-json\/wp\/v2\/types\/post"}],"author":[{"embeddable":true,"href":"https:\/\/standort-niederrhein.de\/en\/wp-json\/wp\/v2\/users\/3"}],"replies":[{"embeddable":true,"href":"https:\/\/standort-niederrhein.de\/en\/wp-json\/wp\/v2\/comments?post=6202"}],"version-history":[{"count":3,"href":"https:\/\/standort-niederrhein.de\/en\/wp-json\/wp\/v2\/posts\/6202\/revisions"}],"predecessor-version":[{"id":6206,"href":"https:\/\/standort-niederrhein.de\/en\/wp-json\/wp\/v2\/posts\/6202\/revisions\/6206"}],"wp:featuredmedia":[{"embeddable":true,"href":"https:\/\/standort-niederrhein.de\/en\/wp-json\/wp\/v2\/media\/6203"}],"wp:attachment":[{"href":"https:\/\/standort-niederrhein.de\/en\/wp-json\/wp\/v2\/media?parent=6202"}],"wp:term":[{"taxonomy":"category","embeddable":true,"href":"https:\/\/standort-niederrhein.de\/en\/wp-json\/wp\/v2\/categories?post=6202"},{"taxonomy":"post_tag","embeddable":true,"href":"https:\/\/standort-niederrhein.de\/en\/wp-json\/wp\/v2\/tags?post=6202"}],"curies":[{"name":"wp","href":"https:\/\/api.w.org\/{rel}","templated":true}]}}