{"id":6187,"date":"2025-06-28T06:00:00","date_gmt":"2025-06-28T04:00:00","guid":{"rendered":"https:\/\/invest-in-niederrhein.de\/?p=6187"},"modified":"2025-06-25T09:28:07","modified_gmt":"2025-06-25T07:28:07","slug":"erste-stiftungsprofessur-am-campus-kamp-lintfort-der-hochschule-rhein-waal","status":"publish","type":"post","link":"https:\/\/standort-niederrhein.de\/en\/2025\/06\/28\/erste-stiftungsprofessur-am-campus-kamp-lintfort-der-hochschule-rhein-waal\/","title":{"rendered":"Erste Stiftungsprofessur am Campus Kamp-Lintfort der Hochschule Rhein-Waal"},"content":{"rendered":"\n<p><strong>Kamp-Lintfort.<\/strong> Mit einem bedeutenden Beitrag zur St\u00e4rkung des Wissenschafts- und Innovationsstandorts Niederrhein Kreis Wesel wurde am Montag an der Hochschule Rhein-Waal die Heinz Trox-Stiftungsprofessur f\u00fcr Angewandte K\u00fcnstliche Intelligenz (KI) offiziell auf den Weg gebracht. Die Heinz Trox-Stiftung wird in den n\u00e4chsten f\u00fcnf Jahren jeweils 200.000 Euro f\u00fcr die Stiftungsprofessur zur Verf\u00fcgung stellen und diese damit vollst\u00e4ndig finanzieren. Die Professur wird an der Fakult\u00e4t Kommunikation und Umwelt am Campus Kamp-Lintfort verankert und dort nach den f\u00fcnf Jahren von der Hochschule fortgef\u00fchrt.<\/p>\n\n\n\n<p>Sie ist der erste \u00f6ffentliche Schritt einer strategischen Initiative mit der Landrat Ingo Brohl, Hochschulpr\u00e4sident Prof. Dr. Oliver Locker-Gr\u00fctjen und der Leiter der EntwicklungsAgentur Wirtschaft Lukas H\u00e4hnel gemeinsam eine verst\u00e4rkte Verzahnung der Hochschule mit der Wirtschaft im Kreis Wesel ansto\u00dfen. Im Rahmen des Hochschulentwicklungsplans, und mit Blick auf die geplante Gr\u00fcndung eines Europ\u00e4ischen Zentrums f\u00fcr Nachhaltigkeitstransformation und Teilhabe (EUZENT), soll die Rolle der Hochschule als Impulsgeberin f\u00fcr nachhaltige Entwicklung, Digitalisierung und Innovationsf\u00f6rderung weiter ausgebaut werden und damit die Weiterentwicklung der Wirtschaft und deren Transformation unterst\u00fctzen.<\/p>\n\n\n\n<p><strong>Starkes Zeichen f\u00fcr regionale Verantwortung<\/strong><br>\u201eDie erste Stiftungsprofessur im Kreis Wesel, die durch die Heinz Trox-Stiftung erm\u00f6glicht wird, ist ein exzellenter weiterer Schritt f\u00fcr unsere Positionierung als dynamischer Standort im Zentrum von Rheinland, Ruhrgebiet, den Niederlanden und dem westlichen M\u00fcnsterland. Neben den massiven Investitionen des Kreises Wesel in die Berufsschulen ist die Fortf\u00fchrung der guten Entwicklung unserer Hochschule Rhein-Waal wesentlich f\u00fcr die Fachkr\u00e4ftesicherung und f\u00fcr zus\u00e4tzliche Entwicklungs- und Transformationsimpulse f\u00fcr unsere heimische Wirtschaft. Daher freue ich mich sehr \u00fcber das au\u00dferordentlich starke auch finanzielle Bekenntnis aus der heimischen Wirtschaft zu unserer Hochschule Rhein-Waal und unserer strategischen Initiative\u201c, betonte Landrat Ingo Brohl bei der feierlichen Vertragsunterzeichnung in der Villa Kellermann.<\/p>\n\n\n\n<p>Hochschulpr\u00e4sident Prof. Dr. Oliver Locker-Gr\u00fctjen hob hervor: \u201eK\u00fcnstliche Intelligenz wird eine Schl\u00fcsseltechnologie f\u00fcr eine zukunftsf\u00e4hige Gesellschaft sein. Dass diese Professur mit Unterst\u00fctzung aus der Region realisiert werden kann, ist ein starkes Signal \u2013 und Ausdruck unserer engen Partnerschaft mit regionalen Akteuren.\u201c<\/p>\n\n\n\n<p><strong>KI trifft Umwelt und Kommunikation<\/strong><br>Mit der neuen Heinz Trox-Stiftungsprofessur f\u00fcr Angewandte K\u00fcnstliche Intelligenz setzt die Hochschule Rhein-Waal gemeinsam mit regionalen Partnern ein starkes Zeichen:\u00a0<\/p>\n\n\n\n<p>F\u00fcr exzellente Forschung, praxisnahe Lehre und eine innovationsgetriebene Transformation am Standort Niederrhein.<\/p>\n\n\n\n<p><strong>Engagement der Heinz Trox-Stiftung<\/strong><br>Paul Schwarz, Vorstand der Heinz Trox-Stiftung, betonte die Zielsetzung der F\u00f6rderung: \u201eMit der Stiftungsprofessur f\u00fcr Angewandte K\u00fcnstliche Intelligenz st\u00e4rken wir gezielt Innovation und Nachhaltigkeit im Niederrhein Kreis Wesel, im Geiste unseres Stifters und im Schulterschluss mit Wissenschaft und Wirtschaft. Wir stehen klar hinter der Idee von EUZENT und wollen aktiv zur Entwicklung eines europ\u00e4ischen Zentrums f\u00fcr Nachhaltigkeitstransformation in unserer Region beitragen.\u201c<\/p>\n\n\n\n<p>Die Heinz Trox-Stiftung, benannt nach dem Unternehmer Heinz Trox, verfolgt das Ziel, Wissenschaft, Forschung und Bildung in zukunftsweisenden Feldern zu st\u00e4rken. Mit ihrem Engagement f\u00fcr die Professur f\u00fcr Angewandte K\u00fcnstliche Intelligenz an der Hochschule Rhein-Waal setzt die Stiftung ein nachhaltiges Zeichen f\u00fcr die F\u00f6rderung technologischer Exzellenz und gesellschaftlicher Verantwortung im Niederrhein Kreis Wesel.<\/p>\n\n\n\n<p><strong>Feierlicher Rahmen mit starken Partnern<\/strong><br>Nach Gru\u00dfworten von Hochschulpr\u00e4sident Prof. Dr. Oliver Locker-Gr\u00fctjen, Landrat Ingo Brohl, Dekan Prof. Dr. Klaus Hegemann, Lukas H\u00e4hnel (Leiter der EntwicklungsAgentur Wirtschaft, Kreis Wesel) \u00a0Christine Ro\u00dfkothen (Heinz Trox-Stiftung) und Paul Schwarz (Heinz Trox-Stiftung) wurde der Kooperationsvertrag offiziell unterzeichnet. Mit der Heinz Trox-Stiftungsprofessur f\u00fcr Angewandte K\u00fcnstliche Intelligenz an der Hochschule Rhein-Waal wird die erste Stiftungsprofessur im Kreis Wesel eingerichtet.<\/p>\n\n\n\n<p>Quelle: <a href=\"https:\/\/www.kreis-wesel.de\/aktuelles\/presse\/erste-stiftungsprofessur-am-campus-kamp-lintfort-der-hochschule-rhein-waal\">Kreis Wesel<\/a><\/p>\n\n\n<figure class=\"wp-block-post-featured-image\"><img loading=\"lazy\" decoding=\"async\" width=\"1920\" height=\"1281\" src=\"https:\/\/standort-niederrhein.de\/wp-content\/uploads\/2025\/06\/p14406_sig_trox_stiftungsprofessurchsrw_anja_peters_d818304.jpg\" class=\"attachment-post-thumbnail size-post-thumbnail wp-post-image\" alt=\"\" style=\"object-fit:cover;\" srcset=\"https:\/\/standort-niederrhein.de\/wp-content\/uploads\/2025\/06\/p14406_sig_trox_stiftungsprofessurchsrw_anja_peters_d818304.jpg 1920w, https:\/\/standort-niederrhein.de\/wp-content\/uploads\/2025\/06\/p14406_sig_trox_stiftungsprofessurchsrw_anja_peters_d818304-1280x854.jpg 1280w, https:\/\/standort-niederrhein.de\/wp-content\/uploads\/2025\/06\/p14406_sig_trox_stiftungsprofessurchsrw_anja_peters_d818304-980x654.jpg 980w, https:\/\/standort-niederrhein.de\/wp-content\/uploads\/2025\/06\/p14406_sig_trox_stiftungsprofessurchsrw_anja_peters_d818304-480x320.jpg 480w\" sizes=\"(min-width: 0px) and (max-width: 480px) 480px, (min-width: 481px) and (max-width: 980px) 980px, (min-width: 981px) and (max-width: 1280px) 1280px, (min-width: 1281px) 1920px, 100vw\" \/><\/figure>\n\n\n<p>Von links: Leiter EntwicklungsAgentur Wirtschaft, Lukas H\u00e4hnel, Hochschulpr\u00e4sident Prof. Dr. Oliver Locker-Gr\u00fctjen, Landrat Kreis Wesel Ingo Brohl, Paul Schwarz (Heinz Trox-Stiftung), Christine Ro\u00dfkothen (Heinz Trox-Stiftung) und Dekan Prof. Dr. Klaus Hegemann | Foto: HSRW \/ Anja Peters<\/p>\n","protected":false},"excerpt":{"rendered":"<p>Kamp-Lintfort. Mit einem bedeutenden Beitrag zur St\u00e4rkung des Wissenschafts- und Innovationsstandorts Niederrhein Kreis Wesel wurde am Montag an der Hochschule Rhein-Waal die Heinz Trox-Stiftungsprofessur f\u00fcr Angewandte K\u00fcnstliche Intelligenz (KI) offiziell auf den Weg gebracht. Die Heinz Trox-Stiftung wird in den n\u00e4chsten f\u00fcnf Jahren jeweils 200.000 Euro f\u00fcr die Stiftungsprofessur zur Verf\u00fcgung stellen und diese damit [&hellip;]<\/p>\n","protected":false},"author":3,"featured_media":6188,"comment_status":"closed","ping_status":"closed","sticky":false,"template":"","format":"standard","meta":{"_et_pb_use_builder":"","_et_pb_old_content":"","_et_gb_content_width":"","footnotes":""},"categories":[1],"tags":[],"class_list":["post-6187","post","type-post","status-publish","format-standard","has-post-thumbnail","hentry","category-allgemein"],"_links":{"self":[{"href":"https:\/\/standort-niederrhein.de\/en\/wp-json\/wp\/v2\/posts\/6187","targetHints":{"allow":["GET"]}}],"collection":[{"href":"https:\/\/standort-niederrhein.de\/en\/wp-json\/wp\/v2\/posts"}],"about":[{"href":"https:\/\/standort-niederrhein.de\/en\/wp-json\/wp\/v2\/types\/post"}],"author":[{"embeddable":true,"href":"https:\/\/standort-niederrhein.de\/en\/wp-json\/wp\/v2\/users\/3"}],"replies":[{"embeddable":true,"href":"https:\/\/standort-niederrhein.de\/en\/wp-json\/wp\/v2\/comments?post=6187"}],"version-history":[{"count":1,"href":"https:\/\/standort-niederrhein.de\/en\/wp-json\/wp\/v2\/posts\/6187\/revisions"}],"predecessor-version":[{"id":6189,"href":"https:\/\/standort-niederrhein.de\/en\/wp-json\/wp\/v2\/posts\/6187\/revisions\/6189"}],"wp:featuredmedia":[{"embeddable":true,"href":"https:\/\/standort-niederrhein.de\/en\/wp-json\/wp\/v2\/media\/6188"}],"wp:attachment":[{"href":"https:\/\/standort-niederrhein.de\/en\/wp-json\/wp\/v2\/media?parent=6187"}],"wp:term":[{"taxonomy":"category","embeddable":true,"href":"https:\/\/standort-niederrhein.de\/en\/wp-json\/wp\/v2\/categories?post=6187"},{"taxonomy":"post_tag","embeddable":true,"href":"https:\/\/standort-niederrhein.de\/en\/wp-json\/wp\/v2\/tags?post=6187"}],"curies":[{"name":"wp","href":"https:\/\/api.w.org\/{rel}","templated":true}]}}