{"id":6184,"date":"2025-06-26T06:00:00","date_gmt":"2025-06-26T04:00:00","guid":{"rendered":"https:\/\/invest-in-niederrhein.de\/?p=6184"},"modified":"2025-06-25T09:23:03","modified_gmt":"2025-06-25T07:23:03","slug":"rekordbeschaeftigung-und-marktbelebungder-wirtschaftsstandort-trotzte-2024-dem-trend","status":"publish","type":"post","link":"https:\/\/standort-niederrhein.de\/en\/2025\/06\/26\/rekordbeschaeftigung-und-marktbelebungder-wirtschaftsstandort-trotzte-2024-dem-trend\/","title":{"rendered":"Rekordbesch\u00e4ftigung und Marktbelebung:Der Wirtschaftsstandort trotzte 2024 dem Trend"},"content":{"rendered":"\n<p><strong>M\u00f6nchengladbach.<\/strong> Ein Zuwachs um 1.228 Arbeitspl\u00e4tze allein im Bereich Maschinenbau, ein Rekordwert bei sozialversicherungspflichtigen Besch\u00e4ftigungsverh\u00e4ltnissen, ein sp\u00fcrbarer Anstieg bei Investitionen in Gewerbe- und Logistikimmobilien und richtungsweisende neue Projekte im Nordpark: Die aktuelle Bilanz f\u00fcr den Wirtschaftsstandort M\u00f6nchengladbach kann sich sehen lassen. Ein entsprechend positives Fazit zogen die Gesch\u00e4ftsf\u00fchrung der WFMG \u2013 Wirtschaftsf\u00f6rderung M\u00f6nchengladbach GmbH und ihr Aufsichtsratsvorsitzender, Oberb\u00fcrgermeister Felix Heinrichs, bei der heutigen Jahrespressekonferenz.<\/p>\n\n\n\n<p>M\u00f6nchengladbach kann als Wirtschaftsstandort nachhaltig punkten. Das zeigt nicht zuletzt der Umzug der Zentrale der SMS group und die damit verbundene Verlagerung zahlreicher Arbeitspl\u00e4tze nach M\u00f6nchengladbach, die mit Wirkung zum dritten Quartal 2024 in die Statistik einflossen. Ein Einmaleffekt, der dann auch den Zuwachs an sozialversicherungspflichtigen Besch\u00e4ftigungsverh\u00e4ltnissen um fast 2.500 binnen eines Quartals (von 104.797 Ende Juni auf den Rekordwert von 107.258 Ende September) erkl\u00e4rt. Gegen\u00fcber dem Vorjahr darf sich M\u00f6nchengladbach somit um einen Nettozuwachs an 1.228 Arbeitspl\u00e4tzen allein im Bereich Maschinenbau freuen, \u00fcber das gesamte Verarbeitende Gewerbe hinweg liegt das Plus noch bei 715. \u201eDies bedeutet eine nachhaltige St\u00e4rkung des industriellen R\u00fcckgrats der Stadt M\u00f6nchengladbach\u201c, so Oberb\u00fcrgermeister Felix Heinrichs. \u201eRelevante Kennzahlen des Wirtschaftsstandorts verbessern sich hiermit dauerhaft. Jetzt sehen wir erstmals schwarz auf wei\u00df, wie richtig und wichtig damals das Engagement vieler Akteure war, als es darum ging, die Standortfrage bei SMS zugunsten von M\u00f6nchengladbach zu l\u00f6sen.\u201c<\/p>\n\n\n\n<p>Positive Entwicklungen also, insbesondere angesichts weiter schwieriger volkswirtschaftlicher Rahmenbedingungen. Letztere schlagen sich auch in den Arbeitslosenzahlen nieder: Ungeachtet des Allzeithochs in Sachen Besch\u00e4ftigung stehen derzeit so viele Arbeitslose in der Statistik wie zuletzt 2015. Dieses scheinbare Paradoxon ist jedoch kein Gladbach-spezifisches Ph\u00e4nomen. Die Arbeitsagentur erkl\u00e4rt es damit, dass sich die gesamte Region durch den Braunkohleausstieg in einem der gr\u00f6\u00dften Transformationsprozesse Europas befindet, der zus\u00e4tzlich zu anderen allgemeinen Ver\u00e4nderungsprozessen wie der Digitalisierung abl\u00e4uft; und dass sich Besch\u00e4ftigung in unterschiedlichen Branchen eben auch sehr unterschiedlich entwickle. Dazu kommen weitere Faktoren wie eine wachsende Einwohnerzahl der Stadt oder auch die zeitversetzte Aufnahme von Gefl\u00fcchteten in die Arbeitslosen- bzw. Besch\u00e4ftigungsstatistik.<\/p>\n\n\n\n<p>Eine leichte Wiederbelebung des Marktes konnte Dr. Ulrich Sch\u00fcckhaus, Vorsitzender der WFMG-Gesch\u00e4ftsf\u00fchrung, im Bereich Neubauprojekte verk\u00fcnden. \u201eStand 2023 noch im Zeichen einiger nicht erf\u00fcllter Bauverpflichtungen, ragen f\u00fcr mich 2024 die Vorhaben der Feies-Gruppe und der RWG Rheinland im Nordpark heraus, die beide neue Firmenzentralen errichten. Dazu kommen extrem spannende Neuansiedlungen, beispielsweise von Thrustworks am Flughafen.\u201c<\/p>\n\n\n\n<p>Unter den 52 durch die WFMG betreuten Firmenf\u00e4llen im Jahr 2024 fanden sich unter anderem acht Expansionen oder Verlagerungen, 16 Neuansiedlungen und 16 F\u00f6rderberatungen. Speziell die Strukturf\u00f6rdermittel \u00fcber das Regionale Wirtschaftsf\u00f6rderungsprogramm (RWP) blieben ein entscheidender Impulsgeber f\u00fcr private Investitionen. \u201eHier lag das Volumen 2024 zwar erstmals seit f\u00fcnf Jahren wieder unterhalb von zehn Millionen Euro\u201c, so Sch\u00fcckhaus weiter. \u201eHier wissen wir aber bereits, dass wir 2025 einen Erholungseffekt erleben werden.\u201c Dass wieder vermehrt Geld in den Markt flie\u00dft, beweise auch ein sp\u00fcrbarer Anstieg bei Transaktionen im Bereich Logistik- und Gewerbeimmobilien, der speziell im ersten Quartal 2025 augenf\u00e4llig geworden sei. \u201eHier sprechen wir von Neuvermietungen von in Summe weit \u00fcber 100.000 Quadratmetern.\u201c<\/p>\n\n\n\n<p><strong>Neue Gewerbefl\u00e4chen in der Umsetzung<\/strong><br>Ebenfalls positiv: Erstmals seit L\u00e4ngerem gehen wieder neue Gewerbegebiete und -parks in der Stadt an den Start. \u201eDie Vermarktung an der K\u00e4the-H\u00f6ffkes-Stra\u00dfe ist angelaufen, das Gewerbegebiet G\u00fcdderath-West geht in die Bauleitplanung\u201c, sagte Sch\u00fcckhaus. OB Heinrichs f\u00fcgte hinzu: \u201eDie letzten Jahre haben nicht zuletzt im Zeichen vorbereitender Planwerke gestanden \u2013 ob Nachhaltiges Gewerbefl\u00e4chenkonzept oder Wirtschaftspotenzialanalyse. Nun erleben wir nach und nach, wie die Pl\u00e4ne in konkrete Projekte zu m\u00fcnden beginnen.\u201c<\/p>\n\n\n\n<p><strong>Die Wirtschaftspotenzialanalyse als Zukunftsplan<\/strong><br>Auf dieser positiven Dynamik bei neuen Gewerbefl\u00e4chen und Unternehmens\u00ad\u00adansiedlungen baut die WFMG nun strategisch auf: Im Einklang mit der st\u00e4dtischen Gesamt\u00adstrategie richtet sich der Blick ab 2025\/26 auf die in der Potenzialanalyse definierten Zukunfts\u00ad\u00adfelder. So werden Themenfelder rund um die innovative Textil\u00ad\u00adindustrie, den smarten Maschinenbau, die Daten\u00f6konomie und die zirkul\u00e4re Wertsch\u00f6pfung zuk\u00fcnftig noch st\u00e4rker im Mittelpunkt des Handelns stehen. Leitprojekte wie die TexTech Startup Challenge, skillzUP oder die Gr\u00fcndungs\u00adfabrik M\u00f6nchengladbach zahlen bereits heute messbar auf diese Schwerpunkte ein und verankern die langfristigen Ziele im operativen Tages\u00adgesch\u00e4ft. Erste Erfolge zeigten sich etwa bereits im Fr\u00fchjahr 2025 bei der ersten TexTech Challenge, bei der sechs etablierte Unternehmen aus der Textil- und Bekleidungsindustrie gezielt mit L\u00f6sungsanbietern aus dem Startup-Bereich zusammengebracht wurden. \u201eDer Erfolg dieses Formats zeigt mir, dass der Weg, den wir eingeschlagen haben, um wirtschaftliche Innovation in Schl\u00fcsselbranchen anzusto\u00dfen und die Zukunftschancen des Wirtschaftsstandorts zu erh\u00f6hen, richtig ist\u201c, so der Oberb\u00fcrgermeister.<\/p>\n\n\n\n<p><strong>Stetige Fortschritte beim Glasfaserausbau<\/strong><br>In Sachen Glasfaserversorgung stand das Jahr 2024 im Zeichen stetigen Fortschritts. \u201eDurch verstetigte und neue Kooperationsprojekte haben wir nun eine verbindliche Ausbauplanung f\u00fcr \u00fcber 97 Prozent aller Haushalte bis 2030\u201c, sagte WFMG-Gesch\u00e4ftsf\u00fchrer Friedhelm Lange. Beim Strukturwandel-F\u00f6rderprojekt Gr\u00fcndungsfabrik wiederum seien Angebot und Nachfrage im<br>Jahresverlauf sukzessive gestiegen. \u00a0So wurden bis Ende 2024 ca. 200 Workshop-Stunden, 30 Stunden 1:1-Coachings, mehr als 40 individuelle Gr\u00fcndungsberatungen sowie ein erster Durchlauf des Formats \u201eKMU-Zukunftsschmiede\u201c angeboten. Mit messbaren Auswirkungen: Laut aktuellem IHK-Gr\u00fcndungsreport hat das M\u00f6nchengladbacher Gr\u00fcndungssaldo \u2013 eine wesentliche Kennziffer zur Bemessung des Projekterfolgs der Gr\u00fcndungsfabrik \u2013 im Jahr 2024 um 367 Unternehmen zugenommen; es wurden demnach einige Unternehmen mehr gegr\u00fcndet als noch 2023, insbesondere aber deutlich weniger abgemeldet als im Vorjahr. Man mache sich zunehmend unentbehrlich mit dem Angebots-Portfolio, ebenso beim Teilprojekt skillzUP, das auf digitales Knowhow bei jungen Menschen abzielt, sagte Lange. Auch insgesamt habe die WFMG die Schlagzahl in der Sparte Fachkr\u00e4ftenachwuchs-Management 2024 deutlich erh\u00f6ht: \u201eDie Berufsinformationsmesse ,Beruf konkret\u2018 findet neuerdings j\u00e4hrlich statt, es wurden zus\u00e4tzliche Businesstag-Formate entwickelt, die Angebotspalette im Bereich zdi konnte erweitert werden.\u201c<\/p>\n\n\n\n<p>Zentrale neue Erkenntnisse f\u00fcr die Weiterentwicklung der Innenst\u00e4dte habe die Studie \u201eVitale Innenst\u00e4dte 2024\u201c geliefert \u2013 und das neben sp\u00fcrbar verbesserten Noten, die Besucherinnen und Besucher f\u00fcr die Citys von Rheydt und Gladbach vergaben. \u201eWir merken auch hier, dass die zahlreichen angesto\u00dfenen oder bereits umgesetzten Ma\u00dfnahmen zu greifen beginnen\u201c, sagte OB Heinrichs abschlie\u00dfend. \u201eDas betrifft so unterschiedliche Dinge wie den Neubau des Busbahnhofs am Europaplatz, die Verlagerung des Wochenmarktes in Gladbach, den bevorstehenden Rathaus-Neubau in Rheydt und den geplanten Umzug der Stadtteilbibliothek Rheydt ins Erdgeschoss des ehemaligen Karstadt-Baus.\u201c<\/p>\n\n\n\n<p>Quelle: <a href=\"http:\/\/www.wfmg.de\">WFMG<\/a><\/p>\n\n\n<figure class=\"wp-block-post-featured-image\"><img loading=\"lazy\" decoding=\"async\" width=\"2560\" height=\"1707\" src=\"https:\/\/standort-niederrhein.de\/wp-content\/uploads\/2025\/06\/PMWFMG-2025-06-24-Jahrespressekonferenz-scaled.jpg\" class=\"attachment-post-thumbnail size-post-thumbnail wp-post-image\" alt=\"\" style=\"object-fit:cover;\" srcset=\"https:\/\/standort-niederrhein.de\/wp-content\/uploads\/2025\/06\/PMWFMG-2025-06-24-Jahrespressekonferenz-scaled.jpg 2560w, https:\/\/standort-niederrhein.de\/wp-content\/uploads\/2025\/06\/PMWFMG-2025-06-24-Jahrespressekonferenz-1280x854.jpg 1280w, https:\/\/standort-niederrhein.de\/wp-content\/uploads\/2025\/06\/PMWFMG-2025-06-24-Jahrespressekonferenz-980x653.jpg 980w, https:\/\/standort-niederrhein.de\/wp-content\/uploads\/2025\/06\/PMWFMG-2025-06-24-Jahrespressekonferenz-480x320.jpg 480w\" sizes=\"(min-width: 0px) and (max-width: 480px) 480px, (min-width: 481px) and (max-width: 980px) 980px, (min-width: 981px) and (max-width: 1280px) 1280px, (min-width: 1281px) 2560px, 100vw\" \/><\/figure>\n\n\n<p>Von links: WFMG-Gesch\u00e4ftsf\u00fchrer Friedhelm Lange, Oberb\u00fcrgermeister Felix Heinrichs, WFMG-Prokuristin G\u00fcne\u015f Somt\u00fcrk und Dr. Ulrich Sch\u00fcckhaus, Vorsitzender der WFMG-Gesch\u00e4ftsf\u00fchrung | Foto: : Felix K\u00fcster f\u00fcr WFMG<\/p>\n","protected":false},"excerpt":{"rendered":"<p>M\u00f6nchengladbach. Ein Zuwachs um 1.228 Arbeitspl\u00e4tze allein im Bereich Maschinenbau, ein Rekordwert bei sozialversicherungspflichtigen Besch\u00e4ftigungsverh\u00e4ltnissen, ein sp\u00fcrbarer Anstieg bei Investitionen in Gewerbe- und Logistikimmobilien und richtungsweisende neue Projekte im Nordpark: Die aktuelle Bilanz f\u00fcr den Wirtschaftsstandort M\u00f6nchengladbach kann sich sehen lassen. Ein entsprechend positives Fazit zogen die Gesch\u00e4ftsf\u00fchrung der WFMG \u2013 Wirtschaftsf\u00f6rderung M\u00f6nchengladbach GmbH und [&hellip;]<\/p>\n","protected":false},"author":3,"featured_media":6185,"comment_status":"closed","ping_status":"closed","sticky":false,"template":"","format":"standard","meta":{"_et_pb_use_builder":"","_et_pb_old_content":"","_et_gb_content_width":"","footnotes":""},"categories":[1],"tags":[],"class_list":["post-6184","post","type-post","status-publish","format-standard","has-post-thumbnail","hentry","category-allgemein"],"_links":{"self":[{"href":"https:\/\/standort-niederrhein.de\/en\/wp-json\/wp\/v2\/posts\/6184","targetHints":{"allow":["GET"]}}],"collection":[{"href":"https:\/\/standort-niederrhein.de\/en\/wp-json\/wp\/v2\/posts"}],"about":[{"href":"https:\/\/standort-niederrhein.de\/en\/wp-json\/wp\/v2\/types\/post"}],"author":[{"embeddable":true,"href":"https:\/\/standort-niederrhein.de\/en\/wp-json\/wp\/v2\/users\/3"}],"replies":[{"embeddable":true,"href":"https:\/\/standort-niederrhein.de\/en\/wp-json\/wp\/v2\/comments?post=6184"}],"version-history":[{"count":1,"href":"https:\/\/standort-niederrhein.de\/en\/wp-json\/wp\/v2\/posts\/6184\/revisions"}],"predecessor-version":[{"id":6186,"href":"https:\/\/standort-niederrhein.de\/en\/wp-json\/wp\/v2\/posts\/6184\/revisions\/6186"}],"wp:featuredmedia":[{"embeddable":true,"href":"https:\/\/standort-niederrhein.de\/en\/wp-json\/wp\/v2\/media\/6185"}],"wp:attachment":[{"href":"https:\/\/standort-niederrhein.de\/en\/wp-json\/wp\/v2\/media?parent=6184"}],"wp:term":[{"taxonomy":"category","embeddable":true,"href":"https:\/\/standort-niederrhein.de\/en\/wp-json\/wp\/v2\/categories?post=6184"},{"taxonomy":"post_tag","embeddable":true,"href":"https:\/\/standort-niederrhein.de\/en\/wp-json\/wp\/v2\/tags?post=6184"}],"curies":[{"name":"wp","href":"https:\/\/api.w.org\/{rel}","templated":true}]}}