{"id":6181,"date":"2025-06-25T06:00:00","date_gmt":"2025-06-25T04:00:00","guid":{"rendered":"https:\/\/invest-in-niederrhein.de\/?p=6181"},"modified":"2025-06-25T09:15:29","modified_gmt":"2025-06-25T07:15:29","slug":"akademische-jahresfeier-2025-der-hochschule-rhein-waal-unter-dem-motto-international-regional","status":"publish","type":"post","link":"https:\/\/standort-niederrhein.de\/en\/2025\/06\/25\/akademische-jahresfeier-2025-der-hochschule-rhein-waal-unter-dem-motto-international-regional\/","title":{"rendered":"Akademische Jahresfeier 2025 der Hochschule Rhein-Waal unter dem Motto \u201aInternational \u2013 regional\u2018"},"content":{"rendered":"\n<p><strong>Kleve\/ Kamp-Lintfort.<\/strong> Ein Gastbeitrag des Journalisten Ralph Sina, kurzweilige Redebeitr\u00e4ge sowie Auszeichnungen f\u00fcr Studierende und Lehrende standen bei der Akademischen Jahresfeier der Hochschule Rhein-Waal (HSRW) im Mittelpunkt. Unter dem Motto \u201aInternational \u2013 regional\u2018 legte die diesj\u00e4hrige Jahresfeier den thematischen Fokus auf internationale Beziehungen und die regionale Vernetzung der Hochschule Rhein-Waal. Die Feier fand unter reger Beteiligung im Audimax am Campus Kleve statt.<\/p>\n\n\n\n<p>Gastredner des Abends war mit Ralph Sina ein Journalist und politischer Korrespondent, der fachkundig die Situation an den US-amerikanischen Universit\u00e4ten darstellte. In seinem Vortrag \u201eTrumps Kulturkampf gegen die Freiheit der Wissenschaft und seine Auswirkungen auf Deutschland\u201c ging er auf die aktuelle politische Situation in den USA ein, mit besonderem Fokus auf die Geschehnisse an Hochschulen. Er berichtete, dass er bei seinen Besuchen seitens der amerikanischen Universit\u00e4ten immer wieder geh\u00f6rt habe, wie wichtig der Austausch mit Deutschland sei und dass gerade jetzt Kooperationen zwischen Hochschulen gepflegt werden m\u00fcssen.<\/p>\n\n\n\n<p>Wie wichtig Hochschulen f\u00fcr eine lebendige, widerstandsf\u00e4hige Demokratie sind, betonte auch Prof. Dr. Oliver Locker-Gr\u00fctjen, Pr\u00e4sident der Hochschule Rhein-Waal, in seiner Begr\u00fc\u00dfung: \u201eHochschulen lehren nicht nur Fakten, sondern f\u00f6rdern offene Debatte und kritisches Denken.\u201c Dadurch werden junge Menschen nicht nur auf ihren Beruf vorbereitet, sondern auch auf ihre Rolle als m\u00fcndige B\u00fcrger*innen. An Hochschulen lernen sie, Fragen zu stellen, unterschiedliche Perspektiven einzunehmen und Verantwortung f\u00fcr Gesellschaft und Umwelt zu \u00fcbernehmen.<\/p>\n\n\n\n<p>Die Akademische Jahresfeier bildete zudem den Rahmen f\u00fcr die Auszeichnung von Studierenden und Lehrenden. Vergeben wurde der DAAD-Preis, der Lehrpreis der HSRW sowie der Award des ZONTA Club Niederrhein.<\/p>\n\n\n\n<p><strong>DAAD-Preis<\/strong><br>Den mit 1.000 Euro dotierten DAAD-Preis erhielt in diesem Jahr Que Phuong Vu, Studentin im Studiengang International Taxation and Law der Fakult\u00e4t Gesellschaft und \u00d6konomie. Mit dem DAAD-Preis werden hervorragende Studienleistungen internationaler Studierender, die ihr Studium in Deutschland absolvieren, gew\u00fcrdigt. In ihrer Laudatio wies Prof. Dr. Tatiana Zimenkova, Vizepr\u00e4sidentin f\u00fcr Internationales und Diversit\u00e4t, darauf hin, dass die Preistr\u00e4gerin nicht nur akademisch brilliert, sondern sich dar\u00fcber hinaus innerhalb und au\u00dferhalb der Hochschule vielf\u00e4ltig engagiert. Sie zeige in den unterschiedlichsten Bereichen Verantwortung und Pr\u00e4senz, wie man sie nur selten erlebe. So \u00fcberzeuge Frau Vu neben ihrer T\u00e4tigkeit als Tutorin f\u00fcr Buchf\u00fchrung und als studentische Hilfskraft in der Steuerforschung auch durch ihr au\u00dfergew\u00f6hnliches Engagement in interdisziplin\u00e4ren Projekten, etwa im Rahmen einer internationalen Kooperation mit einer Partnerhochschule. Als Vorsitzende des Fachschaftsrates, Studiengangssprecherin und aktives Mitglied in der Qualit\u00e4tsverbesserungskommission gestalte sie das studentische Leben ma\u00dfgeblich mit, organisiere Veranstaltungen und unterst\u00fctze Erstsemester. Besonders bemerkenswert sei ihre gelungene Integration als internationale Studierende in das soziale und kulturelle Leben der Hochschule und der Stadt Kleve. Ihre akademische Leistung, ihr vielf\u00e4ltiges Engagement und ihre Vorbildfunktion machen sie zu einer idealen Kandidatin f\u00fcr den DAAD-Preis.<\/p>\n\n\n\n<p><strong>Lehrpreis<\/strong><br>Der Lehrpreis 2025 ging an Prof. Dr. Matthias Krauledat, Professor f\u00fcr Informatik an der Fakult\u00e4t Technologie und Bionik. Mit der Vergabe des Lehrpreises zeigt die Hochschule Rhein-Waal den hohen Stellenwert, den die Qualit\u00e4t der Lehre innerhalb der Hochschule einnimmt, und w\u00fcrdigt das Engagement ihrer Lehrenden. Er wird unter einem j\u00e4hrlich wechselnden Leitthema vergeben und ist jeweils mit 10.000 Euro dotiert, die dem Fachbereich zugutekommen. Prof. Dr. J\u00f6rg Petri, Vizepr\u00e4sident f\u00fcr Studium, Lehre und wissenschaftliche Weiterbildung, \u00fcberreichte den Preis, der dieses Jahr \u201eLehre in und mit gro\u00dfen Gruppen\u201c zum Thema hatte. In seiner Laudatio hob er hervor, dass die Jury mit der Auswahl von Prof. Krauledat insbesondere dessen didaktische Kreativit\u00e4t und Vielfalt w\u00fcrdigte. Er arbeite mit flexiblen Kursstrukturen, um unterschiedlichen Motivationen und Vorkenntnissen seiner diversen Studierendengruppe zu begegnen. F\u00fcr seine \u00fcberragende Lehre habe er auch von seinen Studierenden \u00fcberschw\u00e4ngliches Lob erhalten.<\/p>\n\n\n\n<p><strong>Award des ZONTA Club Niederrhein<\/strong><br>Bereits zum 13ten Mal wurde der mit 1.000 Euro dotierte Award des ZONTA Clubs Niederrhein verliehen. Mit diesem Preis werden Studentinnen der Hochschule ausgezeichnet, die sich auf besondere Weise f\u00fcr die Hochschule Rhein-Waal und f\u00fcr ihre Kommilitonen*innen einsetzen und\/oder sich au\u00dferuniversit\u00e4r ehrenamtlich engagieren. Preistr\u00e4gerin in diesem Jahr ist Leidy Johanna Bedoya Giraldo, Masterstudentin im Studiengang Sustainable Development Management. Sie wurde von Prof. Dr. Oliver Serfling nominiert, der in seiner Laudatio heraus-stellt, wie vielf\u00e4ltig Bedoya Giraldo sich engagiert. So habe sie die Rolle der Studierendenvertreterin des Studiengangs \u00fcbernommen und setzt sich dar\u00fcber hinaus als Mitglied sozialer Organisationen f\u00fcr Food-Sharing und generell f\u00fcr nachhaltige Entwicklung ein. Die Preistr\u00e4gerin zeige Engagement und Tatkraft weit \u00fcber das \u00fcbliche Ma\u00df hinaus, erg\u00e4nzte Elisabeth Derksen-H\u00fcbner, Vize-Pr\u00e4sidentin des ZONTA Clubs, die den Award \u00fcberreichte und die Ziele von ZONTA vorstellte. ZONTA f\u00f6rdere die internationale Verst\u00e4ndigung und speziell Kontakte zwischen Frauen verschiedener Nationen. Bedoya Giraldo war \u00fcber eine Video-Verbindung live aus dem peruanischen Amazonasgebiet zugeschaltet, wo sie sich derzeit f\u00fcr Forschungszwecke im Rahmen ihres Masterstudiums aufh\u00e4lt. Sichtlich erfreut akzeptierte sie den Preis.<\/p>\n\n\n\n<p>An der abendlichen Akademischen Jahresfeier nahmen Hochschulangeh\u00f6rige, Freunde und F\u00f6rderer sowie regionale Vertreter*innen aus Wirtschaft, Politik und Gesellschaft teil. Sie bildete den feierlichen Abschluss des Dies Academicus, eines j\u00e4hrlich an der Hochschule begangenen akademischen Feiertages. Moderator des Abends war der Journalist und Freizeit-Kabarettist Ludger Kazmierczak, der unterhaltsam durch den Abend f\u00fchrte.<\/p>\n\n\n\n<p>Tags\u00fcber widmete sich der Dies Academicus hochschulinternen Themen, wobei Fortschritte in der Hochschulentwicklungsplanung ebenso auf der Tagesordnung standen wie Workshops zur Landesgartenschau, zur Alumni-Arbeit oder zur Vermittlung von Sprachkenntnissen f\u00fcr Studierende. Zudem wurden in einer Poster-Session Internationalisierungsprojekte der Hochschule Rhein-Waal vorgestellt und die besten anschlie\u00dfend pr\u00e4miert.<\/p>\n\n\n\n<p>Quelle: <a href=\"http:\/\/www.hochschule-rhein-waal.de\">Hochschule Rhein-Waal<\/a><\/p>\n\n\n<figure class=\"wp-block-post-featured-image\"><img loading=\"lazy\" decoding=\"async\" width=\"1424\" height=\"936\" src=\"https:\/\/standort-niederrhein.de\/wp-content\/uploads\/2025\/06\/20250623_Akademische-Jahresfeier-1_\u00a9_Hans-Juergen-Landes_HSRW.jpg\" class=\"attachment-post-thumbnail size-post-thumbnail wp-post-image\" alt=\"\" style=\"object-fit:cover;\" srcset=\"https:\/\/standort-niederrhein.de\/wp-content\/uploads\/2025\/06\/20250623_Akademische-Jahresfeier-1_\u00a9_Hans-Juergen-Landes_HSRW.jpg 1424w, https:\/\/standort-niederrhein.de\/wp-content\/uploads\/2025\/06\/20250623_Akademische-Jahresfeier-1_\u00a9_Hans-Juergen-Landes_HSRW-300x197.jpg 300w, https:\/\/standort-niederrhein.de\/wp-content\/uploads\/2025\/06\/20250623_Akademische-Jahresfeier-1_\u00a9_Hans-Juergen-Landes_HSRW-1024x673.jpg 1024w, https:\/\/standort-niederrhein.de\/wp-content\/uploads\/2025\/06\/20250623_Akademische-Jahresfeier-1_\u00a9_Hans-Juergen-Landes_HSRW-768x505.jpg 768w, https:\/\/standort-niederrhein.de\/wp-content\/uploads\/2025\/06\/20250623_Akademische-Jahresfeier-1_\u00a9_Hans-Juergen-Landes_HSRW-1080x710.jpg 1080w, https:\/\/standort-niederrhein.de\/wp-content\/uploads\/2025\/06\/20250623_Akademische-Jahresfeier-1_\u00a9_Hans-Juergen-Landes_HSRW-1280x841.jpg 1280w, https:\/\/standort-niederrhein.de\/wp-content\/uploads\/2025\/06\/20250623_Akademische-Jahresfeier-1_\u00a9_Hans-Juergen-Landes_HSRW-980x644.jpg 980w, https:\/\/standort-niederrhein.de\/wp-content\/uploads\/2025\/06\/20250623_Akademische-Jahresfeier-1_\u00a9_Hans-Juergen-Landes_HSRW-480x316.jpg 480w\" sizes=\"(max-width: 1424px) 100vw, 1424px\" \/><\/figure>\n\n\n<p>Gastredner Ralph Sina, Journalist und politischer Korrespondent, bei der Akademischen Jahresfeier im Audimax an der HSRW <br>| Foto: Hans J\u00fcrgen Landes\/ HSRW<br><\/p>\n","protected":false},"excerpt":{"rendered":"<p>Kleve\/ Kamp-Lintfort. Ein Gastbeitrag des Journalisten Ralph Sina, kurzweilige Redebeitr\u00e4ge sowie Auszeichnungen f\u00fcr Studierende und Lehrende standen bei der Akademischen Jahresfeier der Hochschule Rhein-Waal (HSRW) im Mittelpunkt. Unter dem Motto \u201aInternational \u2013 regional\u2018 legte die diesj\u00e4hrige Jahresfeier den thematischen Fokus auf internationale Beziehungen und die regionale Vernetzung der Hochschule Rhein-Waal. Die Feier fand unter reger [&hellip;]<\/p>\n","protected":false},"author":3,"featured_media":6182,"comment_status":"closed","ping_status":"closed","sticky":false,"template":"","format":"standard","meta":{"_et_pb_use_builder":"","_et_pb_old_content":"","_et_gb_content_width":"","footnotes":""},"categories":[1],"tags":[],"class_list":["post-6181","post","type-post","status-publish","format-standard","has-post-thumbnail","hentry","category-allgemein"],"_links":{"self":[{"href":"https:\/\/standort-niederrhein.de\/en\/wp-json\/wp\/v2\/posts\/6181","targetHints":{"allow":["GET"]}}],"collection":[{"href":"https:\/\/standort-niederrhein.de\/en\/wp-json\/wp\/v2\/posts"}],"about":[{"href":"https:\/\/standort-niederrhein.de\/en\/wp-json\/wp\/v2\/types\/post"}],"author":[{"embeddable":true,"href":"https:\/\/standort-niederrhein.de\/en\/wp-json\/wp\/v2\/users\/3"}],"replies":[{"embeddable":true,"href":"https:\/\/standort-niederrhein.de\/en\/wp-json\/wp\/v2\/comments?post=6181"}],"version-history":[{"count":1,"href":"https:\/\/standort-niederrhein.de\/en\/wp-json\/wp\/v2\/posts\/6181\/revisions"}],"predecessor-version":[{"id":6183,"href":"https:\/\/standort-niederrhein.de\/en\/wp-json\/wp\/v2\/posts\/6181\/revisions\/6183"}],"wp:featuredmedia":[{"embeddable":true,"href":"https:\/\/standort-niederrhein.de\/en\/wp-json\/wp\/v2\/media\/6182"}],"wp:attachment":[{"href":"https:\/\/standort-niederrhein.de\/en\/wp-json\/wp\/v2\/media?parent=6181"}],"wp:term":[{"taxonomy":"category","embeddable":true,"href":"https:\/\/standort-niederrhein.de\/en\/wp-json\/wp\/v2\/categories?post=6181"},{"taxonomy":"post_tag","embeddable":true,"href":"https:\/\/standort-niederrhein.de\/en\/wp-json\/wp\/v2\/tags?post=6181"}],"curies":[{"name":"wp","href":"https:\/\/api.w.org\/{rel}","templated":true}]}}