{"id":6176,"date":"2025-06-23T06:00:00","date_gmt":"2025-06-23T04:00:00","guid":{"rendered":"https:\/\/invest-in-niederrhein.de\/?p=6176"},"modified":"2025-06-23T09:42:23","modified_gmt":"2025-06-23T07:42:23","slug":"stadtmarketing-geht-mit-krefelder-gefuehl-auf-heimatreisen","status":"publish","type":"post","link":"https:\/\/standort-niederrhein.de\/en\/2025\/06\/23\/stadtmarketing-geht-mit-krefelder-gefuehl-auf-heimatreisen\/","title":{"rendered":"Stadtmarketing geht mit Krefelder Gef\u00fchl auf \u201eHeimatreisen\u201c"},"content":{"rendered":"\n<p><strong>Krefeld.<\/strong> Unter dem Motto \u201eHeimatreisen\u201c l\u00e4dt das Stadtmarketing die B\u00fcrgerinnen und B\u00fcrger ab 2026 ein, die eigene Stadt zu erkunden. Bezirk f\u00fcr Bezirk sollen bis zum Jahr 2030 B\u00fcrgerprojekte gef\u00f6rdert, \u00f6ffentliche R\u00e4ume bespielt und Treffpunkte geschaffen werden. Die neue Strategie des Stadtmarketings, die im Ausschuss f\u00fcr Verwaltung, Ordnung und Sicherheit bereits vorgestellt wurde, schreibt das Konzept \u201eKrefelder Perspektivwechsel\u201c fort, das seit 2015 frische Blickwinkel auf die Seidenstadt erm\u00f6glicht hatte. Viele Formate, die in dieser Zeit entstanden sind, etwa der Weihnachtsmarkt, das \u201eFestiWall\u201c oder die Rhine Side, bleiben auch k\u00fcnftig erhalten und werden weiterentwickelt.<\/p>\n\n\n\n<p>\u201eBeim \u201aPerspektivwechsel\u2018 ging es uns darum, den Blick der Krefelderinnen und Krefelder auf ihre eigene Stadt zu sch\u00e4rfen und zu ver\u00e4ndern\u201c, res\u00fcmiert Oberb\u00fcrgermeister Frank Meyer. \u201eDabei standen das Gemeinschaftsgef\u00fchl und die Lebendigkeit des \u00f6ffentlichen Raums im Mittelpunkt. Krefeld hat sich als Stadt der Gegens\u00e4tze gezeigt, die knatschbunt, vielf\u00e4ltig und lebendig ist.\u201c Nach dem Stadtjubil\u00e4um 2023 habe man dieses Gef\u00fchl noch \u201enachgl\u00fchen\u201c lassen, auch um \u201efrische Luft in den Kopf zu bekommen\u201c. Jetzt sei es an der Zeit, die Konzepte fortzuschreiben, zu vertiefen und noch st\u00e4rker nach au\u00dfen zu tragen.<\/p>\n\n\n\n<p>Der Markenkern \u201eStadt wie Samt und Seide\u201c und die Leitlinie \u201eKreativ \u2013 innovativ \u2013 weltoffen\u201c bleiben dabei erhalten. Neu etabliert wird das \u201eKrieewelsch Jef\u00f6ihl\u201c (Krefelder Gef\u00fchl), das als Pr\u00e4dikatsstempel in Form von Aufklebern oder Bierdeckeln k\u00fcnftig alle Aktivit\u00e4ten begleiten soll. Dabei setzt Claire Neidhardt weiterhin auf die Beteiligung der Krefelderinnen und Krefelder. \u201eMehr als 100 Projekte und Initiativen aus der B\u00fcrgerschaft haben wir seit 2023 gef\u00f6rdert\u201c, erz\u00e4hlt die Leiterin des Stadtmarketings. \u201eWir haben mit Hilfe unterschiedlicher Akteure der Stadtgesellschaft besondere Orte identifiziert, Impulse gesetzt und ein neues Selbstbewusstsein f\u00fcr unsere Stadt entwickelt. Diesen Ansatz m\u00f6chten wir weiterverfolgen und unser Bild von Krefeld auch nach au\u00dfen vermitteln.\u201c<\/p>\n\n\n\n<p>Dazu wird f\u00fcr jedes Jahr ein \u201eReisebezirk\u201c definiert, der besonders im Fokus der Aktivit\u00e4ten stehen soll und wo sich aus dem nachbarschaftlichen Miteinander neue Formate herausbilden sollen. F\u00fcr 2026 ist dies Nord, f\u00fcr 2027 West, f\u00fcr 2028 S\u00fcd, f\u00fcr 2029 Ost und f\u00fcr 2030 die Stadtmitte. F\u00fcr das erste Jahr im Nordbezirk wird das Motto \u201eKosmopolit\u201c vorgegeben. Die Innenstadt soll dar\u00fcber hinaus mit einer Sonderkampagne \u00fcber den gesamten Zeitraum unterst\u00fctzt werden, die im Zuge des St\u00e4rkungspakets 2.0 bereits beschlossen wurde. In der nach au\u00dfen gerichteten Kommunikation soll das Krefelder Stadtgef\u00fchl zusammen mit den klassischen Sehensw\u00fcrdigkeiten Interesse an der Seidenstadt wecken: Dies geschieht vor allem \u00fcber den digitalen Kanal \u201e#silkcityguide\u201c. Die Veranstaltung \u201eKultur findet Stadt\u201c wird 2026 ausgesetzt und soll gemeinsam mit der Kulturszene neu konzipiert werden.<\/p>\n\n\n\n<p>Das Krefelder Gef\u00fchl soll alle bekannten und neu entstehenden Veranstaltungen als Grundstimmung tragen. Claire Neidhardt nennt hier beispielhaft eine Neuauflage der \u201eE\u00e4rpelstour\u201c durch die Gastronomie oder einen \u201eTransistorradio-Abend\u201c in der ehemaligen Kaserne an der Kempener Allee. F\u00fcr Frank Meyer steckt in diesem \u201eJef\u00f6ihl\u201c eine \u201eRenaissance einer Heimatliebe, die sich in Sprache ausdr\u00fcckt\u201c. Wie beim Feierabendmarkt \u201eE\u00e4te, Drenke, Danze\u201c, dem Magazin \u201eVert\u00e4ll\u201c oder der Band Sch\u00e4ng Blasius Fl\u00f6nz Rakete wurde bewusst ein Ausdruck auf Krieewelsch Platt gew\u00e4hlt, um Identifikation zu schaffen.<\/p>\n\n\n\n<p>Dass Krefeld innerhalb weniger Tage bei verschiedenen St\u00e4dterankings erst zur zweitgl\u00fccklichsten Stadt Deutschlands erkl\u00e4rt wurde und dann in puncto Dynamik um mehr als 200 Pl\u00e4tze zulegen konnte, sei ein Beleg, dass sich die Stadt sich positiv entwickelt, meint der Oberb\u00fcrgermeister: \u201eNoch vor wenigen Jahren musste man meistens die Tabelle drehen, um Krefeld oben zu sehen.\u201c Bei den \u201eHeimatreisen\u201c soll es nun spielerisch darum gehen, dem Geheimnis dieses neuen Krefelder Gl\u00fccksgef\u00fchls auf die Spur zu kommen.<\/p>\n\n\n\n<p>Quelle: <a href=\"http:\/\/www.krefeld.de\">Stadt Krefeld<\/a><\/p>\n\n\n<figure class=\"wp-block-post-featured-image\"><img loading=\"lazy\" decoding=\"async\" width=\"1200\" height=\"675\" src=\"https:\/\/standort-niederrhein.de\/wp-content\/uploads\/2025\/06\/stadtmarketing-ausrichtung-2025.jpg\" class=\"attachment-post-thumbnail size-post-thumbnail wp-post-image\" alt=\"\" style=\"object-fit:cover;\" srcset=\"https:\/\/standort-niederrhein.de\/wp-content\/uploads\/2025\/06\/stadtmarketing-ausrichtung-2025.jpg 1200w, https:\/\/standort-niederrhein.de\/wp-content\/uploads\/2025\/06\/stadtmarketing-ausrichtung-2025-980x551.jpg 980w, https:\/\/standort-niederrhein.de\/wp-content\/uploads\/2025\/06\/stadtmarketing-ausrichtung-2025-480x270.jpg 480w\" sizes=\"(min-width: 0px) and (max-width: 480px) 480px, (min-width: 481px) and (max-width: 980px) 980px, (min-width: 981px) 1200px, 100vw\" \/><\/figure>\n\n\n<p>Claire Neidhardt, Leiterin des Stadtmarketings, pr\u00e4sentiert gemeinsam mit Oberb\u00fcrgermeister Frank Meyer das &#8220;Krieewelsch Jef\u00f6ihl&#8221; als Kernthema der neuen Marketing-Strategie. | Foto: Stadt Krefeld, Presse und Kommunikation, D. Jochmann<\/p>\n","protected":false},"excerpt":{"rendered":"<p>Krefeld. Unter dem Motto \u201eHeimatreisen\u201c l\u00e4dt das Stadtmarketing die B\u00fcrgerinnen und B\u00fcrger ab 2026 ein, die eigene Stadt zu erkunden. Bezirk f\u00fcr Bezirk sollen bis zum Jahr 2030 B\u00fcrgerprojekte gef\u00f6rdert, \u00f6ffentliche R\u00e4ume bespielt und Treffpunkte geschaffen werden. Die neue Strategie des Stadtmarketings, die im Ausschuss f\u00fcr Verwaltung, Ordnung und Sicherheit bereits vorgestellt wurde, schreibt das [&hellip;]<\/p>\n","protected":false},"author":3,"featured_media":6177,"comment_status":"closed","ping_status":"closed","sticky":false,"template":"","format":"standard","meta":{"_et_pb_use_builder":"","_et_pb_old_content":"","_et_gb_content_width":"","footnotes":""},"categories":[1],"tags":[],"class_list":["post-6176","post","type-post","status-publish","format-standard","has-post-thumbnail","hentry","category-allgemein"],"_links":{"self":[{"href":"https:\/\/standort-niederrhein.de\/en\/wp-json\/wp\/v2\/posts\/6176","targetHints":{"allow":["GET"]}}],"collection":[{"href":"https:\/\/standort-niederrhein.de\/en\/wp-json\/wp\/v2\/posts"}],"about":[{"href":"https:\/\/standort-niederrhein.de\/en\/wp-json\/wp\/v2\/types\/post"}],"author":[{"embeddable":true,"href":"https:\/\/standort-niederrhein.de\/en\/wp-json\/wp\/v2\/users\/3"}],"replies":[{"embeddable":true,"href":"https:\/\/standort-niederrhein.de\/en\/wp-json\/wp\/v2\/comments?post=6176"}],"version-history":[{"count":1,"href":"https:\/\/standort-niederrhein.de\/en\/wp-json\/wp\/v2\/posts\/6176\/revisions"}],"predecessor-version":[{"id":6178,"href":"https:\/\/standort-niederrhein.de\/en\/wp-json\/wp\/v2\/posts\/6176\/revisions\/6178"}],"wp:featuredmedia":[{"embeddable":true,"href":"https:\/\/standort-niederrhein.de\/en\/wp-json\/wp\/v2\/media\/6177"}],"wp:attachment":[{"href":"https:\/\/standort-niederrhein.de\/en\/wp-json\/wp\/v2\/media?parent=6176"}],"wp:term":[{"taxonomy":"category","embeddable":true,"href":"https:\/\/standort-niederrhein.de\/en\/wp-json\/wp\/v2\/categories?post=6176"},{"taxonomy":"post_tag","embeddable":true,"href":"https:\/\/standort-niederrhein.de\/en\/wp-json\/wp\/v2\/tags?post=6176"}],"curies":[{"name":"wp","href":"https:\/\/api.w.org\/{rel}","templated":true}]}}