{"id":6172,"date":"2025-06-22T06:00:00","date_gmt":"2025-06-22T04:00:00","guid":{"rendered":"https:\/\/invest-in-niederrhein.de\/?p=6172"},"modified":"2025-06-18T14:38:49","modified_gmt":"2025-06-18T12:38:49","slug":"mehr-menschen-wagen-den-schritt-in-die-selbststaendigkeit","status":"publish","type":"post","link":"https:\/\/standort-niederrhein.de\/en\/2025\/06\/22\/mehr-menschen-wagen-den-schritt-in-die-selbststaendigkeit\/","title":{"rendered":"Mehr Menschen wagen den Schritt in die Selbstst\u00e4ndigkeit"},"content":{"rendered":"\n<p><strong>Mittlerer Niederrhein. <\/strong>30 Jahre hat er im Handel in diversen Management-Positionen gearbeitet, aber nun wollte er etwas v\u00f6llig anderes tun, etwas, das ihn begeistert: Andreas Bochem hat sich als Wein- und Food-Blogger selbstst\u00e4ndig gemacht. \u201eIch m\u00f6chte Menschen dazu einladen, bewusst zu genie\u00dfen\u201c, sagt der Krefelder, der \u00fcber seine Website www.andib-liebt.de und Social-Media-Kan\u00e4le besondere Rezeptideen ver\u00f6ffentlicht, die einfach nachgekocht werden k\u00f6nnen. \u201eIch lege Wert auf Nachhaltigkeit der Zutaten: Bio hat Prio, regional und saisonal. Au\u00dferdem gebe ich Tipps, welcher Wein zu welchem Essen passt und warum\u201c, berichtet Bochem. \u201eIch vermittele Weinwissen f\u00fcr Einsteiger und berate Restaurants in puncto Wein. Au\u00dferdem plane ich Themenabende im Rheinland, Schulungen, YouTube-Kurse, Weinberatungen und ein E-Book.\u201c<\/p>\n\n\n\n<p>Einem solchen Impuls sind im vergangenen Jahr in Krefeld wieder deutlich mehr Menschen gefolgt. 1.827 Menschen haben sich 2024 in Krefeld selbstst\u00e4ndig gemacht. Im gleichen Zeitraum haben auch 1.643 Unternehmerinnen oder Unternehmer ihre Firma aufgegeben. Zum Vergleich: Im Jahr 2023 waren es 1.688 Gr\u00fcndungen und 1.502 Aufgaben. Damit verzeichnet Krefeld ein Plus von 8,2 Prozent bei den Gr\u00fcndungen und ein Plus von 9,4 Prozent bei den Aufgaben. Im Saldo hat die Zahl der Unternehmen in Krefeld 2024 um 184 Unternehmen zugenommen. Das sind die wesentlichen Kennziffern des \u201eGr\u00fcndungsreports 2025 \u2013 Zahlen und Einsch\u00e4tzungen zum Gr\u00fcndungsgeschehen 2024 im IHK-Bezirk\u201c, den die Industrie- und Handelskammer (IHK) Mittlerer Niederrhein auf der Datenbasis des Landes NRW erarbeitet hat.<\/p>\n\n\n\n<p>Der positive Trend ist auch im IHK-Bezirk Mittlerer Niederrhein insgesamt festzustellen: Die Unternehmensgr\u00fcndungen lagen 2024 mit 10.018 im Vergleich zu 9.837 Gr\u00fcndungen um 1,8 Prozent \u00fcber dem Vorjahreswert. Die Zahl der Gesch\u00e4ftsaufgaben im IHK-Bezirk nahm dagegen ab: 8.766 Gewerbeabmeldungen im Jahr 2024 stehen 8.919 im vorherigen Jahr gegen\u00fcber (-1,7 Prozent). Im Saldo hat die Zahl der Unternehmen in der Region um 1.252 Firmen zugenommen.&nbsp;<\/p>\n\n\n\n<p>\u201eDie Zahl der Neugr\u00fcndungen ist stabil. Sie sind ein Zeichen f\u00fcr das gro\u00dfe Vertrauen in die eigene unternehmerische Kompetenz und in die wirtschaftlichen Potenziale am Mittleren Niederrhein\u201c, erkl\u00e4rt IHK-Hauptgesch\u00e4ftsf\u00fchrer J\u00fcrgen Steinmetz. \u201eDie Menschen in unserer Region lassen sich nicht entmutigen.\u201c Die Gr\u00fcnderinnen und Gr\u00fcnder seien eine wichtige Bereicherung f\u00fcr die Wirtschaft, so der IHK-Hauptgesch\u00e4ftsf\u00fchrer: \u201eSie treiben Innovationen voran, schaffen Arbeitspl\u00e4tze und sorgen f\u00fcr Wertsch\u00f6pfung.\u201c<\/p>\n\n\n\n<p>Auch f\u00fcr Nordrhein-Westfalen sind die Zahlen stabil. W\u00e4hrend 2023 132.450 Neugr\u00fcndungen im Land verzeichnet werden konnten, waren es 2024 134.614 \u2013 ein Plus von 1,6 Prozent. Allerdings nahm auch die Zahl der Betriebsaufgaben in NRW deutlich zu: 2023 wurden noch 106.406 registriert, im vergangenen Jahr waren es 114.320.<\/p>\n\n\n\n<p>Gr\u00fcnder Andreas Bochem hat den Schritt in die Selbstst\u00e4ndigkeit bisher nicht bereut: \u201eDie Gewerbeanmeldung im Juli 2024 war ein wunderbarer Moment. Ein unglaubliches Gef\u00fchl der Freiheit \u2013 alles, was ich von nun an tue, bestimme ich, und bin nicht mehr fremdgesteuert.\u201c Bochem r\u00e4t anderen Gr\u00fcnderinnen und Gr\u00fcndern, mutig zu sein und den Schritt zu wagen: \u201eEs hat sich so viel entwickelt, mit dem ich anfangs gar nicht gerechnet habe.\u201c Man brauche Geduld, sollte konsequent weitermachen und aufstehen, wenn man hinf\u00e4llt.<\/p>\n\n\n\n<p>Damit Gr\u00fcnderinnen und Gr\u00fcndern die Startphase so leicht wie m\u00f6glich gemacht wird, fordert der IHK-Hauptgesch\u00e4ftsf\u00fchrer mehr Unterst\u00fctzung von der Politik f\u00fcr Jungunternehmer. \u201eWir brauchen Rahmenbedingungen, die unternehmerisches Engagement f\u00f6rdern und nicht ausbremsen\u201c, so Steinmetz. \u201eWir fordern z\u00fcgige, digitale und unb\u00fcrokratische Gr\u00fcndungsprozesse, einen leichteren Zugang zu F\u00f6rdermitteln und steuerliche Vereinfachungen f\u00fcr Gr\u00fcnderinnen und Gr\u00fcnder. Wir brauchen weniger Regularien und mehr Wertsch\u00e4tzung f\u00fcr das Engagement und den Gr\u00fcndergeist von Unternehmerinnen und Unternehmern.\u201c Von ihrem Beitrag profitiere schlie\u00dflich die gesamte Gesellschaft.<\/p>\n\n\n\n<p>Die IHK unterst\u00fctzt angehende Existenzgr\u00fcnderinnen und -gr\u00fcnder. \u201eWir beraten sie bei allen relevanten Fragestellungen und stehen ihnen mit unseren Dienstleistungen zur Seite, damit Fehler vermieden werden und aus einer Idee ein erfolgreiches Gesch\u00e4ftsmodell wird\u201c, sagt Stephanie Efertz, Beraterin Existenzgr\u00fcndung und Unternehmensf\u00f6rderung der IHK. \u201eDer Schritt in die Selbstst\u00e4ndigkeit sollte gut durchdacht sein, dazu kann auch die IHK mit ihrem Service- und Netzwerk-Angebot beitragen.\u201c<\/p>\n\n\n\n<p>Das hat auch Gr\u00fcnder Andreas Bochem erlebt: \u201eDie IHK hat mir im Rahmen des Gr\u00fcndungszuschusses, mit Netzwerkveranstaltungen und als Ansprechpartner bei Fragen rund um die Selbstst\u00e4ndigkeit sehr geholfen. Ich war \u00fcberrascht, wie professionell und zeitnah und mit welch\u2018 breitem Spektrum die IHK bei einer Gr\u00fcndung und im Anschluss helfen kann.\u201c<\/p>\n\n\n\n<p>Angehenden Unternehmerinnen und Unternehmern steht Existenzgr\u00fcndungsberaterin Stephanie Efertz unter Tel. 02161 241-120 und per E-Mail (<a href=\"mailto:stephanie.efertz@mittlerer-niederrhein.ihk.de\">stephanie.efertz@mittlerer-niederrhein.ihk.de<\/a>) zur Verf\u00fcgung.<\/p>\n\n\n\n<p>Der Gr\u00fcndungsreport 2024\/2025 ist als Download-Datei auf der Website der IHK ver\u00f6ffentlicht:\u00a0<a href=\"http:\/\/www.mittlerer-niederrhein.ihk.de\/30756\">www.mittlerer-niederrhein.ihk.de\/30756<\/a><\/p>\n\n\n\n<p>Quelle: <a href=\"https:\/\/mittlerer-niederrhein.ihk.de\/de\/oeffentlichkeitsarbeit\/pressemitteilungen\/2025\/mehr-menschen-wagen-den-schritt-in-die-selbststaendigkeit.html\">IHK Mittlerer Niederrhein<\/a><\/p>\n\n\n<figure class=\"wp-block-post-featured-image\"><img loading=\"lazy\" decoding=\"async\" width=\"987\" height=\"392\" src=\"https:\/\/standort-niederrhein.de\/wp-content\/uploads\/2025\/06\/pm125_gruendungsreport_2025__2024_ihk_krefeld-artikel2.jpg\" class=\"attachment-post-thumbnail size-post-thumbnail wp-post-image\" alt=\"\" style=\"object-fit:cover;\" srcset=\"https:\/\/standort-niederrhein.de\/wp-content\/uploads\/2025\/06\/pm125_gruendungsreport_2025__2024_ihk_krefeld-artikel2.jpg 987w, https:\/\/standort-niederrhein.de\/wp-content\/uploads\/2025\/06\/pm125_gruendungsreport_2025__2024_ihk_krefeld-artikel2-980x389.jpg 980w, https:\/\/standort-niederrhein.de\/wp-content\/uploads\/2025\/06\/pm125_gruendungsreport_2025__2024_ihk_krefeld-artikel2-480x191.jpg 480w\" sizes=\"(min-width: 0px) and (max-width: 480px) 480px, (min-width: 481px) and (max-width: 980px) 980px, (min-width: 981px) 987px, 100vw\" \/><\/figure>\n\n\n<p>Sie stellten den Gr\u00fcndungsreport vor (v.l.): IHK-Existenzgr\u00fcndungsberaterin Stephanie Efertz, Gr\u00fcnder sowie Wein- und Food-Blogger Andreas Bochem und IHK-Hauptgesch\u00e4ftsf\u00fchrer J\u00fcrgen Steinmetz.\u00a0| Foto: IHK Mittlerer Niederrhein \u00a0\u00a0<\/p>\n","protected":false},"excerpt":{"rendered":"<p>Mittlerer Niederrhein. 30 Jahre hat er im Handel in diversen Management-Positionen gearbeitet, aber nun wollte er etwas v\u00f6llig anderes tun, etwas, das ihn begeistert: Andreas Bochem hat sich als Wein- und Food-Blogger selbstst\u00e4ndig gemacht. \u201eIch m\u00f6chte Menschen dazu einladen, bewusst zu genie\u00dfen\u201c, sagt der Krefelder, der \u00fcber seine Website www.andib-liebt.de und Social-Media-Kan\u00e4le besondere Rezeptideen ver\u00f6ffentlicht, [&hellip;]<\/p>\n","protected":false},"author":3,"featured_media":6173,"comment_status":"closed","ping_status":"closed","sticky":false,"template":"","format":"standard","meta":{"_et_pb_use_builder":"","_et_pb_old_content":"","_et_gb_content_width":"","footnotes":""},"categories":[1],"tags":[],"class_list":["post-6172","post","type-post","status-publish","format-standard","has-post-thumbnail","hentry","category-allgemein"],"_links":{"self":[{"href":"https:\/\/standort-niederrhein.de\/en\/wp-json\/wp\/v2\/posts\/6172","targetHints":{"allow":["GET"]}}],"collection":[{"href":"https:\/\/standort-niederrhein.de\/en\/wp-json\/wp\/v2\/posts"}],"about":[{"href":"https:\/\/standort-niederrhein.de\/en\/wp-json\/wp\/v2\/types\/post"}],"author":[{"embeddable":true,"href":"https:\/\/standort-niederrhein.de\/en\/wp-json\/wp\/v2\/users\/3"}],"replies":[{"embeddable":true,"href":"https:\/\/standort-niederrhein.de\/en\/wp-json\/wp\/v2\/comments?post=6172"}],"version-history":[{"count":1,"href":"https:\/\/standort-niederrhein.de\/en\/wp-json\/wp\/v2\/posts\/6172\/revisions"}],"predecessor-version":[{"id":6174,"href":"https:\/\/standort-niederrhein.de\/en\/wp-json\/wp\/v2\/posts\/6172\/revisions\/6174"}],"wp:featuredmedia":[{"embeddable":true,"href":"https:\/\/standort-niederrhein.de\/en\/wp-json\/wp\/v2\/media\/6173"}],"wp:attachment":[{"href":"https:\/\/standort-niederrhein.de\/en\/wp-json\/wp\/v2\/media?parent=6172"}],"wp:term":[{"taxonomy":"category","embeddable":true,"href":"https:\/\/standort-niederrhein.de\/en\/wp-json\/wp\/v2\/categories?post=6172"},{"taxonomy":"post_tag","embeddable":true,"href":"https:\/\/standort-niederrhein.de\/en\/wp-json\/wp\/v2\/tags?post=6172"}],"curies":[{"name":"wp","href":"https:\/\/api.w.org\/{rel}","templated":true}]}}