{"id":6161,"date":"2025-06-18T06:00:00","date_gmt":"2025-06-18T04:00:00","guid":{"rendered":"https:\/\/invest-in-niederrhein.de\/?p=6161"},"modified":"2025-06-16T11:57:43","modified_gmt":"2025-06-16T09:57:43","slug":"wir-sind-im-wandel","status":"publish","type":"post","link":"https:\/\/standort-niederrhein.de\/en\/2025\/06\/18\/wir-sind-im-wandel\/","title":{"rendered":"Wir sind im Wandel"},"content":{"rendered":"\n<p><strong>Rheinisches Revier.<\/strong> Sieben Orte, sieben Pers\u00f6nlichkeiten, sieben Gebietsk\u00f6rperschaften: In unserer neuen Kampagne \u201cWir sind im Wandel&#8221; erz\u00e4hlen engagierte B\u00fcrgerinnen und B\u00fcrger aus dem Rheinischen Revier ihre Geschichten.\u00a0<\/p>\n\n\n\n<p>Sie geben einen Einblick in ihre Arbeit und zeigen, wie sie den Wandel mitgestalten. Sie sprechen dar\u00fcber, was sie antreibt, was ihnen wichtig ist \u2013 und welche Botschaft sie f\u00fcr die Menschen im Rheinischen Revier haben.<\/p>\n\n\n\n<p><strong>Der Strukturwandel ist Teamarbeit<\/strong><br>Einer dieser Menschen ist Annette Nothnagel<strong>, <\/strong>Gesch\u00e4ftsf\u00fchrerin der Landesgartenschau Neuss 2026. Sie gibt uns einen Ausblick auf das k\u00fcnftige Veranstaltungsgel\u00e4nde. Marje Br\u00fctt,Projektmanagerin im AI Village in H\u00fcrth, betont: K\u00fcnstliche Intelligenz gelingt nur im Zusammenspiel \u2013 zwischen denen, die sie entwickeln, und denen, die sie nutzen.<\/p>\n\n\n\n<p>Auch Stefanie Peters, gesch\u00e4ftsf\u00fchrende Gesellschafterin von NEUMAN &amp; ESSER in \u00dcbach-Palenberg, bringt es auf den Punkt: \u201eDer Strukturwandel ist keine One-Man-Show.\u201c Dieser Einsch\u00e4tzung schlie\u00dfen sich auch Strukturwandelmanagerin Sarah Komp und Jochen Kupp, Leiter des Berufsbildungszentrums Euskirchen, an.<\/p>\n\n\n\n<p>F\u00fcr Maike Rabe, Leiterin des Forschungsinstituts f\u00fcr Textil und Bekleidung der Hochschule Niederrhein in M\u00f6nchengladbach, ist klar: \u201eEs gibt nur den Clean Deal oder den Green Deal.\u201c Und Tomasz K\u00f6nigs, Technischer Leiter des Hermann-Josef-Krankenhauses in Erkelenz, sagt ganz pragmatisch: \u201eNicht lang diskutieren \u2013 einfach machen.\u201c<\/p>\n\n\n\n<p><strong>Den Wandel erlebbar machen<\/strong><br>\u201eWir m\u00fcssen die Menschen durch gute Beteiligungskonzepte mitnehmen.\u201c Mit diesem Satz bringt Hermann Heuser, Botschafter des Brainergy-Park J\u00fclich, das Anliegen unserer Kampagne auf den Punkt.<\/p>\n\n\n\n<p>Das Rheinische Revier steht f\u00fcr Ver\u00e4nderung \u2013 und vor allem f\u00fcr Chancen. Hier entstehen neue Perspektiven, neue Arbeitspl\u00e4tze und neue Ideen. Und hinter all dem stehen Menschen, die Verantwortung \u00fcbernehmen und den Wandel mitgestalten.<\/p>\n\n\n\n<p>Deshalb setzen wir diese Pers\u00f6nlichkeiten genau an die Orte, an denen sie ihre Projekte bereits heute realisieren \u2013 oder k\u00fcnftig verwirklichen werden. Orte, die symbolisch f\u00fcr ihre Arbeit und ihr Engagement stehen.<\/p>\n\n\n\n<p><strong>Das Rheinische Revier: Wir sind im Wandel \u2013 die Kampagne<\/strong><br>Vom 15. Juni bis 15. Juli 2025 bringen wir den Wandel ins Bild: auf 51 Gro\u00dffl\u00e4chenplakaten, 555 City-Light-Postern, in regionalen Tageszeitungen, auf LinkedIn und im lokalen H\u00f6rfunk. Halten Sie die Augen offen nach unseren Motiven!<\/p>\n\n\n\n<p>Quelle: <a href=\"https:\/\/www.rheinisches-revier.de\/service\/neuigkeiten\/detail\/wir-sind-im-wandel-und-die-menschen-im-rheinischen-revier-gestalten-ihn-aktiv-mit\">Zukunftsagentur Rheinisches Revier GmbH<\/a><\/p>\n","protected":false},"excerpt":{"rendered":"<p>Rheinisches Revier. Sieben Orte, sieben Pers\u00f6nlichkeiten, sieben Gebietsk\u00f6rperschaften: In unserer neuen Kampagne \u201cWir sind im Wandel&#8221; erz\u00e4hlen engagierte B\u00fcrgerinnen und B\u00fcrger aus dem Rheinischen Revier ihre Geschichten.\u00a0 Sie geben einen Einblick in ihre Arbeit und zeigen, wie sie den Wandel mitgestalten. Sie sprechen dar\u00fcber, was sie antreibt, was ihnen wichtig ist \u2013 und welche Botschaft [&hellip;]<\/p>\n","protected":false},"author":3,"featured_media":0,"comment_status":"closed","ping_status":"closed","sticky":false,"template":"","format":"standard","meta":{"_et_pb_use_builder":"","_et_pb_old_content":"","_et_gb_content_width":"","footnotes":""},"categories":[1],"tags":[],"class_list":["post-6161","post","type-post","status-publish","format-standard","hentry","category-allgemein"],"_links":{"self":[{"href":"https:\/\/standort-niederrhein.de\/en\/wp-json\/wp\/v2\/posts\/6161","targetHints":{"allow":["GET"]}}],"collection":[{"href":"https:\/\/standort-niederrhein.de\/en\/wp-json\/wp\/v2\/posts"}],"about":[{"href":"https:\/\/standort-niederrhein.de\/en\/wp-json\/wp\/v2\/types\/post"}],"author":[{"embeddable":true,"href":"https:\/\/standort-niederrhein.de\/en\/wp-json\/wp\/v2\/users\/3"}],"replies":[{"embeddable":true,"href":"https:\/\/standort-niederrhein.de\/en\/wp-json\/wp\/v2\/comments?post=6161"}],"version-history":[{"count":1,"href":"https:\/\/standort-niederrhein.de\/en\/wp-json\/wp\/v2\/posts\/6161\/revisions"}],"predecessor-version":[{"id":6162,"href":"https:\/\/standort-niederrhein.de\/en\/wp-json\/wp\/v2\/posts\/6161\/revisions\/6162"}],"wp:attachment":[{"href":"https:\/\/standort-niederrhein.de\/en\/wp-json\/wp\/v2\/media?parent=6161"}],"wp:term":[{"taxonomy":"category","embeddable":true,"href":"https:\/\/standort-niederrhein.de\/en\/wp-json\/wp\/v2\/categories?post=6161"},{"taxonomy":"post_tag","embeddable":true,"href":"https:\/\/standort-niederrhein.de\/en\/wp-json\/wp\/v2\/tags?post=6161"}],"curies":[{"name":"wp","href":"https:\/\/api.w.org\/{rel}","templated":true}]}}