{"id":6158,"date":"2025-06-17T06:00:00","date_gmt":"2025-06-17T04:00:00","guid":{"rendered":"https:\/\/invest-in-niederrhein.de\/?p=6158"},"modified":"2025-06-13T13:22:46","modified_gmt":"2025-06-13T11:22:46","slug":"nach-dem-leerzug-ist-vor-dem-rueckbau","status":"publish","type":"post","link":"https:\/\/standort-niederrhein.de\/en\/2025\/06\/17\/nach-dem-leerzug-ist-vor-dem-rueckbau\/","title":{"rendered":"Nach dem Leerzug ist vor dem R\u00fcckbau"},"content":{"rendered":"\n<p><strong>M\u00f6nchengladbach.<\/strong> Noch hat es nicht jeder mitbekommen, dass die Verwaltung die R\u00e4ume rund um das historische Rathaus in Rheydt f\u00fcr den Rathaus-Neubau (Bauteil A) leergezogen hat. Hin und wieder steht hier jemand vor verschlossenen T\u00fcren oder stellt erst beim praktischen Versuch fest, dass man im Briefschlitz neben der historischen Pforte keine Unterlagen mehr einwerfen kann. Doch nach Jahren der Planung inklusive &#8220;Notbremse&#8221; und verkleinertem Re-Start geht es in diesen Tagen und Wochen tats\u00e4chlich Schritt f\u00fcr Schritt los mit dem gr\u00f6\u00dften Bauvorhaben der Stadt M\u00f6nchengladbach. Wie genau das &#8220;Neue Verwaltungsgeb\u00e4ude Rheydt&#8221; (NVR) aussehen wird und in welchen Etappen die Bauphase wann Fahrt aufnimmt, dar\u00fcber hat die Verwaltung am Mittwochabend bei einer Informationsveranstaltung informiert. Eingeleitet und moderiert wurde der Abend von Pfarrer Stephan Dedring. Die evangelische Kirchengemeinde Rheydt stellte mit dem Ernst-Christoffel-Haus auch die R\u00e4umlichkeiten f\u00fcr das Dialogformat. <\/p>\n\n\n\n<p>Als erster Redner ergriff Oberb\u00fcrgermeister Felix Heinrichs das Wort. Neben einem ganz kurzen Abriss \u00fcber die Entwicklung des Projekts in den letzten Jahren ging er auf die Umz\u00fcge der Verwaltungseinheiten ein. Nur Einheiten ohne Publikumsverkehr seien in den Interimsstandort Nordpark gezogen, so Heinrichs. So bleibe die Stadt auch w\u00e4hrend der Bauphase als Ansprechpartner im Rheydter Zentrum pr\u00e4sent. Beispielsweise sind die technischen Fachbereiche nun im ehemaligen Karstadt-Geb\u00e4ude konzentriert und Teams aus dem Bereich Soziales an die Wilhelm-Strau\u00df-Stra\u00dfe gezogen. Die Meldestelle hat ihren neuen und deutlich b\u00fcrgerfreundlicheren Standort nur wenige Meter entfernt in der ehemaligen Filiale der Gladbacher Bank auf der Stresemannstra\u00dfe bezogen. <\/p>\n\n\n\n<p>Die Technische Beigeordnete Claudia Schwan-Schmitz \u00fcbernahm es, das bevorstehende Gro\u00dfprojekt in die st\u00e4dtebauliche Gesamtentwicklung Rheydts einzuordnen. Und Stadtk\u00e4mmerer Michael Heck stellte dar, dass das Bauvorhaben mit seinen Gesamtkosten von insgesamt knapp 120 Millionen Euro trotz angespannter Finanzlage in der Haushaltsplanung der kommenden Jahre ber\u00fccksichtigt und etatisiert ist. Schon jetzt ist klar, dass die Verwaltung in den n\u00e4chsten Jahren weiteren Investitionsbedarf hat, der sich etwa in der Modernisierung des ehemaligen Karstadtgeb\u00e4udes (Bauteil B) niederschlagen k\u00f6nnte. Unabh\u00e4ngig von der Entscheidung dar\u00fcber wird derzeit ein Umzug der Stadtteilbibliothek in die zum Markt hin gelegene Erdgeschoss-Seite durch die st\u00e4dtische Entwicklungsgesellschaft baulich vorbereitet. Ab Fr\u00fchjahr 2026 kommt so wieder Leben an die repr\u00e4sentative Seite des innerst\u00e4dtischen Geb\u00e4udes. <\/p>\n\n\n\n<p>Was genau beim nun konkret anstehenden Bauteil A des Rathaus-Neubaus realisiert werden soll und wie der bevorstehende Bauablauf aussieht, dar\u00fcber gab Alexander Vogel Auskunft, der als Betriebsleiter Neues Verwaltungsgeb\u00e4ude Rheydt (NVR) das Projekt leitet. Das Bauteil A umfasst nahezu den gesamten Geb\u00e4udeblock zwischen Marktplatz und Stresemannstra\u00dfe sowie zwischen Limitenstra\u00dfe und der Gasse Am Neumarkt. Eine Ausnahme bilden die Geb\u00e4ude im Eckbereich Limiten-\/Stresemannstra\u00dfe. Zur Schauseite am Markt hin bleiben das historische Rathaus und die ehemalige k\u00f6niglich-preu\u00dfische Bezirkskommandantur erhalten. Lediglich das dazwischenliegende ehemalige Amtsgericht weicht einem gl\u00e4sernen Neubau, der als zuk\u00fcnftiger Haupteingang in die dahinterliegende B\u00fcrgerhalle f\u00fchren wird. F\u00fcr die bevorstehenden R\u00fcckbauarbeiten sei das ehemalige Amtsgericht aber das letzte Puzzlest\u00fcck, betonte Vogel. Vielmehr beginne die Baustelle mit dem R\u00fcckbau der Geb\u00e4ude an der Ecke Stresemannstra\u00dfe\/Am Neumarkt und arbeite sich dann St\u00fcck f\u00fcr St\u00fcck bis zur Marktseite vor.<\/p>\n\n\n\n<p>Voraussichtlich im August beginnen die ersten R\u00fcckbauarbeiten der Eckgeb\u00e4ude, sodass zum Jahresende die weiteren Geb\u00e4udeteile abgebrochen werden k\u00f6nnen. Im selben Atemzug werden die Gr\u00fcndungsarbeiten und das Fundament f\u00fcr den Neubau hergestellt. Ab 2026 soll dann f\u00fcr mindestens ein Jahr am Rohbau gearbeitet werden. Das gew\u00e4hlte Vorgehen dient auch dazu, die Beeintr\u00e4chtigungen des \u00f6ffentlichen Lebens auf dem Marktplatz so gering wie m\u00f6glich zu halten. Dazu werden auch die Logistikfl\u00e4chen f\u00fcr die Baustelle an den unterschiedlichen Geb\u00e4udeseiten und in Teilen des Karstadtgeb\u00e4udes vorgesehen. Auf der Marktseite m\u00fcssen dann lediglich rund 20 Baucontainer untergebracht werden. Auch der Bereich der Platanen an der Limitenstra\u00dfe dient k\u00fcnftig als Logistikfl\u00e4che, gegebenenfalls auch ein kleiner Teilbereich der Gracht. Sowohl das Markttreiben als auch die Rheydter-Kirmes werden aber trotz des Baustellenbetriebs stattfinden k\u00f6nnen, betonte Vogel. Zudem w\u00fcrden alle R\u00fcckbauarbeiten ersch\u00fctterungsarm ausgef\u00fchrt, um keine Sch\u00e4den an benachbarten Geb\u00e4uden zu verursachen. Dass das auch wirklich so ist, wird durch entsprechende Messungen, nicht zuletzt in der Rheydter Hauptkirche, sichergestellt, erkl\u00e4rte Vogel. <\/p>\n\n\n\n<p>Zum Abschluss der Veranstaltung war dann ausreichend Zeit, um alle Fragen der Teilnehmenden zu beantworten. Das ist das Neue Verwaltungsgeb\u00e4ude Rheydt Auf mehr als 18.000 Quadratmetern Bruttogrundfl\u00e4che entsteht rund um das historische Rheydter Rathaus ein Neues Verwaltungsgeb\u00e4ude Rheydt (Bauteil A) mit mehr als 500 Arbeitspl\u00e4tzen. Dank mobiler Arbeit und flexibler Schreibtischbuchung (Desk Sharing) wird der Rathaus-Neubau Dienstort f\u00fcr knapp 900 Besch\u00e4ftigte. Aber auch f\u00fcr die B\u00fcrgerinnen und B\u00fcrger wird der zuk\u00fcnftige Geb\u00e4udekomplex das neue Gesicht der Stadtverwaltung. Zentrales Element des Neubaus ist die B\u00fcrgerhalle, in der die Menschen aus der Stadt in sogenannten Beratungsboxen mit Besch\u00e4ftigten der Stadtverwaltung zusammenkommen und Dienstleistungen in Anspruch nehmen k\u00f6nnen. Aber auch als Ort des Aufenthalts, f\u00fcr Veranstaltungen oder Gastronomie kann die B\u00fcrgerhalle dienen. In Sachen Nachhaltigkeit wei\u00df der Neubau in Holzhybridbauweise dank Geothermie, Photovoltaik, Dachbegr\u00fcnung und recyclingfreundlicher Materialauswahl ebenfalls zu punkten. Die Fertigstellung ist fr\u00fchestens f\u00fcr 2029 avisiert.<\/p>\n\n\n\n<p>Quelle: <a href=\"http:\/\/www.moenchengladbach.de\">Stadt M\u00f6nchengladbach<\/a><\/p>\n\n\n<figure class=\"wp-block-post-featured-image\"><img loading=\"lazy\" decoding=\"async\" width=\"2560\" height=\"1920\" src=\"https:\/\/standort-niederrhein.de\/wp-content\/uploads\/2025\/06\/300657P-scaled.jpg\" class=\"attachment-post-thumbnail size-post-thumbnail wp-post-image\" alt=\"\" style=\"object-fit:cover;\" srcset=\"https:\/\/standort-niederrhein.de\/wp-content\/uploads\/2025\/06\/300657P-scaled.jpg 2560w, https:\/\/standort-niederrhein.de\/wp-content\/uploads\/2025\/06\/300657P-1280x960.jpg 1280w, https:\/\/standort-niederrhein.de\/wp-content\/uploads\/2025\/06\/300657P-980x735.jpg 980w, https:\/\/standort-niederrhein.de\/wp-content\/uploads\/2025\/06\/300657P-480x360.jpg 480w\" sizes=\"(min-width: 0px) and (max-width: 480px) 480px, (min-width: 481px) and (max-width: 980px) 980px, (min-width: 981px) and (max-width: 1280px) 1280px, (min-width: 1281px) 2560px, 100vw\" \/><\/figure>\n\n\n<p>Informierten \u00fcber das anstehende Gro\u00dfbauvorhaben (v.l.): NVR-Betriebsleiter Alexander Vogel, Stadtk\u00e4mmerer Michael Heck, Oberb\u00fcrgermeister Felix Heinrichs, Pfarrer Stephan Dedring (Moderation) und die Technische Beigeordnete Claudia Schwan-Schmitz. | Foto: Stadt M\u00f6nchengladbach<\/p>\n","protected":false},"excerpt":{"rendered":"<p>M\u00f6nchengladbach. Noch hat es nicht jeder mitbekommen, dass die Verwaltung die R\u00e4ume rund um das historische Rathaus in Rheydt f\u00fcr den Rathaus-Neubau (Bauteil A) leergezogen hat. Hin und wieder steht hier jemand vor verschlossenen T\u00fcren oder stellt erst beim praktischen Versuch fest, dass man im Briefschlitz neben der historischen Pforte keine Unterlagen mehr einwerfen kann. [&hellip;]<\/p>\n","protected":false},"author":3,"featured_media":6159,"comment_status":"closed","ping_status":"closed","sticky":false,"template":"","format":"standard","meta":{"_et_pb_use_builder":"","_et_pb_old_content":"","_et_gb_content_width":"","footnotes":""},"categories":[1],"tags":[],"class_list":["post-6158","post","type-post","status-publish","format-standard","has-post-thumbnail","hentry","category-allgemein"],"_links":{"self":[{"href":"https:\/\/standort-niederrhein.de\/en\/wp-json\/wp\/v2\/posts\/6158","targetHints":{"allow":["GET"]}}],"collection":[{"href":"https:\/\/standort-niederrhein.de\/en\/wp-json\/wp\/v2\/posts"}],"about":[{"href":"https:\/\/standort-niederrhein.de\/en\/wp-json\/wp\/v2\/types\/post"}],"author":[{"embeddable":true,"href":"https:\/\/standort-niederrhein.de\/en\/wp-json\/wp\/v2\/users\/3"}],"replies":[{"embeddable":true,"href":"https:\/\/standort-niederrhein.de\/en\/wp-json\/wp\/v2\/comments?post=6158"}],"version-history":[{"count":1,"href":"https:\/\/standort-niederrhein.de\/en\/wp-json\/wp\/v2\/posts\/6158\/revisions"}],"predecessor-version":[{"id":6160,"href":"https:\/\/standort-niederrhein.de\/en\/wp-json\/wp\/v2\/posts\/6158\/revisions\/6160"}],"wp:featuredmedia":[{"embeddable":true,"href":"https:\/\/standort-niederrhein.de\/en\/wp-json\/wp\/v2\/media\/6159"}],"wp:attachment":[{"href":"https:\/\/standort-niederrhein.de\/en\/wp-json\/wp\/v2\/media?parent=6158"}],"wp:term":[{"taxonomy":"category","embeddable":true,"href":"https:\/\/standort-niederrhein.de\/en\/wp-json\/wp\/v2\/categories?post=6158"},{"taxonomy":"post_tag","embeddable":true,"href":"https:\/\/standort-niederrhein.de\/en\/wp-json\/wp\/v2\/tags?post=6158"}],"curies":[{"name":"wp","href":"https:\/\/api.w.org\/{rel}","templated":true}]}}