{"id":6143,"date":"2025-06-14T06:00:00","date_gmt":"2025-06-14T04:00:00","guid":{"rendered":"https:\/\/invest-in-niederrhein.de\/?p=6143"},"modified":"2025-06-12T10:20:23","modified_gmt":"2025-06-12T08:20:23","slug":"zweiter-platz-beim-kfw-award-leben-2025-fuer-projekt-mint-in-mind","status":"publish","type":"post","link":"https:\/\/standort-niederrhein.de\/en\/2025\/06\/14\/zweiter-platz-beim-kfw-award-leben-2025-fuer-projekt-mint-in-mind\/","title":{"rendered":"Zweiter Platz beim KfW Award Leben 2025 f\u00fcr Projekt \u201eMINT in Mind\u201c"},"content":{"rendered":"\n<p><strong>M\u00f6nchengladbach. <\/strong>Die Initiative &#8220;MINT in Mind&#8221; hat beim KfW Award Leben in der Kategorie Digitale Bildung den zweiten Platz gewonnen. Pr\u00e4miert wurde ein Projekt, das gezielt Kinder und Jugendliche aus strukturell benachteiligten Lebenslagen an digitale MINT-Angebote heranf\u00fchrt und ihnen neue Bildungsperspektiven er\u00f6ffnet. Jetzt erfolgte die feierliche \u00dcbergabe des Preises in Berlin, den Heike Kox (Fachbereich Kinder, Jugend und Familie) und Ikram El Moussaoui (Hochschule Niederrhein) entgegennahmen.<\/p>\n\n\n\n<p>Das Projekt wurde ins Leben gerufen, um auf die besonderen Herausforderungen in St\u00e4dten wie M\u00f6nchengladbach und Krefeld, in denen rund 50 Prozent der jungen Menschen unter 25 Jahren einen Migrationshintergrund haben und bis zu 30 Prozent der Kinder als armutsgef\u00e4hrdet gelten, zu reagieren. Vor dem Hintergrund sinkender MINT-Leistungen und des wachsenden Fachkr\u00e4ftebedarfs im digitalen Bereich, setzt &#8220;MINT in Mind&#8221; gezielt auf niederschwellige, kultursensible und digitale Bildungsangebote.<\/p>\n\n\n\n<p>Ein besonderer Fokus des Projekts liegt auf dem Erwerb digitaler Kompetenzen: Programmierkurse, Robotik-Workshops, IT-Sicherheits-Schulungen sowie eine interaktive Online-Plattform mit Lernmaterialien und MINT-Challenges f\u00f6rdern die digitale Teilhabe junger Menschen. Erg\u00e4nzt wird das Angebot durch virtuelle Mentoring-Programme mit Fachkr\u00e4ften aus der digitalen Wirtschaft.<\/p>\n\n\n\n<p>Dar\u00fcber hinaus wurden neue Zugangswege geschaffen: Eine mehrsprachige Website, MINT-Angebote in Jugendzentren, Moscheevereinen und Fl\u00fcchtlingsunterk\u00fcnften sowie innovative Kampagnen \u2013 etwa ein Ramadankalender \u00fcber Instagram \u2013 machen das Projekt breit wirksam. Die MINT in Mind-Konferenz&nbsp;mit rund 120 Teilnehmenden dokumentierte die bisherigen Erfolge und die \u00dcbertragbarkeit des Konzepts auf andere Kommunen.<\/p>\n\n\n\n<p>&#8220;Die Auszeichnung mit dem KfW Award Leben ist eine gro\u00dfe Anerkennung unserer gemeinsamen Arbeit und ein starkes Signal f\u00fcr mehr Bildungsgerechtigkeit in der digitalen Gesellschaft&#8221;, sagt Heike Kox, Projektverantwortliche im Fachbereich Kinder, Jugend und Familie.<\/p>\n\n\n\n<p>MINT in Mind ist ein regionales Projekt des Fachbereiches Kinder, Jugend und Familie, der Hochschule Niederrhein, ZDI [Zentren f\u00fcr Innovation] Krefeld und M\u00f6nchengladbach sowie der Regionalagetnur Mittlerer Niederrhein. Die Steuerungsgruppe hat in der Projektlaufzeit ein handlungsf\u00e4higes Netzwerk aus MINT Anbietern, Schulen, Jugendfreizeiteinrichtungen, Arbeitgebern und anderen Akteuren der Jugendbildung wie Familienbildungsst\u00e4tten und Familienzentren aber auch Kulturbetrieben geschaffen.<\/p>\n\n\n\n<p>Quelle: <a href=\"http:\/\/www.moenchengladbach.de\">Stadt M\u00f6nchengladbach<\/a><\/p>\n\n\n<figure class=\"wp-block-post-featured-image\"><img loading=\"lazy\" decoding=\"async\" width=\"2400\" height=\"1709\" src=\"https:\/\/standort-niederrhein.de\/wp-content\/uploads\/2025\/06\/300450P.jpg\" class=\"attachment-post-thumbnail size-post-thumbnail wp-post-image\" alt=\"\" style=\"object-fit:cover;\" srcset=\"https:\/\/standort-niederrhein.de\/wp-content\/uploads\/2025\/06\/300450P.jpg 2400w, https:\/\/standort-niederrhein.de\/wp-content\/uploads\/2025\/06\/300450P-1280x911.jpg 1280w, https:\/\/standort-niederrhein.de\/wp-content\/uploads\/2025\/06\/300450P-980x698.jpg 980w, https:\/\/standort-niederrhein.de\/wp-content\/uploads\/2025\/06\/300450P-480x342.jpg 480w\" sizes=\"(min-width: 0px) and (max-width: 480px) 480px, (min-width: 481px) and (max-width: 980px) 980px, (min-width: 981px) and (max-width: 1280px) 1280px, (min-width: 1281px) 2400px, 100vw\" \/><\/figure>\n\n\n<p>Heike Kox (l.) und Ikram El Moussaoui (r.) nahmen den Preis in Berlin entgegen. | Foto: Jonas Wresch<\/p>\n","protected":false},"excerpt":{"rendered":"<p>M\u00f6nchengladbach. Die Initiative &#8220;MINT in Mind&#8221; hat beim KfW Award Leben in der Kategorie Digitale Bildung den zweiten Platz gewonnen. Pr\u00e4miert wurde ein Projekt, das gezielt Kinder und Jugendliche aus strukturell benachteiligten Lebenslagen an digitale MINT-Angebote heranf\u00fchrt und ihnen neue Bildungsperspektiven er\u00f6ffnet. Jetzt erfolgte die feierliche \u00dcbergabe des Preises in Berlin, den Heike Kox (Fachbereich [&hellip;]<\/p>\n","protected":false},"author":3,"featured_media":6145,"comment_status":"closed","ping_status":"closed","sticky":false,"template":"","format":"standard","meta":{"_et_pb_use_builder":"","_et_pb_old_content":"","_et_gb_content_width":"","footnotes":""},"categories":[1],"tags":[],"class_list":["post-6143","post","type-post","status-publish","format-standard","has-post-thumbnail","hentry","category-allgemein"],"_links":{"self":[{"href":"https:\/\/standort-niederrhein.de\/en\/wp-json\/wp\/v2\/posts\/6143","targetHints":{"allow":["GET"]}}],"collection":[{"href":"https:\/\/standort-niederrhein.de\/en\/wp-json\/wp\/v2\/posts"}],"about":[{"href":"https:\/\/standort-niederrhein.de\/en\/wp-json\/wp\/v2\/types\/post"}],"author":[{"embeddable":true,"href":"https:\/\/standort-niederrhein.de\/en\/wp-json\/wp\/v2\/users\/3"}],"replies":[{"embeddable":true,"href":"https:\/\/standort-niederrhein.de\/en\/wp-json\/wp\/v2\/comments?post=6143"}],"version-history":[{"count":2,"href":"https:\/\/standort-niederrhein.de\/en\/wp-json\/wp\/v2\/posts\/6143\/revisions"}],"predecessor-version":[{"id":6150,"href":"https:\/\/standort-niederrhein.de\/en\/wp-json\/wp\/v2\/posts\/6143\/revisions\/6150"}],"wp:featuredmedia":[{"embeddable":true,"href":"https:\/\/standort-niederrhein.de\/en\/wp-json\/wp\/v2\/media\/6145"}],"wp:attachment":[{"href":"https:\/\/standort-niederrhein.de\/en\/wp-json\/wp\/v2\/media?parent=6143"}],"wp:term":[{"taxonomy":"category","embeddable":true,"href":"https:\/\/standort-niederrhein.de\/en\/wp-json\/wp\/v2\/categories?post=6143"},{"taxonomy":"post_tag","embeddable":true,"href":"https:\/\/standort-niederrhein.de\/en\/wp-json\/wp\/v2\/tags?post=6143"}],"curies":[{"name":"wp","href":"https:\/\/api.w.org\/{rel}","templated":true}]}}